{"id":951,"date":"2019-02-12T11:23:14","date_gmt":"2019-02-12T10:23:14","guid":{"rendered":"https:\/\/www.rajapack.pl\/blog-pl\/?p=951"},"modified":"2023-01-17T11:47:14","modified_gmt":"2023-01-17T10:47:14","slug":"opakowania-dla-branzy-wydawniczej-jakie-opakowania-na-ksiazki-i-komiksy-wybrac","status":"publish","type":"post","link":"https:\/\/www.rajapack.pl\/blog-pl\/opakowania-dla-branzy-wydawniczej-jakie-opakowania-na-ksiazki-i-komiksy-wybrac","title":{"rendered":"Opakowania dla bran\u017cy wydawniczej \u2013 jakie opakowania na ksi\u0105\u017cki i komiksy wybra\u0107?"},"content":{"rendered":"\n<p>Drugi rok z rz\u0119du, Grupa RAJA zosta\u0142a g\u0142\u00f3wnym partnerem Mi\u0119dzynarodowego Festiwalu Komiksu, w Angoul\u00eame, we Francji. <\/p>\n\n\n\n<p>To najwi\u0119ksza \u2013 i jedna z najwa\u017cniejszych \u2013 tego typu imprez w Europie. Historia festiwalu si\u0119ga po\u0142owy lat 70. XX wieku. Dlaczego w\u0142a\u015bnie grup\u0119 RAJA wybrano na g\u0142\u00f3wnego partnera? Bo od lat naszymi opakowaniami wspieramy bran\u017c\u0119 wydawnicz\u0105 \u2013 zapewniamy bezpieczny i ekonomiczny transport komiks\u00f3w, ksi\u0105\u017cek czy album\u00f3w. <\/p>\n\n\n\n<p>Czym charakteryzuj\u0105 si\u0119 nasze opakowania dla bran\u017cy wydawniczej? Poznaj ich sekret!<\/p>\n\n\n\n<div id=\"ez-toc-container\" class=\"ez-toc-v2_0_67_1 counter-hierarchy ez-toc-counter ez-toc-grey ez-toc-container-direction\">\n<div class=\"ez-toc-title-container\">\n<p class=\"ez-toc-title \" >Table of Contents<\/p>\n<span class=\"ez-toc-title-toggle\"><a href=\"#\" class=\"ez-toc-pull-right ez-toc-btn ez-toc-btn-xs ez-toc-btn-default ez-toc-toggle\" aria-label=\"Toggle Table of Content\"><span class=\"ez-toc-js-icon-con\"><span class=\"\"><span class=\"eztoc-hide\" style=\"display:none;\">Toggle<\/span><span class=\"ez-toc-icon-toggle-span\"><svg style=\"fill: #999;color:#999\" xmlns=\"http:\/\/www.w3.org\/2000\/svg\" class=\"list-377408\" width=\"20px\" height=\"20px\" viewBox=\"0 0 24 24\" fill=\"none\"><path d=\"M6 6H4v2h2V6zm14 0H8v2h12V6zM4 11h2v2H4v-2zm16 0H8v2h12v-2zM4 16h2v2H4v-2zm16 0H8v2h12v-2z\" fill=\"currentColor\"><\/path><\/svg><svg style=\"fill: #999;color:#999\" class=\"arrow-unsorted-368013\" xmlns=\"http:\/\/www.w3.org\/2000\/svg\" width=\"10px\" height=\"10px\" viewBox=\"0 0 24 24\" version=\"1.2\" baseProfile=\"tiny\"><path d=\"M18.2 9.3l-6.2-6.3-6.2 6.3c-.2.2-.3.4-.3.7s.1.5.3.7c.2.2.4.3.7.3h11c.3 0 .5-.1.7-.3.2-.2.3-.5.3-.7s-.1-.5-.3-.7zM5.8 14.7l6.2 6.3 6.2-6.3c.2-.2.3-.5.3-.7s-.1-.5-.3-.7c-.2-.2-.4-.3-.7-.3h-11c-.3 0-.5.1-.7.3-.2.2-.3.5-.3.7s.1.5.3.7z\"\/><\/svg><\/span><\/span><\/span><\/a><\/span><\/div>\n<nav><ul class='ez-toc-list ez-toc-list-level-1 ' ><li class='ez-toc-page-1 ez-toc-heading-level-2'><a class=\"ez-toc-link ez-toc-heading-1\" href=\"https:\/\/www.rajapack.pl\/blog-pl\/opakowania-dla-branzy-wydawniczej-jakie-opakowania-na-ksiazki-i-komiksy-wybrac\/#Pozornie_zwykly_karton_%E2%80%93_podstawowe_opakowanie_dla_branzy_wydawniczej\" title=\"Pozornie zwyk\u0142y karton \u2013 podstawowe opakowanie dla bran\u017cy wydawniczej\">Pozornie zwyk\u0142y karton \u2013 podstawowe opakowanie dla bran\u017cy wydawniczej<\/a><\/li><li class='ez-toc-page-1 ez-toc-heading-level-2'><a class=\"ez-toc-link ez-toc-heading-2\" href=\"https:\/\/www.rajapack.pl\/blog-pl\/opakowania-dla-branzy-wydawniczej-jakie-opakowania-na-ksiazki-i-komiksy-wybrac\/#Opakowania_dla_branzy_wydawniczej_%E2%80%93_aby_ksiazka_czy_komiks_zawsze_prezentowaly_sie_idealnie\" title=\"Opakowania dla bran\u017cy wydawniczej \u2013 aby ksi\u0105\u017cka czy komiks zawsze prezentowa\u0142y si\u0119 idealnie!\">Opakowania dla bran\u017cy wydawniczej \u2013 aby ksi\u0105\u017cka czy komiks zawsze prezentowa\u0142y si\u0119 idealnie!<\/a><\/li><li class='ez-toc-page-1 ez-toc-heading-level-2'><a class=\"ez-toc-link ez-toc-heading-3\" href=\"https:\/\/www.rajapack.pl\/blog-pl\/opakowania-dla-branzy-wydawniczej-jakie-opakowania-na-ksiazki-i-komiksy-wybrac\/#Szeroki_wybor_opakowan_dla_branzy_wydawniczej\" title=\"Szeroki wyb\u00f3r opakowa\u0144 dla bran\u017cy wydawniczej\">Szeroki wyb\u00f3r opakowa\u0144 dla bran\u017cy wydawniczej<\/a><\/li><\/ul><\/nav><\/div>\n<h2 class=\"wp-block-heading\"><span class=\"ez-toc-section\" id=\"Pozornie_zwykly_karton_%E2%80%93_podstawowe_opakowanie_dla_branzy_wydawniczej\"><\/span><strong>Pozornie zwyk\u0142y karton \u2013 podstawowe opakowanie dla bran\u017cy wydawniczej<\/strong><span class=\"ez-toc-section-end\"><\/span><\/h2>\n\n\n\n<p>Od zawsze stawiamy, przede wszystkim, na funkcjonalno\u015b\u0107 opakowa\u0144 i ich praktyczne zastosowanie oraz ekologi\u0119. Podstawowym opakowaniem dla bran\u017cy wydawniczej jest <a href=\"https:\/\/www.rajapack.pl\/kartony-pudelka-opakowania-kartonowe\/kartony-pocztowe-opakowania-wysylkowe\/opakowania-na-ksiazki_C114030.htmlhttps:\/\/www.rajapack.pl\/kartony-pudelka-opakowania-kartonowe\/kartony-pocztowe-opakowania-wysylkowe_C1140.html\">karton<\/a>.<\/p>\n\n\n\n<ul class=\"wp-block-gallery columns-3 is-cropped wp-block-gallery-1 is-layout-flex wp-block-gallery-is-layout-flex\"><li class=\"blocks-gallery-item\"><figure><img loading=\"lazy\" decoding=\"async\" width=\"300\" height=\"300\" src=\"https:\/\/www.rajapack.pl\/blog-pl\/wp-content\/uploads\/2019\/02\/kartony-pocztowe-biale-format-a3-rajapost_OFF_PL_1035.jpg\" alt=\"\" data-id=\"973\" data-link=\"https:\/\/www.rajapack.pl\/blog-pl\/opakowania-dla-branzy-wydawniczej-jakie-opakowania-na-ksiazki-i-komiksy-wybrac\/kartony-pocztowe-biale-format-a3-rajapost_off_pl_1035\/\" class=\"wp-image-973\" srcset=\"https:\/\/www.rajapack.pl\/blog-pl\/wp-content\/uploads\/2019\/02\/kartony-pocztowe-biale-format-a3-rajapost_OFF_PL_1035.jpg 300w, https:\/\/www.rajapack.pl\/blog-pl\/wp-content\/uploads\/2019\/02\/kartony-pocztowe-biale-format-a3-rajapost_OFF_PL_1035-150x150.jpg 150w, https:\/\/www.rajapack.pl\/blog-pl\/wp-content\/uploads\/2019\/02\/kartony-pocztowe-biale-format-a3-rajapost_OFF_PL_1035-120x120.jpg 120w, https:\/\/www.rajapack.pl\/blog-pl\/wp-content\/uploads\/2019\/02\/kartony-pocztowe-biale-format-a3-rajapost_OFF_PL_1035-225x225.jpg 225w, https:\/\/www.rajapack.pl\/blog-pl\/wp-content\/uploads\/2019\/02\/kartony-pocztowe-biale-format-a3-rajapost_OFF_PL_1035-90x90.jpg 90w\" sizes=\"(max-width: 300px) 100vw, 300px\" \/><figcaption><a href=\"https:\/\/www.rajapack.pl\/kartony-pudelka-opakowania-kartonowe\/kartony-pocztowe-opakowania-wysylkowe\/kartony-pocztowe\/kartony-pocztowe-biale-rajapost_OFF_PL_296.html\" target=\"_blank\" rel=\"noreferrer noopener\" aria-label=\"Opakowanie pocztowe (opens in a new tab)\">Opakowanie pocztowe<\/a><\/figcaption><\/figure><\/li><li class=\"blocks-gallery-item\"><figure><img loading=\"lazy\" decoding=\"async\" width=\"300\" height=\"300\" src=\"https:\/\/www.rajapack.pl\/blog-pl\/wp-content\/uploads\/2019\/02\/karton-z-regulowana-wysokoscia-format-a3-tektura-3-warstowa_OFF_PL_0857.jpg\" alt=\"\" data-id=\"974\" data-link=\"https:\/\/www.rajapack.pl\/blog-pl\/opakowania-dla-branzy-wydawniczej-jakie-opakowania-na-ksiazki-i-komiksy-wybrac\/karton-z-regulowana-wysokoscia-format-a3-tektura-3-warstowa_off_pl_0857\/\" class=\"wp-image-974\" srcset=\"https:\/\/www.rajapack.pl\/blog-pl\/wp-content\/uploads\/2019\/02\/karton-z-regulowana-wysokoscia-format-a3-tektura-3-warstowa_OFF_PL_0857.jpg 300w, https:\/\/www.rajapack.pl\/blog-pl\/wp-content\/uploads\/2019\/02\/karton-z-regulowana-wysokoscia-format-a3-tektura-3-warstowa_OFF_PL_0857-150x150.jpg 150w, https:\/\/www.rajapack.pl\/blog-pl\/wp-content\/uploads\/2019\/02\/karton-z-regulowana-wysokoscia-format-a3-tektura-3-warstowa_OFF_PL_0857-120x120.jpg 120w, https:\/\/www.rajapack.pl\/blog-pl\/wp-content\/uploads\/2019\/02\/karton-z-regulowana-wysokoscia-format-a3-tektura-3-warstowa_OFF_PL_0857-225x225.jpg 225w, https:\/\/www.rajapack.pl\/blog-pl\/wp-content\/uploads\/2019\/02\/karton-z-regulowana-wysokoscia-format-a3-tektura-3-warstowa_OFF_PL_0857-90x90.jpg 90w\" sizes=\"(max-width: 300px) 100vw, 300px\" \/><figcaption><a href=\"https:\/\/www.rajapack.pl\/kartony-pudelka-opakowania-kartonowe\/kartony-pudelka-kartonowe-dokumenty\/kartony-pudelka-format-a3\/karton-z-regulowana-wysokoscia-format-a3-tektura-3-warstowa_OFF_PL_0857.html\" target=\"_blank\" rel=\"noreferrer noopener\" aria-label=\"Karton z regulowan\u0105 wysoko\u015bci\u0105 (opens in a new tab)\">Karton z regulowan\u0105 wysoko\u015bci\u0105<\/a><\/figcaption><\/figure><\/li><li class=\"blocks-gallery-item\"><figure><img loading=\"lazy\" decoding=\"async\" width=\"300\" height=\"300\" src=\"https:\/\/www.rajapack.pl\/blog-pl\/wp-content\/uploads\/2019\/02\/opakowania-na-ksiazki-biale-multiwell_PDT350580.jpg\" alt=\"\" data-id=\"975\" data-link=\"https:\/\/www.rajapack.pl\/blog-pl\/opakowania-dla-branzy-wydawniczej-jakie-opakowania-na-ksiazki-i-komiksy-wybrac\/opakowania-na-ksiazki-biale-multiwell_pdt350580\/\" class=\"wp-image-975\" srcset=\"https:\/\/www.rajapack.pl\/blog-pl\/wp-content\/uploads\/2019\/02\/opakowania-na-ksiazki-biale-multiwell_PDT350580.jpg 300w, https:\/\/www.rajapack.pl\/blog-pl\/wp-content\/uploads\/2019\/02\/opakowania-na-ksiazki-biale-multiwell_PDT350580-150x150.jpg 150w, https:\/\/www.rajapack.pl\/blog-pl\/wp-content\/uploads\/2019\/02\/opakowania-na-ksiazki-biale-multiwell_PDT350580-120x120.jpg 120w, https:\/\/www.rajapack.pl\/blog-pl\/wp-content\/uploads\/2019\/02\/opakowania-na-ksiazki-biale-multiwell_PDT350580-225x225.jpg 225w, https:\/\/www.rajapack.pl\/blog-pl\/wp-content\/uploads\/2019\/02\/opakowania-na-ksiazki-biale-multiwell_PDT350580-90x90.jpg 90w\" sizes=\"(max-width: 300px) 100vw, 300px\" \/><figcaption><a href=\"https:\/\/www.rajapack.pl\/kartony-pudelka-opakowania-kartonowe\/kartony-pocztowe-opakowania-wysylkowe\/opakowania-ksiazki\/opakowania-ksiazki-biale-multiwell_PDT350580.html\" target=\"_blank\" rel=\"noreferrer noopener\" aria-label=\"Opakowanie na ksi\u0105\u017cki Multiwell (opens in a new tab)\">Opakowanie na ksi\u0105\u017cki Multiwell<\/a><\/figcaption><\/figure><\/li><\/ul>\n\n\n\n<p>Nasze opakowanie cechuje si\u0119 nie tylko wyj\u0105tkow\u0105 wytrzyma\u0142o\u015bci\u0105 a tak\u017ce odporno\u015bci\u0105 na podwy\u017cszon\u0105 wilgotno\u015b\u0107. W bran\u017cy wydawniczej jest to kluczowa kwestia. <\/p>\n\n\n\n<p>Karton jest r\u00f3wnie\u017c tworzywem uniwersalnym i wytrzyma\u0142ym. To o tyle istotne, \u017ce bran\u017ca wydawnicza potrzebuje opakowa\u0144, kt\u00f3re nie rozerw\u0105 si\u0119 pod wp\u0142ywem znacznego ci\u0119\u017caru ksi\u0105\u017cek lub komiks\u00f3w.<\/p>\n\n\n\n<h2 class=\"wp-block-heading\"><span class=\"ez-toc-section\" id=\"Opakowania_dla_branzy_wydawniczej_%E2%80%93_aby_ksiazka_czy_komiks_zawsze_prezentowaly_sie_idealnie\"><\/span><strong>Opakowania dla bran\u017cy wydawniczej \u2013 aby ksi\u0105\u017cka czy komiks zawsze prezentowa\u0142y si\u0119 idealnie!<\/strong><span class=\"ez-toc-section-end\"><\/span><\/h2>\n\n\n\n<p>W ofercie RAJAPACK mamy r\u00f3wnie\u017c opakowania o specjalnej konstrukcji, w kt\u00f3rych, znajduj\u0105ce si\u0119 wewn\u0105trz ksi\u0105\u017cki lub komiksy, s\u0105 spakowane na sztywno \u2013 nie maj\u0105 mo\u017cliwo\u015bci przesuni\u0119cia si\u0119 czy poruszenia w trakcie transportu. <\/p>\n\n\n\n<p>Dzi\u0119ki temu, rogi nie s\u0105 poobijane lub zadarte, a na ok\u0142adkach nie pojawiaj\u0105 si\u0119 nieestetyczne i nieakceptowalne \u2013 zw\u0142aszcza dla kolekcjoner\u00f3w \u2013 zagniecenia. <\/p>\n\n\n\n<p>Opakowanie <a href=\"https:\/\/www.rajapack.pl\/kartony-pudelka-opakowania-kartonowe\/kartony-pocztowe-opakowania-wysylkowe\/opakowania-ksiazki\/opakowania-ksiazki-rajabook-standard_PDT00461.html\">RAJABOOK Standard<\/a>, bo o nim mowa, pozwala spakowa\u0107 kilka ksi\u0105\u017cek o takim samym formacie, bo jego wysoko\u015b\u0107 jest regulowana, a wielko\u015b\u0107 kartonu mo\u017cna dopasowa\u0107 do typowych format\u00f3w wydawniczych. <\/p>\n\n\n\n<ul class=\"wp-block-gallery columns-2 is-cropped wp-block-gallery-2 is-layout-flex wp-block-gallery-is-layout-flex\"><li class=\"blocks-gallery-item\"><figure><img loading=\"lazy\" decoding=\"async\" width=\"300\" height=\"300\" src=\"https:\/\/www.rajapack.pl\/blog-pl\/wp-content\/uploads\/2019\/02\/opakowania-na-ksiazki-rajabook-standard_PDT00461-1.jpg\" alt=\"\" data-id=\"962\" data-link=\"https:\/\/www.rajapack.pl\/blog-pl\/?attachment_id=962\" class=\"wp-image-962\" srcset=\"https:\/\/www.rajapack.pl\/blog-pl\/wp-content\/uploads\/2019\/02\/opakowania-na-ksiazki-rajabook-standard_PDT00461-1.jpg 300w, https:\/\/www.rajapack.pl\/blog-pl\/wp-content\/uploads\/2019\/02\/opakowania-na-ksiazki-rajabook-standard_PDT00461-1-150x150.jpg 150w, https:\/\/www.rajapack.pl\/blog-pl\/wp-content\/uploads\/2019\/02\/opakowania-na-ksiazki-rajabook-standard_PDT00461-1-120x120.jpg 120w, https:\/\/www.rajapack.pl\/blog-pl\/wp-content\/uploads\/2019\/02\/opakowania-na-ksiazki-rajabook-standard_PDT00461-1-225x225.jpg 225w, https:\/\/www.rajapack.pl\/blog-pl\/wp-content\/uploads\/2019\/02\/opakowania-na-ksiazki-rajabook-standard_PDT00461-1-90x90.jpg 90w\" sizes=\"(max-width: 300px) 100vw, 300px\" \/><figcaption>Wygodne samoprzylepne zamkni\u0119cie<\/figcaption><\/figure><\/li><li class=\"blocks-gallery-item\"><figure><img loading=\"lazy\" decoding=\"async\" width=\"300\" height=\"300\" src=\"https:\/\/www.rajapack.pl\/blog-pl\/wp-content\/uploads\/2019\/02\/opakowania-na-ksiazki-rajabook-standard_PDT00461.jpg\" alt=\"\" data-id=\"963\" data-link=\"https:\/\/www.rajapack.pl\/blog-pl\/?attachment_id=963\" class=\"wp-image-963\" srcset=\"https:\/\/www.rajapack.pl\/blog-pl\/wp-content\/uploads\/2019\/02\/opakowania-na-ksiazki-rajabook-standard_PDT00461.jpg 300w, https:\/\/www.rajapack.pl\/blog-pl\/wp-content\/uploads\/2019\/02\/opakowania-na-ksiazki-rajabook-standard_PDT00461-150x150.jpg 150w, https:\/\/www.rajapack.pl\/blog-pl\/wp-content\/uploads\/2019\/02\/opakowania-na-ksiazki-rajabook-standard_PDT00461-120x120.jpg 120w, https:\/\/www.rajapack.pl\/blog-pl\/wp-content\/uploads\/2019\/02\/opakowania-na-ksiazki-rajabook-standard_PDT00461-225x225.jpg 225w, https:\/\/www.rajapack.pl\/blog-pl\/wp-content\/uploads\/2019\/02\/opakowania-na-ksiazki-rajabook-standard_PDT00461-90x90.jpg 90w\" sizes=\"(max-width: 300px) 100vw, 300px\" \/><figcaption>Dost\u0119pny w wielu formatach<\/figcaption><\/figure><\/li><\/ul>\n\n\n\n<p>To opakowanie idealne nie tylko dla bran\u017cy wydawniczej, ale r\u00f3wnie\u017c pokrewnych \u2013 ksi\u0119garni wysy\u0142kowych lub antykwariat\u00f3w.<\/p>\n\n\n\n<h2 class=\"wp-block-heading\"><span class=\"ez-toc-section\" id=\"Szeroki_wybor_opakowan_dla_branzy_wydawniczej\"><\/span><strong>Szeroki wyb\u00f3r opakowa\u0144 dla bran\u017cy wydawniczej<\/strong><span class=\"ez-toc-section-end\"><\/span><\/h2>\n\n\n\n<p>Dwa, om\u00f3wione wy\u017cej, opakowania to produkty podstawowe dla bran\u017cy wydawniczej, ale na tym zdecydowanie nie ko\u0144czy si\u0119 asortyment RAJAPACK. Do wyboru s\u0105 r\u00f3wnie\u017c <a href=\"https:\/\/www.rajapack.pl\/koperty-tuby\/koperty-z-folia-babelkowa_C1210.html\">koperty&nbsp;<\/a>i <a href=\"https:\/\/www.rajapack.pl\/folia-babelkowa-wypelniacze\/folia-babelkowa-poduszki_C1410.html\">folie b\u0105belkowe<\/a> a tak\u017ce r\u00f3\u017cnego rodzaju tektury faliste, aby jeszcze lepiej zapakowa\u0107 i zabezpieczy\u0107 pakunek. <\/p>\n\n\n\n<p>Szeroki asortyment, wysoka jako\u015b\u0107 produkt\u00f3w oraz &nbsp;dostosowanie ich do szczeg\u00f3lnych wymaga\u0144 bran\u017cy wydawniczej sprawia, \u017ce opakowania RAJAPACK ciesz\u0105 si\u0119 w\u015br\u00f3d wydawc\u00f3w uznaniem i renom\u0105. <\/p>\n\n\n\n<ul class=\"wp-block-gallery columns-1 is-cropped wp-block-gallery-3 is-layout-flex wp-block-gallery-is-layout-flex\"><li class=\"blocks-gallery-item\"><figure><img loading=\"lazy\" decoding=\"async\" width=\"1024\" height=\"939\" src=\"https:\/\/www.rajapack.pl\/blog-pl\/wp-content\/uploads\/2019\/02\/PES1_P1_PL-1024x939.jpg\" alt=\"\" data-id=\"954\" data-link=\"https:\/\/www.rajapack.pl\/blog-pl\/opakowania-dla-branzy-wydawniczej-jakie-opakowania-na-ksiazki-i-komiksy-wybrac\/pes1_p1_pl\/\" class=\"wp-image-954\" srcset=\"https:\/\/www.rajapack.pl\/blog-pl\/wp-content\/uploads\/2019\/02\/PES1_P1_PL-1024x939.jpg 1024w, https:\/\/www.rajapack.pl\/blog-pl\/wp-content\/uploads\/2019\/02\/PES1_P1_PL-430x394.jpg 430w, https:\/\/www.rajapack.pl\/blog-pl\/wp-content\/uploads\/2019\/02\/PES1_P1_PL-1536x1408.jpg 1536w, https:\/\/www.rajapack.pl\/blog-pl\/wp-content\/uploads\/2019\/02\/PES1_P1_PL-2048x1877.jpg 2048w, https:\/\/www.rajapack.pl\/blog-pl\/wp-content\/uploads\/2019\/02\/PES1_P1_PL-245x225.jpg 245w\" sizes=\"(max-width: 1024px) 100vw, 1024px\" \/><\/figure><\/li><\/ul>\n\n\n\n<p>Najlepszym tego dowodem jest wspomniane ju\u017c partnerstwo Mi\u0119dzynarodowego Festiwalu Komiksu w Angoul\u00eame.<\/p>\n\n\n\n<p>Je\u017celi potrzebujesz pomocy przy wyborze opakowa\u0144, skontaktuj si\u0119 z nami poprzez nr. tel.:&nbsp;<strong>801&nbsp;55 3000*<\/strong>&nbsp;lub e-mail:&nbsp;<a href=\"mailto:poczta@rajapack.pl\">poczta@rajapack.pl<\/a>.<\/p>\n\n\n\n<p>Nasi specjali\u015bci pomog\u0105 wybra\u0107 Ci najlepsze rozwi\u0105zania opakowaniowe, dostosowane do specyfiki firmy.<\/p>\n\n\n\n<p>*<em>Koszt wed\u0142ug taryfy operatora.<\/em><\/p>\n","protected":false},"excerpt":{"rendered":"<p>Drugi rok z rz\u0119du, Grupa RAJA zosta\u0142a g\u0142\u00f3wnym partnerem Mi\u0119dzynarodowego Festiwalu Komiksu, w Angoul\u00eame, we Francji. To najwi\u0119ksza \u2013 i jedna z najwa\u017cniejszych \u2013 tego typu imprez w Europie. Historia [&#8230;]<\/p>\n","protected":false},"author":39,"featured_media":952,"comment_status":"open","ping_status":"open","sticky":false,"template":"","format":"standard","meta":{"_acf_changed":false,"footnotes":""},"categories":[250],"tags":[],"class_list":["post-951","post","type-post","status-publish","format-standard","has-post-thumbnail","hentry","category-jak-dobrac-karton"],"acf":[],"yoast_head":"\n<title>Jakie opakowania na ksi\u0105\u017cki i komiksy wybra\u0107? | Blog RAJA<\/title>\n<meta name=\"description\" content=\"W ofercie RAJAPACK mamy opakowania o specjalnej konstrukcji, w kt\u00f3rych, znajduj\u0105ce si\u0119 wewn\u0105trz ksi\u0105\u017cki lub komiksy, s\u0105 spakowane na sztywno \u2013 nie maj\u0105 mo\u017cliwo\u015bci przesuni\u0119cia si\u0119 czy poruszenia w trakcie transportu. Dzi\u0119ki temu, rogi nie s\u0105 poobijane lub zadarte, a na ok\u0142adkach nie pojawiaj\u0105 si\u0119 nieestetyczne i nieakceptowalne \u2013 zw\u0142aszcza dla kolekcjoner\u00f3w \u2013 zagniecenia.\" \/>\n<meta name=\"robots\" content=\"index, follow, max-snippet:-1, max-image-preview:large, max-video-preview:-1\" \/>\n<link rel=\"canonical\" href=\"https:\/\/www.rajapack.pl\/blog-pl\/opakowania-dla-branzy-wydawniczej-jakie-opakowania-na-ksiazki-i-komiksy-wybrac\" \/>\n<meta property=\"og:locale\" content=\"pl_PL\" \/>\n<meta property=\"og:type\" content=\"article\" \/>\n<meta property=\"og:title\" content=\"Jakie opakowania na ksi\u0105\u017cki i komiksy wybra\u0107? | Blog RAJA\" \/>\n<meta property=\"og:description\" content=\"W ofercie RAJAPACK mamy opakowania o specjalnej konstrukcji, w kt\u00f3rych, znajduj\u0105ce si\u0119 wewn\u0105trz ksi\u0105\u017cki lub komiksy, s\u0105 spakowane na sztywno \u2013 nie maj\u0105 mo\u017cliwo\u015bci przesuni\u0119cia si\u0119 czy poruszenia w trakcie transportu. Dzi\u0119ki temu, rogi nie s\u0105 poobijane lub zadarte, a na ok\u0142adkach nie pojawiaj\u0105 si\u0119 nieestetyczne i nieakceptowalne \u2013 zw\u0142aszcza dla kolekcjoner\u00f3w \u2013 zagniecenia.\" \/>\n<meta property=\"og:url\" content=\"https:\/\/www.rajapack.pl\/blog-pl\/opakowania-dla-branzy-wydawniczej-jakie-opakowania-na-ksiazki-i-komiksy-wybrac\" \/>\n<meta property=\"og:site_name\" content=\"BIZNES DOBRZE OPAKOWANY\" \/>\n<meta property=\"article:published_time\" content=\"2019-02-12T10:23:14+00:00\" \/>\n<meta property=\"article:modified_time\" content=\"2023-01-17T10:47:14+00:00\" \/>\n<meta property=\"og:image\" content=\"https:\/\/www.rajapack.pl\/blog-pl\/wp-content\/uploads\/2019\/02\/opakowania_na_kasiazki-_Rajapack-1024x577.jpg\" \/>\n\t<meta property=\"og:image:width\" content=\"1024\" \/>\n\t<meta property=\"og:image:height\" content=\"577\" \/>\n\t<meta property=\"og:image:type\" content=\"image\/jpeg\" \/>\n<meta name=\"author\" content=\"RAJA\" \/>\n<meta name=\"twitter:card\" content=\"summary_large_image\" \/>\n<meta name=\"twitter:label1\" content=\"Napisane przez\" \/>\n\t<meta name=\"twitter:data1\" content=\"RAJA\" \/>\n\t<meta name=\"twitter:label2\" content=\"Szacowany czas czytania\" \/>\n\t<meta name=\"twitter:data2\" content=\"2 minuty\" \/>\n<script type=\"application\/ld+json\" class=\"yoast-schema-graph\">{\n\t    \"@context\": \"https:\/\/schema.org\",\n\t    \"@graph\": [\n\t        {\n\t            \"@type\": \"WebPage\",\n\t            \"@id\": \"https:\/\/www.rajapack.pl\/blog-pl\/opakowania-dla-branzy-wydawniczej-jakie-opakowania-na-ksiazki-i-komiksy-wybrac\",\n\t            \"url\": \"https:\/\/www.rajapack.pl\/blog-pl\/opakowania-dla-branzy-wydawniczej-jakie-opakowania-na-ksiazki-i-komiksy-wybrac\",\n\t            \"name\": \"Jakie opakowania na ksi\u0105\u017cki i komiksy wybra\u0107? | Blog RAJA\",\n\t            \"isPartOf\": {\n\t                \"@id\": \"https:\/\/www.rajapack.pl\/blog-pl\/#website\"\n\t            },\n\t            \"primaryImageOfPage\": {\n\t                \"@id\": \"https:\/\/www.rajapack.pl\/blog-pl\/opakowania-dla-branzy-wydawniczej-jakie-opakowania-na-ksiazki-i-komiksy-wybrac#primaryimage\"\n\t            },\n\t            \"image\": {\n\t                \"@id\": \"https:\/\/www.rajapack.pl\/blog-pl\/opakowania-dla-branzy-wydawniczej-jakie-opakowania-na-ksiazki-i-komiksy-wybrac#primaryimage\"\n\t            },\n\t            \"thumbnailUrl\": \"https:\/\/www.rajapack.pl\/blog-pl\/wp-content\/uploads\/2019\/02\/opakowania_na_kasiazki-_Rajapack.jpg\",\n\t            \"datePublished\": \"2019-02-12T10:23:14+00:00\",\n\t            \"dateModified\": \"2023-01-17T10:47:14+00:00\",\n\t            \"author\": {\n\t                \"@id\": \"https:\/\/www.rajapack.pl\/blog-pl\/#\/schema\/person\/9bcea0d1de41f7096a6854720473a792\"\n\t            },\n\t            \"description\": \"W ofercie RAJAPACK mamy opakowania o specjalnej konstrukcji, w kt\u00f3rych, znajduj\u0105ce si\u0119 wewn\u0105trz ksi\u0105\u017cki lub komiksy, s\u0105 spakowane na sztywno \u2013 nie maj\u0105 mo\u017cliwo\u015bci przesuni\u0119cia si\u0119 czy poruszenia w trakcie transportu. Dzi\u0119ki temu, rogi nie s\u0105 poobijane lub zadarte, a na ok\u0142adkach nie pojawiaj\u0105 si\u0119 nieestetyczne i nieakceptowalne \u2013 zw\u0142aszcza dla kolekcjoner\u00f3w \u2013 zagniecenia.\",\n\t            \"inLanguage\": \"pl-PL\",\n\t            \"potentialAction\": [\n\t                {\n\t                    \"@type\": \"ReadAction\",\n\t                    \"target\": [\n\t                        \"https:\/\/www.rajapack.pl\/blog-pl\/opakowania-dla-branzy-wydawniczej-jakie-opakowania-na-ksiazki-i-komiksy-wybrac\"\n\t                    ]\n\t                }\n\t            ]\n\t        },\n\t        {\n\t            \"@type\": \"ImageObject\",\n\t            \"inLanguage\": \"pl-PL\",\n\t            \"@id\": \"https:\/\/www.rajapack.pl\/blog-pl\/opakowania-dla-branzy-wydawniczej-jakie-opakowania-na-ksiazki-i-komiksy-wybrac#primaryimage\",\n\t            \"url\": \"https:\/\/www.rajapack.pl\/blog-pl\/wp-content\/uploads\/2019\/02\/opakowania_na_kasiazki-_Rajapack.jpg\",\n\t            \"contentUrl\": \"https:\/\/www.rajapack.pl\/blog-pl\/wp-content\/uploads\/2019\/02\/opakowania_na_kasiazki-_Rajapack.jpg\",\n\t            \"width\": 7120,\n\t            \"height\": 4010\n\t        },\n\t        {\n\t            \"@type\": \"WebSite\",\n\t            \"@id\": \"https:\/\/www.rajapack.pl\/blog-pl\/#website\",\n\t            \"url\": \"https:\/\/www.rajapack.pl\/blog-pl\/\",\n\t            \"name\": \"BIZNES DOBRZE OPAKOWANY\",\n\t            \"description\": \"Porady ekspert\u00f3w do spraw opakowa\u0144\",\n\t            \"potentialAction\": [\n\t                {\n\t                    \"@type\": \"SearchAction\",\n\t                    \"target\": {\n\t                        \"@type\": \"EntryPoint\",\n\t                        \"urlTemplate\": \"https:\/\/www.rajapack.pl\/blog-pl\/?s={search_term_string}\"\n\t                    },\n\t                    \"query-input\": \"required name=search_term_string\"\n\t                }\n\t            ],\n\t            \"inLanguage\": \"pl-PL\"\n\t        },\n\t        {\n\t            \"@type\": \"Person\",\n\t            \"@id\": \"https:\/\/www.rajapack.pl\/blog-pl\/#\/schema\/person\/9bcea0d1de41f7096a6854720473a792\",\n\t            \"name\": \"RAJA\",\n\t            \"image\": {\n\t                \"@type\": \"ImageObject\",\n\t                \"inLanguage\": \"pl-PL\",\n\t                \"@id\": \"https:\/\/www.rajapack.pl\/blog-pl\/#\/schema\/person\/image\/\",\n\t                \"url\": \"https:\/\/secure.gravatar.com\/avatar\/afae8669568c1f323e00733847251eb5?s=96&d=mm&r=g\",\n\t                \"contentUrl\": \"https:\/\/secure.gravatar.com\/avatar\/afae8669568c1f323e00733847251eb5?s=96&d=mm&r=g\",\n\t                \"caption\": \"RAJA\"\n\t            },\n\t            \"url\": \"https:\/\/www.rajapack.pl\/blog-pl\/author\/ajoniuk\"\n\t        }\n\t    ]\n\t}<\/script>\n","yoast_head_json":{"title":"Jakie opakowania na ksi\u0105\u017cki i komiksy wybra\u0107? | Blog RAJA","description":"W ofercie RAJAPACK mamy opakowania o specjalnej konstrukcji, w kt\u00f3rych, znajduj\u0105ce si\u0119 wewn\u0105trz ksi\u0105\u017cki lub komiksy, s\u0105 spakowane na sztywno \u2013 nie maj\u0105 mo\u017cliwo\u015bci przesuni\u0119cia si\u0119 czy poruszenia w trakcie transportu. Dzi\u0119ki temu, rogi nie s\u0105 poobijane lub zadarte, a na ok\u0142adkach nie pojawiaj\u0105 si\u0119 nieestetyczne i nieakceptowalne \u2013 zw\u0142aszcza dla kolekcjoner\u00f3w \u2013 zagniecenia.","robots":{"index":"index","follow":"follow","max-snippet":"max-snippet:-1","max-image-preview":"max-image-preview:large","max-video-preview":"max-video-preview:-1"},"canonical":"https:\/\/www.rajapack.pl\/blog-pl\/opakowania-dla-branzy-wydawniczej-jakie-opakowania-na-ksiazki-i-komiksy-wybrac","og_locale":"pl_PL","og_type":"article","og_title":"Jakie opakowania na ksi\u0105\u017cki i komiksy wybra\u0107? | Blog RAJA","og_description":"W ofercie RAJAPACK mamy opakowania o specjalnej konstrukcji, w kt\u00f3rych, znajduj\u0105ce si\u0119 wewn\u0105trz ksi\u0105\u017cki lub komiksy, s\u0105 spakowane na sztywno \u2013 nie maj\u0105 mo\u017cliwo\u015bci przesuni\u0119cia si\u0119 czy poruszenia w trakcie transportu. Dzi\u0119ki temu, rogi nie s\u0105 poobijane lub zadarte, a na ok\u0142adkach nie pojawiaj\u0105 si\u0119 nieestetyczne i nieakceptowalne \u2013 zw\u0142aszcza dla kolekcjoner\u00f3w \u2013 zagniecenia.","og_url":"https:\/\/www.rajapack.pl\/blog-pl\/opakowania-dla-branzy-wydawniczej-jakie-opakowania-na-ksiazki-i-komiksy-wybrac","og_site_name":"BIZNES DOBRZE OPAKOWANY","article_published_time":"2019-02-12T10:23:14+00:00","article_modified_time":"2023-01-17T10:47:14+00:00","og_image":[{"width":1024,"height":577,"url":"https:\/\/www.rajapack.pl\/blog-pl\/wp-content\/uploads\/2019\/02\/opakowania_na_kasiazki-_Rajapack-1024x577.jpg","type":"image\/jpeg"}],"author":"RAJA","twitter_card":"summary_large_image","twitter_misc":{"Napisane przez":"RAJA","Szacowany czas czytania":"2 minuty"},"schema":{"@context":"https:\/\/schema.org","@graph":[{"@type":"WebPage","@id":"https:\/\/www.rajapack.pl\/blog-pl\/opakowania-dla-branzy-wydawniczej-jakie-opakowania-na-ksiazki-i-komiksy-wybrac","url":"https:\/\/www.rajapack.pl\/blog-pl\/opakowania-dla-branzy-wydawniczej-jakie-opakowania-na-ksiazki-i-komiksy-wybrac","name":"Jakie opakowania na ksi\u0105\u017cki i komiksy wybra\u0107? | Blog RAJA","isPartOf":{"@id":"https:\/\/www.rajapack.pl\/blog-pl\/#website"},"primaryImageOfPage":{"@id":"https:\/\/www.rajapack.pl\/blog-pl\/opakowania-dla-branzy-wydawniczej-jakie-opakowania-na-ksiazki-i-komiksy-wybrac#primaryimage"},"image":{"@id":"https:\/\/www.rajapack.pl\/blog-pl\/opakowania-dla-branzy-wydawniczej-jakie-opakowania-na-ksiazki-i-komiksy-wybrac#primaryimage"},"thumbnailUrl":"https:\/\/www.rajapack.pl\/blog-pl\/wp-content\/uploads\/2019\/02\/opakowania_na_kasiazki-_Rajapack.jpg","datePublished":"2019-02-12T10:23:14+00:00","dateModified":"2023-01-17T10:47:14+00:00","author":{"@id":"https:\/\/www.rajapack.pl\/blog-pl\/#\/schema\/person\/9bcea0d1de41f7096a6854720473a792"},"description":"W ofercie RAJAPACK mamy opakowania o specjalnej konstrukcji, w kt\u00f3rych, znajduj\u0105ce si\u0119 wewn\u0105trz ksi\u0105\u017cki lub komiksy, s\u0105 spakowane na sztywno \u2013 nie maj\u0105 mo\u017cliwo\u015bci przesuni\u0119cia si\u0119 czy poruszenia w trakcie transportu. Dzi\u0119ki temu, rogi nie s\u0105 poobijane lub zadarte, a na ok\u0142adkach nie pojawiaj\u0105 si\u0119 nieestetyczne i nieakceptowalne \u2013 zw\u0142aszcza dla kolekcjoner\u00f3w \u2013 zagniecenia.","inLanguage":"pl-PL","potentialAction":[{"@type":"ReadAction","target":["https:\/\/www.rajapack.pl\/blog-pl\/opakowania-dla-branzy-wydawniczej-jakie-opakowania-na-ksiazki-i-komiksy-wybrac"]}]},{"@type":"ImageObject","inLanguage":"pl-PL","@id":"https:\/\/www.rajapack.pl\/blog-pl\/opakowania-dla-branzy-wydawniczej-jakie-opakowania-na-ksiazki-i-komiksy-wybrac#primaryimage","url":"https:\/\/www.rajapack.pl\/blog-pl\/wp-content\/uploads\/2019\/02\/opakowania_na_kasiazki-_Rajapack.jpg","contentUrl":"https:\/\/www.rajapack.pl\/blog-pl\/wp-content\/uploads\/2019\/02\/opakowania_na_kasiazki-_Rajapack.jpg","width":7120,"height":4010},{"@type":"WebSite","@id":"https:\/\/www.rajapack.pl\/blog-pl\/#website","url":"https:\/\/www.rajapack.pl\/blog-pl\/","name":"BIZNES DOBRZE OPAKOWANY","description":"Porady ekspert\u00f3w do spraw opakowa\u0144","potentialAction":[{"@type":"SearchAction","target":{"@type":"EntryPoint","urlTemplate":"https:\/\/www.rajapack.pl\/blog-pl\/?s={search_term_string}"},"query-input":"required name=search_term_string"}],"inLanguage":"pl-PL"},{"@type":"Person","@id":"https:\/\/www.rajapack.pl\/blog-pl\/#\/schema\/person\/9bcea0d1de41f7096a6854720473a792","name":"RAJA","image":{"@type":"ImageObject","inLanguage":"pl-PL","@id":"https:\/\/www.rajapack.pl\/blog-pl\/#\/schema\/person\/image\/","url":"https:\/\/secure.gravatar.com\/avatar\/afae8669568c1f323e00733847251eb5?s=96&d=mm&r=g","contentUrl":"https:\/\/secure.gravatar.com\/avatar\/afae8669568c1f323e00733847251eb5?s=96&d=mm&r=g","caption":"RAJA"},"url":"https:\/\/www.rajapack.pl\/blog-pl\/author\/ajoniuk"}]}},"_links":{"self":[{"href":"https:\/\/www.rajapack.pl\/blog-pl\/wp-json\/wp\/v2\/posts\/951"}],"collection":[{"href":"https:\/\/www.rajapack.pl\/blog-pl\/wp-json\/wp\/v2\/posts"}],"about":[{"href":"https:\/\/www.rajapack.pl\/blog-pl\/wp-json\/wp\/v2\/types\/post"}],"author":[{"embeddable":true,"href":"https:\/\/www.rajapack.pl\/blog-pl\/wp-json\/wp\/v2\/users\/39"}],"replies":[{"embeddable":true,"href":"https:\/\/www.rajapack.pl\/blog-pl\/wp-json\/wp\/v2\/comments?post=951"}],"version-history":[{"count":0,"href":"https:\/\/www.rajapack.pl\/blog-pl\/wp-json\/wp\/v2\/posts\/951\/revisions"}],"wp:featuredmedia":[{"embeddable":true,"href":"https:\/\/www.rajapack.pl\/blog-pl\/wp-json\/wp\/v2\/media\/952"}],"wp:attachment":[{"href":"https:\/\/www.rajapack.pl\/blog-pl\/wp-json\/wp\/v2\/media?parent=951"}],"wp:term":[{"taxonomy":"category","embeddable":true,"href":"https:\/\/www.rajapack.pl\/blog-pl\/wp-json\/wp\/v2\/categories?post=951"},{"taxonomy":"post_tag","embeddable":true,"href":"https:\/\/www.rajapack.pl\/blog-pl\/wp-json\/wp\/v2\/tags?post=951"}],"curies":[{"name":"wp","href":"https:\/\/api.w.org\/{rel}","templated":true}]}}