{"id":724,"date":"2018-11-14T15:09:30","date_gmt":"2018-11-14T14:09:30","guid":{"rendered":"https:\/\/www.rajapack.pl\/blog-pl\/?p=724"},"modified":"2023-01-17T11:42:48","modified_gmt":"2023-01-17T10:42:48","slug":"zapakowac-swiateczna-przesylke","status":"publish","type":"post","link":"https:\/\/www.rajapack.pl\/blog-pl\/zapakowac-swiateczna-przesylke","title":{"rendered":"Jak zapakowa\u0107 \u015bwi\u0105teczn\u0105 przesy\u0142k\u0119?"},"content":{"rendered":"<p><strong>Przed\u015bwi\u0105teczne tygodnie to gor\u0105cy okres dla pracownik\u00f3w sklep\u00f3w internetowych. W tym czasie, mn\u00f3stwo os\u00f3b zamawia paczki na \u015bwi\u0119ta, chc\u0105c w ten spos\u00f3b zminimalizowa\u0107 czas sp\u0119dzony w sklepowych kolejkach. Prezent\u00f3w nie zamawia si\u0119 jedynie dla najbli\u017cszych i rodziny \u2013 przed \u015awi\u0119tami r\u00f3wnie\u017c pracodawcy szykuj\u0105 podarunki dla pracownik\u00f3w. Jedni i drudzy powinni pomy\u015ble\u0107 o ozdobnych opakowaniach \u015bwi\u0105tecznych, by prezenty \u2013 zam\u00f3wione przez internet czy przygotowane przez pracodawc\u0119 \u2013 by\u0142y opakowane nie tylko bezpiecznie, ale te\u017c efektownie!<\/strong><\/p>\n<div id=\"ez-toc-container\" class=\"ez-toc-v2_0_67_1 counter-hierarchy ez-toc-counter ez-toc-grey ez-toc-container-direction\">\n<div class=\"ez-toc-title-container\">\n<p class=\"ez-toc-title \" >Table of Contents<\/p>\n<span class=\"ez-toc-title-toggle\"><a href=\"#\" class=\"ez-toc-pull-right ez-toc-btn ez-toc-btn-xs ez-toc-btn-default ez-toc-toggle\" aria-label=\"Toggle Table of Content\"><span class=\"ez-toc-js-icon-con\"><span class=\"\"><span class=\"eztoc-hide\" style=\"display:none;\">Toggle<\/span><span class=\"ez-toc-icon-toggle-span\"><svg style=\"fill: #999;color:#999\" xmlns=\"http:\/\/www.w3.org\/2000\/svg\" class=\"list-377408\" width=\"20px\" height=\"20px\" viewBox=\"0 0 24 24\" fill=\"none\"><path d=\"M6 6H4v2h2V6zm14 0H8v2h12V6zM4 11h2v2H4v-2zm16 0H8v2h12v-2zM4 16h2v2H4v-2zm16 0H8v2h12v-2z\" fill=\"currentColor\"><\/path><\/svg><svg style=\"fill: #999;color:#999\" class=\"arrow-unsorted-368013\" xmlns=\"http:\/\/www.w3.org\/2000\/svg\" width=\"10px\" height=\"10px\" viewBox=\"0 0 24 24\" version=\"1.2\" baseProfile=\"tiny\"><path d=\"M18.2 9.3l-6.2-6.3-6.2 6.3c-.2.2-.3.4-.3.7s.1.5.3.7c.2.2.4.3.7.3h11c.3 0 .5-.1.7-.3.2-.2.3-.5.3-.7s-.1-.5-.3-.7zM5.8 14.7l6.2 6.3 6.2-6.3c.2-.2.3-.5.3-.7s-.1-.5-.3-.7c-.2-.2-.4-.3-.7-.3h-11c-.3 0-.5.1-.7.3-.2.2-.3.5-.3.7s.1.5.3.7z\"\/><\/svg><\/span><\/span><\/span><\/a><\/span><\/div>\n<nav><ul class='ez-toc-list ez-toc-list-level-1 ' ><li class='ez-toc-page-1 ez-toc-heading-level-3'><a class=\"ez-toc-link ez-toc-heading-1\" href=\"https:\/\/www.rajapack.pl\/blog-pl\/zapakowac-swiateczna-przesylke\/#Ozdobny_papier_i_kolorowe_pudelka_%E2%80%93_idealne_do_swiatecznych_upominkow\" title=\"Ozdobny papier i kolorowe pude\u0142ka \u2013 idealne do \u015bwi\u0105tecznych upomink\u00f3w\">Ozdobny papier i kolorowe pude\u0142ka \u2013 idealne do \u015bwi\u0105tecznych upomink\u00f3w<\/a><\/li><li class='ez-toc-page-1 ez-toc-heading-level-3'><a class=\"ez-toc-link ez-toc-heading-2\" href=\"https:\/\/www.rajapack.pl\/blog-pl\/zapakowac-swiateczna-przesylke\/#Paczki_na_swieta_%E2%80%93_w_minimalistycznej_oprawie\" title=\"Paczki na \u015bwi\u0119ta \u2013 w minimalistycznej oprawie\">Paczki na \u015bwi\u0119ta \u2013 w minimalistycznej oprawie<\/a><\/li><li class='ez-toc-page-1 ez-toc-heading-level-3'><a class=\"ez-toc-link ez-toc-heading-3\" href=\"https:\/\/www.rajapack.pl\/blog-pl\/zapakowac-swiateczna-przesylke\/#Kolorowe_wypelniacze_%E2%80%93_obowiazkowy_element_opakowan_swiatecznych\" title=\"Kolorowe wype\u0142niacze \u2013 obowi\u0105zkowy element opakowa\u0144 \u015bwi\u0105tecznych \">Kolorowe wype\u0142niacze \u2013 obowi\u0105zkowy element opakowa\u0144 \u015bwi\u0105tecznych <\/a><\/li><\/ul><\/nav><\/div>\n<h3><span class=\"ez-toc-section\" id=\"Ozdobny_papier_i_kolorowe_pudelka_%E2%80%93_idealne_do_swiatecznych_upominkow\"><\/span><strong>Ozdobny papier i kolorowe pude\u0142ka \u2013 idealne do \u015bwi\u0105tecznych upomink\u00f3w<\/strong><span class=\"ez-toc-section-end\"><\/span><\/h3>\n<p>Najprostsze sposoby pakowania prezent\u00f3w, cz\u0119sto okazuj\u0105 si\u0119 najlepsze. Umieszczenie podarunku w kartonowym<img loading=\"lazy\" decoding=\"async\" class=\"alignleft wp-image-734 \" src=\"https:\/\/www.rajapack.pl\/blog-pl\/wp-content\/uploads\/2018\/11\/opakowania-ozdobne-Rajapack.png\" alt=\"\" width=\"279\" height=\"203\" srcset=\"https:\/\/www.rajapack.pl\/blog-pl\/wp-content\/uploads\/2018\/11\/opakowania-ozdobne-Rajapack.png 700w, https:\/\/www.rajapack.pl\/blog-pl\/wp-content\/uploads\/2018\/11\/opakowania-ozdobne-Rajapack-430x313.png 430w, https:\/\/www.rajapack.pl\/blog-pl\/wp-content\/uploads\/2018\/11\/opakowania-ozdobne-Rajapack-309x225.png 309w\" sizes=\"(max-width: 279px) 100vw, 279px\" \/>\u00a0pude\u0142ku i owini\u0119cie <a href=\"https:\/\/www.rajapack.pl\/opakowania-ozdobne\/papier-do-pakowania-prezentow-celofan\/papier-ozdobny_C231711.html\">papierem ozdobnym<\/a> to pomys\u0142 na \u0142adnie opakowan\u0105 paczk\u0119 na \u015bwi\u0119ta. W naszym sklepie mo\u017cna znale\u017a\u0107 papier ozdobny ze \u015bwi\u0105tecznymi motywami dla dzieci, w eleganckie wzory, np. w paski czy geometryczne motywy lub g\u0142adki i kolorowy, w efektownej, b\u0142yszcz\u0105cej wersji. Wyb\u00f3r nale\u017cy uzale\u017cni\u0107 od rodzaju prezentu oraz obdarowywanej osoby. Paczk\u0119 na \u015bwi\u0119ta, zapakowan\u0105 w g\u0142adki papier, mo\u017cna dodatkowo przewi\u0105za\u0107 <a href=\"https:\/\/www.rajapack.pl\/opakowania-ozdobne\/wstazki-tasmy-rafie\/wstazki-ozdobne_C231511.html\">kolorow\u0105 wst\u0105\u017ck\u0105<\/a>, tworz\u0105c na \u015brodku symetryczn\u0105 kokard\u0119.<\/p>\n<h3><span class=\"ez-toc-section\" id=\"Paczki_na_swieta_%E2%80%93_w_minimalistycznej_oprawie\"><\/span><strong>Paczki na \u015bwi\u0119ta \u2013 w minimalistycznej oprawie<\/strong><span class=\"ez-toc-section-end\"><\/span><\/h3>\n<p>Prezenty \u015bwi\u0105teczne nie zawsze musz\u0105 przykuwa\u0107 uwag\u0119 po\u0142yskliwym czy wzorzystym opakowaniem.<img loading=\"lazy\" decoding=\"async\" class=\" wp-image-730 alignright\" src=\"https:\/\/www.rajapack.pl\/blog-pl\/wp-content\/uploads\/2018\/11\/torebki-papierowe-Rajapack.png\" alt=\"\" width=\"291\" height=\"212\" srcset=\"https:\/\/www.rajapack.pl\/blog-pl\/wp-content\/uploads\/2018\/11\/torebki-papierowe-Rajapack.png 700w, https:\/\/www.rajapack.pl\/blog-pl\/wp-content\/uploads\/2018\/11\/torebki-papierowe-Rajapack-430x313.png 430w, https:\/\/www.rajapack.pl\/blog-pl\/wp-content\/uploads\/2018\/11\/torebki-papierowe-Rajapack-309x225.png 309w\" sizes=\"(max-width: 291px) 100vw, 291px\" \/> Zwolennikom minimalistycznej stylistyki by\u0107 mo\u017ce bardziej przypadn\u0105 do gustu upominki zapakowane w klasyczn\u0105, br\u0105zow\u0105, <a href=\"https:\/\/www.rajapack.pl\/opakowania-ozdobne\/torby-worki-papierowe\/torby-papierowe_C231111.html\">papierow\u0105 torebk\u0119<\/a> lub pude\u0142ko w tym samym kolorze. Tego rodzaju opakowania s\u0105 praktyczne i uniwersalne \u2013 mo\u017cna je wykorzysta\u0107 ponownie, pakuj\u0105c prezent na inn\u0105 okazj\u0119, a przy tym ekologiczne \u2013 najcz\u0119\u015bciej wykonuje si\u0119 je z materia\u0142\u00f3w pochodz\u0105cych z recyklingu. Chc\u0105c dodatkowo wyeksponowa\u0107 zawarto\u015b\u0107 pakunku, mo\u017cna si\u0119gn\u0105\u0107 po <a href=\"https:\/\/www.rajapack.pl\/opakowania-ozdobne\/torby-worki-papierowe\/torby-papierowe\/torba-papierowa-kraft-z-okienkiem_PDT31576.html\">br\u0105zow\u0105 torebk\u0119 z przezroczystym oknem<\/a>. Dzi\u0119ki takiemu zabiegowi mo\u017cna szybko podejrze\u0107 zawarto\u015b\u0107 torebki, a ca\u0142o\u015b\u0107 zyskuje elegancki wygl\u0105d.<\/p>\n<h3><span class=\"ez-toc-section\" id=\"Kolorowe_wypelniacze_%E2%80%93_obowiazkowy_element_opakowan_swiatecznych\"><\/span><strong>Kolorowe wype\u0142niacze \u2013 obowi\u0105zkowy element opakowa\u0144 \u015bwi\u0105tecznych<img loading=\"lazy\" decoding=\"async\" class=\"wp-image-729 alignleft\" src=\"https:\/\/www.rajapack.pl\/blog-pl\/wp-content\/uploads\/2018\/11\/pude\u0142ka-na-magnes-Rajapack.png\" alt=\"\" width=\"274\" height=\"200\" srcset=\"https:\/\/www.rajapack.pl\/blog-pl\/wp-content\/uploads\/2018\/11\/pude\u0142ka-na-magnes-Rajapack.png 700w, https:\/\/www.rajapack.pl\/blog-pl\/wp-content\/uploads\/2018\/11\/pude\u0142ka-na-magnes-Rajapack-430x313.png 430w, https:\/\/www.rajapack.pl\/blog-pl\/wp-content\/uploads\/2018\/11\/pude\u0142ka-na-magnes-Rajapack-309x225.png 309w\" sizes=\"(max-width: 274px) 100vw, 274px\" \/> <\/strong><span class=\"ez-toc-section-end\"><\/span><\/h3>\n<p>Paczki na \u015bwi\u0119ta dla pracownik\u00f3w cz\u0119sto zawieraj\u0105 produkty spo\u017cywcze w szklanych opakowaniach. \u017beby je\u00a0uchroni\u0107 przed zniszczeniem i uszkodzeniem, warto zapakowa\u0107 je w <a href=\"https:\/\/www.rajapack.pl\/opakowania-ozdobne\/woreczki-torebki-pudelka-na-prezenty\/pudelka-na-prezenty_C231314.html\">pude\u0142ko<\/a> lub kosz prezentowy, a nast\u0119pnie uzupe\u0142ni\u0107 wn\u0119trze kolorowym wype\u0142niaczem. Dzi\u0119ki temu produkty b\u0119d\u0105 bezpieczne, a przy tym zostan\u0105\u00a0przekazane w r\u0119ce obdarowywanego w stylowym opakowaniu. Kosze prezentowe mo\u017cna dodatkowo owin\u0105\u0107 przezroczyst\u0105 foli\u0105 i przewi\u0105za\u0107 kolorow\u0105 wst\u0105\u017ck\u0105. Podobnie jest w przypadku alkoholi \u2013 najlepiej zapakowa\u0107 je w solidny karton z grubego tworzywa i uzupe\u0142ni\u0107 <a href=\"https:\/\/www.rajapack.pl\/opakowania-ozdobne\/bibula-wypelniacze-ozdobne_C2316.html\">wype\u0142niaczem<\/a>.<\/p>\n<p style=\"text-align: left;\">\u0179r\u00f3d\u0142o zdj\u0119cia wyr\u00f3\u017cniaj\u0105cego: unsplash.com\/pixabay.com<\/p>\n","protected":false},"excerpt":{"rendered":"<p>Przed\u015bwi\u0105teczne tygodnie to gor\u0105cy okres dla pracownik\u00f3w sklep\u00f3w internetowych. W tym czasie, mn\u00f3stwo os\u00f3b zamawia paczki na \u015bwi\u0119ta, chc\u0105c w ten spos\u00f3b zminimalizowa\u0107 czas sp\u0119dzony w sklepowych kolejkach. Prezent\u00f3w nie [&#8230;]<\/p>\n","protected":false},"author":39,"featured_media":726,"comment_status":"open","ping_status":"open","sticky":false,"template":"","format":"standard","meta":{"_acf_changed":false,"footnotes":""},"categories":[251],"tags":[],"class_list":["post-724","post","type-post","status-publish","format-standard","has-post-thumbnail","hentry","category-wysylanie-roznych-przedmiotow"],"acf":[],"yoast_head":"\n<title>Jak zapakowa\u0107 \u015bwi\u0105teczn\u0105 przesy\u0142k\u0119? | Blog RAJA<\/title>\n<meta name=\"description\" content=\"Prezent\u00f3w nie zamawia si\u0119 jedynie dla najbli\u017cszych i rodziny \u2013 przed \u015awi\u0119tami r\u00f3wnie\u017c pracodawcy szykuj\u0105 podarunki dla pracownik\u00f3w. Jedni i drudzy powinni pomy\u015ble\u0107 o ozdobnych opakowaniach \u015bwi\u0105tecznych, by prezenty \u2013 zam\u00f3wione przez internet czy przygotowane przez pracodawc\u0119 \u2013 by\u0142y opakowane nie tylko bezpiecznie, ale te\u017c efektownie!\" \/>\n<meta name=\"robots\" content=\"index, follow, max-snippet:-1, max-image-preview:large, max-video-preview:-1\" \/>\n<link rel=\"canonical\" href=\"https:\/\/www.rajapack.pl\/blog-pl\/zapakowac-swiateczna-przesylke\" \/>\n<meta property=\"og:locale\" content=\"pl_PL\" \/>\n<meta property=\"og:type\" content=\"article\" \/>\n<meta property=\"og:title\" content=\"Jak zapakowa\u0107 \u015bwi\u0105teczn\u0105 przesy\u0142k\u0119? | Blog RAJA\" \/>\n<meta property=\"og:description\" content=\"Prezent\u00f3w nie zamawia si\u0119 jedynie dla najbli\u017cszych i rodziny \u2013 przed \u015awi\u0119tami r\u00f3wnie\u017c pracodawcy szykuj\u0105 podarunki dla pracownik\u00f3w. Jedni i drudzy powinni pomy\u015ble\u0107 o ozdobnych opakowaniach \u015bwi\u0105tecznych, by prezenty \u2013 zam\u00f3wione przez internet czy przygotowane przez pracodawc\u0119 \u2013 by\u0142y opakowane nie tylko bezpiecznie, ale te\u017c efektownie!\" \/>\n<meta property=\"og:url\" content=\"https:\/\/www.rajapack.pl\/blog-pl\/zapakowac-swiateczna-przesylke\" \/>\n<meta property=\"og:site_name\" content=\"BIZNES DOBRZE OPAKOWANY\" \/>\n<meta property=\"article:published_time\" content=\"2018-11-14T14:09:30+00:00\" \/>\n<meta property=\"article:modified_time\" content=\"2023-01-17T10:42:48+00:00\" \/>\n<meta property=\"og:image\" content=\"https:\/\/www.rajapack.pl\/blog-pl\/wp-content\/uploads\/2018\/11\/Opakowania-\u015bwi\u0105teczne.jpg\" \/>\n\t<meta property=\"og:image:width\" content=\"712\" \/>\n\t<meta property=\"og:image:height\" content=\"400\" \/>\n\t<meta property=\"og:image:type\" content=\"image\/jpeg\" \/>\n<meta name=\"author\" content=\"RAJA\" \/>\n<meta name=\"twitter:card\" content=\"summary_large_image\" \/>\n<meta name=\"twitter:label1\" content=\"Napisane przez\" \/>\n\t<meta name=\"twitter:data1\" content=\"RAJA\" \/>\n\t<meta name=\"twitter:label2\" content=\"Szacowany czas czytania\" \/>\n\t<meta name=\"twitter:data2\" content=\"2 minuty\" \/>\n<script type=\"application\/ld+json\" class=\"yoast-schema-graph\">{\n\t    \"@context\": \"https:\/\/schema.org\",\n\t    \"@graph\": [\n\t        {\n\t            \"@type\": \"WebPage\",\n\t            \"@id\": \"https:\/\/www.rajapack.pl\/blog-pl\/zapakowac-swiateczna-przesylke\",\n\t            \"url\": \"https:\/\/www.rajapack.pl\/blog-pl\/zapakowac-swiateczna-przesylke\",\n\t            \"name\": \"Jak zapakowa\u0107 \u015bwi\u0105teczn\u0105 przesy\u0142k\u0119? | Blog RAJA\",\n\t            \"isPartOf\": {\n\t                \"@id\": \"https:\/\/www.rajapack.pl\/blog-pl\/#website\"\n\t            },\n\t            \"primaryImageOfPage\": {\n\t                \"@id\": \"https:\/\/www.rajapack.pl\/blog-pl\/zapakowac-swiateczna-przesylke#primaryimage\"\n\t            },\n\t            \"image\": {\n\t                \"@id\": \"https:\/\/www.rajapack.pl\/blog-pl\/zapakowac-swiateczna-przesylke#primaryimage\"\n\t            },\n\t            \"thumbnailUrl\": \"https:\/\/www.rajapack.pl\/blog-pl\/wp-content\/uploads\/2018\/11\/Opakowania-\u015bwi\u0105teczne.jpg\",\n\t            \"datePublished\": \"2018-11-14T14:09:30+00:00\",\n\t            \"dateModified\": \"2023-01-17T10:42:48+00:00\",\n\t            \"author\": {\n\t                \"@id\": \"https:\/\/www.rajapack.pl\/blog-pl\/#\/schema\/person\/9bcea0d1de41f7096a6854720473a792\"\n\t            },\n\t            \"description\": \"Prezent\u00f3w nie zamawia si\u0119 jedynie dla najbli\u017cszych i rodziny \u2013 przed \u015awi\u0119tami r\u00f3wnie\u017c pracodawcy szykuj\u0105 podarunki dla pracownik\u00f3w. Jedni i drudzy powinni pomy\u015ble\u0107 o ozdobnych opakowaniach \u015bwi\u0105tecznych, by prezenty \u2013 zam\u00f3wione przez internet czy przygotowane przez pracodawc\u0119 \u2013 by\u0142y opakowane nie tylko bezpiecznie, ale te\u017c efektownie!\",\n\t            \"inLanguage\": \"pl-PL\",\n\t            \"potentialAction\": [\n\t                {\n\t                    \"@type\": \"ReadAction\",\n\t                    \"target\": [\n\t                        \"https:\/\/www.rajapack.pl\/blog-pl\/zapakowac-swiateczna-przesylke\"\n\t                    ]\n\t                }\n\t            ]\n\t        },\n\t        {\n\t            \"@type\": \"ImageObject\",\n\t            \"inLanguage\": \"pl-PL\",\n\t            \"@id\": \"https:\/\/www.rajapack.pl\/blog-pl\/zapakowac-swiateczna-przesylke#primaryimage\",\n\t            \"url\": \"https:\/\/www.rajapack.pl\/blog-pl\/wp-content\/uploads\/2018\/11\/Opakowania-\u015bwi\u0105teczne.jpg\",\n\t            \"contentUrl\": \"https:\/\/www.rajapack.pl\/blog-pl\/wp-content\/uploads\/2018\/11\/Opakowania-\u015bwi\u0105teczne.jpg\",\n\t            \"width\": 712,\n\t            \"height\": 400,\n\t            \"caption\": \"opakowania \u015bwi\u0105teczne\"\n\t        },\n\t        {\n\t            \"@type\": \"WebSite\",\n\t            \"@id\": \"https:\/\/www.rajapack.pl\/blog-pl\/#website\",\n\t            \"url\": \"https:\/\/www.rajapack.pl\/blog-pl\/\",\n\t            \"name\": \"BIZNES DOBRZE OPAKOWANY\",\n\t            \"description\": \"Porady ekspert\u00f3w do spraw opakowa\u0144\",\n\t            \"potentialAction\": [\n\t                {\n\t                    \"@type\": \"SearchAction\",\n\t                    \"target\": {\n\t                        \"@type\": \"EntryPoint\",\n\t                        \"urlTemplate\": \"https:\/\/www.rajapack.pl\/blog-pl\/?s={search_term_string}\"\n\t                    },\n\t                    \"query-input\": \"required name=search_term_string\"\n\t                }\n\t            ],\n\t            \"inLanguage\": \"pl-PL\"\n\t        },\n\t        {\n\t            \"@type\": \"Person\",\n\t            \"@id\": \"https:\/\/www.rajapack.pl\/blog-pl\/#\/schema\/person\/9bcea0d1de41f7096a6854720473a792\",\n\t            \"name\": \"RAJA\",\n\t            \"image\": {\n\t                \"@type\": \"ImageObject\",\n\t                \"inLanguage\": \"pl-PL\",\n\t                \"@id\": \"https:\/\/www.rajapack.pl\/blog-pl\/#\/schema\/person\/image\/\",\n\t                \"url\": \"https:\/\/secure.gravatar.com\/avatar\/afae8669568c1f323e00733847251eb5?s=96&d=mm&r=g\",\n\t                \"contentUrl\": \"https:\/\/secure.gravatar.com\/avatar\/afae8669568c1f323e00733847251eb5?s=96&d=mm&r=g\",\n\t                \"caption\": \"RAJA\"\n\t            },\n\t            \"url\": \"https:\/\/www.rajapack.pl\/blog-pl\/author\/ajoniuk\"\n\t        }\n\t    ]\n\t}<\/script>\n","yoast_head_json":{"title":"Jak zapakowa\u0107 \u015bwi\u0105teczn\u0105 przesy\u0142k\u0119? | Blog RAJA","description":"Prezent\u00f3w nie zamawia si\u0119 jedynie dla najbli\u017cszych i rodziny \u2013 przed \u015awi\u0119tami r\u00f3wnie\u017c pracodawcy szykuj\u0105 podarunki dla pracownik\u00f3w. Jedni i drudzy powinni pomy\u015ble\u0107 o ozdobnych opakowaniach \u015bwi\u0105tecznych, by prezenty \u2013 zam\u00f3wione przez internet czy przygotowane przez pracodawc\u0119 \u2013 by\u0142y opakowane nie tylko bezpiecznie, ale te\u017c efektownie!","robots":{"index":"index","follow":"follow","max-snippet":"max-snippet:-1","max-image-preview":"max-image-preview:large","max-video-preview":"max-video-preview:-1"},"canonical":"https:\/\/www.rajapack.pl\/blog-pl\/zapakowac-swiateczna-przesylke","og_locale":"pl_PL","og_type":"article","og_title":"Jak zapakowa\u0107 \u015bwi\u0105teczn\u0105 przesy\u0142k\u0119? | Blog RAJA","og_description":"Prezent\u00f3w nie zamawia si\u0119 jedynie dla najbli\u017cszych i rodziny \u2013 przed \u015awi\u0119tami r\u00f3wnie\u017c pracodawcy szykuj\u0105 podarunki dla pracownik\u00f3w. Jedni i drudzy powinni pomy\u015ble\u0107 o ozdobnych opakowaniach \u015bwi\u0105tecznych, by prezenty \u2013 zam\u00f3wione przez internet czy przygotowane przez pracodawc\u0119 \u2013 by\u0142y opakowane nie tylko bezpiecznie, ale te\u017c efektownie!","og_url":"https:\/\/www.rajapack.pl\/blog-pl\/zapakowac-swiateczna-przesylke","og_site_name":"BIZNES DOBRZE OPAKOWANY","article_published_time":"2018-11-14T14:09:30+00:00","article_modified_time":"2023-01-17T10:42:48+00:00","og_image":[{"width":712,"height":400,"url":"https:\/\/www.rajapack.pl\/blog-pl\/wp-content\/uploads\/2018\/11\/Opakowania-\u015bwi\u0105teczne.jpg","type":"image\/jpeg"}],"author":"RAJA","twitter_card":"summary_large_image","twitter_misc":{"Napisane przez":"RAJA","Szacowany czas czytania":"2 minuty"},"schema":{"@context":"https:\/\/schema.org","@graph":[{"@type":"WebPage","@id":"https:\/\/www.rajapack.pl\/blog-pl\/zapakowac-swiateczna-przesylke","url":"https:\/\/www.rajapack.pl\/blog-pl\/zapakowac-swiateczna-przesylke","name":"Jak zapakowa\u0107 \u015bwi\u0105teczn\u0105 przesy\u0142k\u0119? | Blog RAJA","isPartOf":{"@id":"https:\/\/www.rajapack.pl\/blog-pl\/#website"},"primaryImageOfPage":{"@id":"https:\/\/www.rajapack.pl\/blog-pl\/zapakowac-swiateczna-przesylke#primaryimage"},"image":{"@id":"https:\/\/www.rajapack.pl\/blog-pl\/zapakowac-swiateczna-przesylke#primaryimage"},"thumbnailUrl":"https:\/\/www.rajapack.pl\/blog-pl\/wp-content\/uploads\/2018\/11\/Opakowania-\u015bwi\u0105teczne.jpg","datePublished":"2018-11-14T14:09:30+00:00","dateModified":"2023-01-17T10:42:48+00:00","author":{"@id":"https:\/\/www.rajapack.pl\/blog-pl\/#\/schema\/person\/9bcea0d1de41f7096a6854720473a792"},"description":"Prezent\u00f3w nie zamawia si\u0119 jedynie dla najbli\u017cszych i rodziny \u2013 przed \u015awi\u0119tami r\u00f3wnie\u017c pracodawcy szykuj\u0105 podarunki dla pracownik\u00f3w. Jedni i drudzy powinni pomy\u015ble\u0107 o ozdobnych opakowaniach \u015bwi\u0105tecznych, by prezenty \u2013 zam\u00f3wione przez internet czy przygotowane przez pracodawc\u0119 \u2013 by\u0142y opakowane nie tylko bezpiecznie, ale te\u017c efektownie!","inLanguage":"pl-PL","potentialAction":[{"@type":"ReadAction","target":["https:\/\/www.rajapack.pl\/blog-pl\/zapakowac-swiateczna-przesylke"]}]},{"@type":"ImageObject","inLanguage":"pl-PL","@id":"https:\/\/www.rajapack.pl\/blog-pl\/zapakowac-swiateczna-przesylke#primaryimage","url":"https:\/\/www.rajapack.pl\/blog-pl\/wp-content\/uploads\/2018\/11\/Opakowania-\u015bwi\u0105teczne.jpg","contentUrl":"https:\/\/www.rajapack.pl\/blog-pl\/wp-content\/uploads\/2018\/11\/Opakowania-\u015bwi\u0105teczne.jpg","width":712,"height":400,"caption":"opakowania \u015bwi\u0105teczne"},{"@type":"WebSite","@id":"https:\/\/www.rajapack.pl\/blog-pl\/#website","url":"https:\/\/www.rajapack.pl\/blog-pl\/","name":"BIZNES DOBRZE OPAKOWANY","description":"Porady ekspert\u00f3w do spraw opakowa\u0144","potentialAction":[{"@type":"SearchAction","target":{"@type":"EntryPoint","urlTemplate":"https:\/\/www.rajapack.pl\/blog-pl\/?s={search_term_string}"},"query-input":"required name=search_term_string"}],"inLanguage":"pl-PL"},{"@type":"Person","@id":"https:\/\/www.rajapack.pl\/blog-pl\/#\/schema\/person\/9bcea0d1de41f7096a6854720473a792","name":"RAJA","image":{"@type":"ImageObject","inLanguage":"pl-PL","@id":"https:\/\/www.rajapack.pl\/blog-pl\/#\/schema\/person\/image\/","url":"https:\/\/secure.gravatar.com\/avatar\/afae8669568c1f323e00733847251eb5?s=96&d=mm&r=g","contentUrl":"https:\/\/secure.gravatar.com\/avatar\/afae8669568c1f323e00733847251eb5?s=96&d=mm&r=g","caption":"RAJA"},"url":"https:\/\/www.rajapack.pl\/blog-pl\/author\/ajoniuk"}]}},"_links":{"self":[{"href":"https:\/\/www.rajapack.pl\/blog-pl\/wp-json\/wp\/v2\/posts\/724"}],"collection":[{"href":"https:\/\/www.rajapack.pl\/blog-pl\/wp-json\/wp\/v2\/posts"}],"about":[{"href":"https:\/\/www.rajapack.pl\/blog-pl\/wp-json\/wp\/v2\/types\/post"}],"author":[{"embeddable":true,"href":"https:\/\/www.rajapack.pl\/blog-pl\/wp-json\/wp\/v2\/users\/39"}],"replies":[{"embeddable":true,"href":"https:\/\/www.rajapack.pl\/blog-pl\/wp-json\/wp\/v2\/comments?post=724"}],"version-history":[{"count":0,"href":"https:\/\/www.rajapack.pl\/blog-pl\/wp-json\/wp\/v2\/posts\/724\/revisions"}],"wp:featuredmedia":[{"embeddable":true,"href":"https:\/\/www.rajapack.pl\/blog-pl\/wp-json\/wp\/v2\/media\/726"}],"wp:attachment":[{"href":"https:\/\/www.rajapack.pl\/blog-pl\/wp-json\/wp\/v2\/media?parent=724"}],"wp:term":[{"taxonomy":"category","embeddable":true,"href":"https:\/\/www.rajapack.pl\/blog-pl\/wp-json\/wp\/v2\/categories?post=724"},{"taxonomy":"post_tag","embeddable":true,"href":"https:\/\/www.rajapack.pl\/blog-pl\/wp-json\/wp\/v2\/tags?post=724"}],"curies":[{"name":"wp","href":"https:\/\/api.w.org\/{rel}","templated":true}]}}