{"id":4909,"date":"2025-10-06T09:49:43","date_gmt":"2025-10-06T08:49:43","guid":{"rendered":"https:\/\/www.rajapack.pl\/blog-pl\/?p=4909"},"modified":"2025-10-06T09:49:43","modified_gmt":"2025-10-06T08:49:43","slug":"jak-obliczyc-nosnosc-regalu-magazynowego","status":"publish","type":"post","link":"https:\/\/www.rajapack.pl\/blog-pl\/jak-obliczyc-nosnosc-regalu-magazynowego","title":{"rendered":"Jak obliczy\u0107 no\u015bno\u015b\u0107 rega\u0142u magazynowego?"},"content":{"rendered":"<p><strong>No\u015bno\u015b\u0107 rega\u0142\u00f3w jest jednym z istotniejszych czynnik\u00f3w, kt\u00f3re nale\u017cy wzi\u0105\u0107 pod uwag\u0119 podczas wyboru konstrukcji do sk\u0142adowania towar\u00f3w. Co to za parametr? Sprawd\u017a i dowiedz si\u0119, jak obliczy\u0107 no\u015bno\u015b\u0107 rega\u0142u w magazynie.<\/strong><\/p>\n<div id=\"ez-toc-container\" class=\"ez-toc-v2_0_67_1 counter-hierarchy ez-toc-counter ez-toc-grey ez-toc-container-direction\">\n<div class=\"ez-toc-title-container\">\n<p class=\"ez-toc-title \" >Table of Contents<\/p>\n<span class=\"ez-toc-title-toggle\"><a href=\"#\" class=\"ez-toc-pull-right ez-toc-btn ez-toc-btn-xs ez-toc-btn-default ez-toc-toggle\" aria-label=\"Toggle Table of Content\"><span class=\"ez-toc-js-icon-con\"><span class=\"\"><span class=\"eztoc-hide\" style=\"display:none;\">Toggle<\/span><span class=\"ez-toc-icon-toggle-span\"><svg style=\"fill: #999;color:#999\" xmlns=\"http:\/\/www.w3.org\/2000\/svg\" class=\"list-377408\" width=\"20px\" height=\"20px\" viewBox=\"0 0 24 24\" fill=\"none\"><path d=\"M6 6H4v2h2V6zm14 0H8v2h12V6zM4 11h2v2H4v-2zm16 0H8v2h12v-2zM4 16h2v2H4v-2zm16 0H8v2h12v-2z\" fill=\"currentColor\"><\/path><\/svg><svg style=\"fill: #999;color:#999\" class=\"arrow-unsorted-368013\" xmlns=\"http:\/\/www.w3.org\/2000\/svg\" width=\"10px\" height=\"10px\" viewBox=\"0 0 24 24\" version=\"1.2\" baseProfile=\"tiny\"><path d=\"M18.2 9.3l-6.2-6.3-6.2 6.3c-.2.2-.3.4-.3.7s.1.5.3.7c.2.2.4.3.7.3h11c.3 0 .5-.1.7-.3.2-.2.3-.5.3-.7s-.1-.5-.3-.7zM5.8 14.7l6.2 6.3 6.2-6.3c.2-.2.3-.5.3-.7s-.1-.5-.3-.7c-.2-.2-.4-.3-.7-.3h-11c-.3 0-.5.1-.7.3-.2.2-.3.5-.3.7s.1.5.3.7z\"\/><\/svg><\/span><\/span><\/span><\/a><\/span><\/div>\n<nav><ul class='ez-toc-list ez-toc-list-level-1 ' ><li class='ez-toc-page-1 ez-toc-heading-level-2'><a class=\"ez-toc-link ez-toc-heading-1\" href=\"https:\/\/www.rajapack.pl\/blog-pl\/jak-obliczyc-nosnosc-regalu-magazynowego\/#Czym_jest_nosnosc_regalu\" title=\"Czym jest no\u015bno\u015b\u0107 rega\u0142u?\">Czym jest no\u015bno\u015b\u0107 rega\u0142u?<\/a><\/li><li class='ez-toc-page-1 ez-toc-heading-level-2'><a class=\"ez-toc-link ez-toc-heading-2\" href=\"https:\/\/www.rajapack.pl\/blog-pl\/jak-obliczyc-nosnosc-regalu-magazynowego\/#Co_wplywa_na_nosnosc_regalu\" title=\"Co wp\u0142ywa na no\u015bno\u015b\u0107 rega\u0142u?\">Co wp\u0142ywa na no\u015bno\u015b\u0107 rega\u0142u?<\/a><\/li><li class='ez-toc-page-1 ez-toc-heading-level-2'><a class=\"ez-toc-link ez-toc-heading-3\" href=\"https:\/\/www.rajapack.pl\/blog-pl\/jak-obliczyc-nosnosc-regalu-magazynowego\/#Jakie_przepisy_reguluja_nosnosc_regalow_magazynowych\" title=\"Jakie przepisy reguluj\u0105 no\u015bno\u015b\u0107 rega\u0142\u00f3w magazynowych?\">Jakie przepisy reguluj\u0105 no\u015bno\u015b\u0107 rega\u0142\u00f3w magazynowych?<\/a><\/li><li class='ez-toc-page-1 ez-toc-heading-level-2'><a class=\"ez-toc-link ez-toc-heading-4\" href=\"https:\/\/www.rajapack.pl\/blog-pl\/jak-obliczyc-nosnosc-regalu-magazynowego\/#Jak_obliczyc_maksymalne_obciazenie_regalu\" title=\"Jak obliczy\u0107 maksymalne obci\u0105\u017cenie rega\u0142u?\">Jak obliczy\u0107 maksymalne obci\u0105\u017cenie rega\u0142u?<\/a><\/li><li class='ez-toc-page-1 ez-toc-heading-level-2'><a class=\"ez-toc-link ez-toc-heading-5\" href=\"https:\/\/www.rajapack.pl\/blog-pl\/jak-obliczyc-nosnosc-regalu-magazynowego\/#Jak_oznaczyc_nosnosc_regalu\" title=\"Jak oznaczy\u0107 no\u015bno\u015b\u0107 rega\u0142u?\">Jak oznaczy\u0107 no\u015bno\u015b\u0107 rega\u0142u?<\/a><\/li><li class='ez-toc-page-1 ez-toc-heading-level-2'><a class=\"ez-toc-link ez-toc-heading-6\" href=\"https:\/\/www.rajapack.pl\/blog-pl\/jak-obliczyc-nosnosc-regalu-magazynowego\/#Najczesciej_zadawane_pytania_o_nosnosc_regalow_magazynowych\" title=\"Najcz\u0119\u015bciej zadawane pytania o no\u015bno\u015b\u0107 rega\u0142\u00f3w magazynowych\">Najcz\u0119\u015bciej zadawane pytania o no\u015bno\u015b\u0107 rega\u0142\u00f3w magazynowych<\/a><ul class='ez-toc-list-level-3' ><li class='ez-toc-heading-level-3'><a class=\"ez-toc-link ez-toc-heading-7\" href=\"https:\/\/www.rajapack.pl\/blog-pl\/jak-obliczyc-nosnosc-regalu-magazynowego\/#Jak_obliczyc_nosnosc_regalow_w_magazynie\" title=\"Jak obliczy\u0107 no\u015bno\u015b\u0107 rega\u0142\u00f3w w magazynie?\">Jak obliczy\u0107 no\u015bno\u015b\u0107 rega\u0142\u00f3w w magazynie?<\/a><\/li><li class='ez-toc-page-1 ez-toc-heading-level-3'><a class=\"ez-toc-link ez-toc-heading-8\" href=\"https:\/\/www.rajapack.pl\/blog-pl\/jak-obliczyc-nosnosc-regalu-magazynowego\/#Jakie_jest_dopuszczalne_obciazenie_regalu_magazynowego\" title=\"Jakie jest dopuszczalne obci\u0105\u017cenie rega\u0142u magazynowego?\">Jakie jest dopuszczalne obci\u0105\u017cenie rega\u0142u magazynowego?<\/a><\/li><li class='ez-toc-page-1 ez-toc-heading-level-3'><a class=\"ez-toc-link ez-toc-heading-9\" href=\"https:\/\/www.rajapack.pl\/blog-pl\/jak-obliczyc-nosnosc-regalu-magazynowego\/#Kto_jest_odpowiedzialny_za_przeprowadzenie_oceny_nosnosci_regalow_w_magazynie\" title=\"Kto jest odpowiedzialny za przeprowadzenie oceny no\u015bno\u015bci rega\u0142\u00f3w w magazynie?\">Kto jest odpowiedzialny za przeprowadzenie oceny no\u015bno\u015bci rega\u0142\u00f3w w magazynie?<\/a><\/li><\/ul><\/li><\/ul><\/nav><\/div>\n<h2><span class=\"ez-toc-section\" id=\"Czym_jest_nosnosc_regalu\"><\/span>Czym jest no\u015bno\u015b\u0107 rega\u0142u?<span class=\"ez-toc-section-end\"><\/span><\/h2>\n<p>No\u015bno\u015b\u0107 rega\u0142\u00f3w to parametr okre\u015blaj\u0105cy maksymalne obci\u0105\u017cenie, jakie mo\u017ce by\u0107 umieszczone na konstrukcji bez ryzyka jej zawalenia. <strong>Jest to wi\u0119c nic innego jak suma dopuszczalnych obci\u0105\u017ce\u0144, jakie s\u0105 w stanie unie\u015b\u0107 wszystkie p\u00f3\u0142ki w regale.<\/strong><\/p>\n<p>No\u015bno\u015b\u0107 rega\u0142\u00f3w magazynowych jest kluczowa z punktu widzenia ochrony sk\u0142adowanych towar\u00f3w oraz bezpiecze\u0144stwa pracownik\u00f3w. Dlatego osoby odpowiedzialne za magazynowanie musz\u0105 bezwzgl\u0119dnie przestrzega\u0107 warto\u015bci tego parametru.<\/p>\n<p>W magazynie e-commerce powinny znajdowa\u0107 si\u0119 nie tylko odpowiednie rega\u0142y, lecz tak\u017ce wiele innych akcesori\u00f3w i element\u00f3w. <a href=\"https:\/\/www.rajapack.pl\/blog-pl\/jak-wyposazyc-magazyn-e-commerce\">Jak wyposa\u017cy\u0107 magazyn e-commerce?<\/a> Zapraszamy do lektury naszego artyku\u0142u.<\/p>\n<h2><span class=\"ez-toc-section\" id=\"Co_wplywa_na_nosnosc_regalu\"><\/span>Co wp\u0142ywa na no\u015bno\u015b\u0107 rega\u0142u?<span class=\"ez-toc-section-end\"><\/span><\/h2>\n<p><a href=\"https:\/\/www.rajapack.pl\/wyposazenie-magazynu\/meble-magazynowe\/regaly-magazynowe_C193020.html\">Rega\u0142y magazynowe<\/a> to r\u00f3\u017cnego rodzaju konstrukcje cechuj\u0105ce si\u0119 odmienn\u0105 wytrzyma\u0142o\u015bci\u0105 na obci\u0105\u017cenia. Aby dowiedzie\u0107 si\u0119, jak obliczy\u0107 no\u015bno\u015b\u0107 rega\u0142u, trzeba wi\u0119c przeanalizowa\u0107, co wp\u0142ywa na t\u0119 warto\u015b\u0107. A s\u0105 to:<\/p>\n<ul>\n<li>rodzaj materia\u0142u, z kt\u00f3rego wykonano rega\u0142,<\/li>\n<li>typ konstrukcji,<\/li>\n<li>wymiary rega\u0142u,<\/li>\n<li>rozstaw wspornik\u00f3w,<\/li>\n<li>prawid\u0142owe rozmieszczenie towar\u00f3w.<\/li>\n<\/ul>\n<p>Stalowe rega\u0142y wytrzymuj\u0105 wi\u0119ksze obci\u0105\u017cenia ni\u017c wykonane z drewna lub tworzywa sztucznego. Inne w\u0142a\u015bciwo\u015bci no\u015bne maj\u0105 te\u017c rega\u0142y paletowe, przep\u0142ywowe czy p\u00f3\u0142kowe. Wszystkie te elementy b\u0119d\u0105 za\u015b wp\u0142ywa\u0107 na to, jak obliczy\u0107 maksymalne obci\u0105\u017cenie rega\u0142u.<\/p>\n<h2><span class=\"ez-toc-section\" id=\"Jakie_przepisy_reguluja_nosnosc_regalow_magazynowych\"><\/span>Jakie przepisy reguluj\u0105 no\u015bno\u015b\u0107 rega\u0142\u00f3w magazynowych?<span class=\"ez-toc-section-end\"><\/span><\/h2>\n<p>No\u015bno\u015b\u0107 rega\u0142\u00f3w magazynowych jest regulowana przez krajowe prawodawstwo, co ma na celu zapewnienie maksymalnego bezpiecze\u0144stwa. <strong>Najwa\u017cniejszym dokumentem jest Rozporz\u0105dzenie Ministra Pracy i Polityki Socjalnej z 26.09.1997, okre\u015blaj\u0105ce og\u00f3lne przepisy dotycz\u0105ce bezpiecze\u0144stwa i higieny pracy. <\/strong><\/p>\n<p>Spos\u00f3b u\u017cytkowania oraz to jak obliczy\u0107 maksymalne obci\u0105\u017cenie rega\u0142u podlega te\u017c standaryzacji, w czym pomagaj\u0105 nast\u0119puj\u0105ce normy:<\/p>\n<ul>\n<li>PN-EN 15635:2009 \u2013 wymagania dotycz\u0105ce bezpiecze\u0144stwa, konserwacji oraz eksploatacji rega\u0142\u00f3w,<\/li>\n<li>EN 15512:2020 \u2013 projektowanie, obliczanie no\u015bno\u015bci oraz wytwarzanie rega\u0142\u00f3w,<\/li>\n<li>EN 15620 \u2013 wymiary, produkcja i monta\u017c rega\u0142\u00f3w.<\/li>\n<\/ul>\n<p>21 wrze\u015bnia 2015 r. anulowano normy PN-M-78321, PN-M-78322 oraz PN-M-78323, jednak maj\u0105 one nadal zastosowanie w przypadku rega\u0142\u00f3w wyprodukowanych przed ich oficjalnym wycofaniem.<\/p>\n<h2><span class=\"ez-toc-section\" id=\"Jak_obliczyc_maksymalne_obciazenie_regalu\"><\/span>Jak obliczy\u0107 maksymalne obci\u0105\u017cenie rega\u0142u?<span class=\"ez-toc-section-end\"><\/span><\/h2>\n<p>No\u015bno\u015b\u0107 rega\u0142u musi by\u0107 okre\u015blona przez producenta, kt\u00f3ry jest zobowi\u0105zany do przeprowadzenia odpowiednich test\u00f3w, zgodnych z aktualnymi normami. Czy mo\u017cna wykona\u0107 takie dzia\u0142anie samodzielnie, znaj\u0105c wz\u00f3r na obliczenie no\u015bno\u015bci rega\u0142u? Ze wzgl\u0119du na liczb\u0119 czynnik\u00f3w, kt\u00f3re nale\u017cy wzi\u0105\u0107 pod uwag\u0119, jest to obarczone wysokim ryzykiem b\u0142\u0119du.<\/p>\n<p><strong>Obliczenie no\u015bno\u015bci rega\u0142u jest mo\u017cliwe wy\u0142\u0105cznie w przypadku, kiedy znasz maksymalne obci\u0105\u017cenie pojedynczej p\u00f3\u0142ki. Jak obliczy\u0107 no\u015bno\u015b\u0107 rega\u0142u na tej podstawie? Wystarczy przemno\u017cy\u0107 t\u0119 warto\u015b\u0107 przez liczb\u0119 p\u00f3\u0142ek. <\/strong>Je\u015bli jedna p\u00f3\u0142ka ma no\u015bno\u015b\u0107 100 kg, a w regale znajduje si\u0119 6 p\u00f3\u0142ek, no\u015bno\u015b\u0107 b\u0119dzie wi\u0119c wynosi\u0107 600 kg (przy za\u0142o\u017ceniu, \u017ce obci\u0105\u017cenie b\u0119dzie r\u00f3wnomiernie roz\u0142o\u017cone).<\/p>\n<p>Ustalaj\u0105c no\u015bno\u015b\u0107 rega\u0142u, trzeba wzi\u0105\u0107 pod uwag\u0119 wsp\u00f3\u0142czynnik bezpiecze\u0144stwa, zapobiegaj\u0105cy powstawaniu przeci\u0105\u017ce\u0144. Jak obliczy\u0107 dopuszczalne obci\u0105\u017cenie rega\u0142\u00f3w, aby o to zadba\u0107? W trakcie rozmieszczania towar\u00f3w nale\u017cy upewni\u0107 si\u0119, \u017ce no\u015bno\u015b\u0107 ka\u017cdej p\u00f3\u0142ki nie przekracza 90%.<\/p>\n<h2><span class=\"ez-toc-section\" id=\"Jak_oznaczyc_nosnosc_regalu\"><\/span>Jak oznaczy\u0107 no\u015bno\u015b\u0107 rega\u0142u?<span class=\"ez-toc-section-end\"><\/span><\/h2>\n<p><strong>No\u015bno\u015b\u0107 rega\u0142\u00f3w magazynowych powinna by\u0107 umieszczona na tabliczce znamionowej. <\/strong>To obowi\u0105zek wynikaj\u0105cy z przepis\u00f3w Rozporz\u0105dzenia Ministra Pracy i Polityki Socjalnej w sprawie og\u00f3lnych przepis\u00f3w bezpiecze\u0144stwa i higieny pracy. Tabliczka z informacj\u0105 o no\u015bno\u015bci musi by\u0107 czytelna, a tak\u017ce zawiera\u0107 nast\u0119puj\u0105ce dane:<\/p>\n<ul>\n<li>nazw\u0119 producenta,<\/li>\n<li>maksymaln\u0105 no\u015bno\u015b\u0107 rega\u0142u i p\u00f3\u0142ki,<\/li>\n<li>rodzaj systemu rega\u0142owego,<\/li>\n<li>dat\u0119 wa\u017cno\u015bci i termin przegl\u0105du technicznego.<\/li>\n<\/ul>\n<p>Wiedza na temat tego, jak obliczy\u0107 no\u015bno\u015b\u0107 rega\u0142u jest niezwykle wa\u017cna dla bezpiecze\u0144stwa. Aby zadba\u0107 o funkcjonalno\u015b\u0107 przestrzeni, trzeba zadba\u0107 te\u017c o wysokiej jako\u015bci <a href=\"https:\/\/www.rajapack.pl\/wyposazenie-magazynu_C19.html\">wyposa\u017cenie magazynu<\/a>. Znajdziesz je w Rajapack \u2013 rega\u0142y, pude\u0142ka, w\u00f3zki i akcesoria s\u0105 zgodne z obowi\u0105zuj\u0105cymi normami oraz wykonane z wysokiej klasy surowc\u00f3w.<\/p>\n<h2><span class=\"ez-toc-section\" id=\"Najczesciej_zadawane_pytania_o_nosnosc_regalow_magazynowych\"><\/span>Najcz\u0119\u015bciej zadawane pytania o no\u015bno\u015b\u0107 rega\u0142\u00f3w magazynowych<span class=\"ez-toc-section-end\"><\/span><\/h2>\n<p>No\u015bno\u015b\u0107 rega\u0142\u00f3w to istotny parametr, na temat kt\u00f3rego pojawia si\u0119 wiele pyta\u0144. W dalszej cz\u0119\u015bci artyku\u0142u znajdziesz najpopularniejsze z nich razem z odpowiedziami.<\/p>\n<h3><span class=\"ez-toc-section\" id=\"Jak_obliczyc_nosnosc_regalow_w_magazynie\"><\/span>Jak obliczy\u0107 no\u015bno\u015b\u0107 rega\u0142\u00f3w w magazynie?<span class=\"ez-toc-section-end\"><\/span><\/h3>\n<p>Obliczenie no\u015bno\u015bci rega\u0142u to zadanie producenta, kt\u00f3ry przeprowadza odpowiednie analizy i testy. Aby wykona\u0107 tak\u0105 kalkulacj\u0119 samodzielnie, nale\u017cy zna\u0107 no\u015bno\u015b\u0107 pojedynczej p\u00f3\u0142ki, a nast\u0119pnie przemno\u017cy\u0107 j\u0105 przez liczb\u0119 wszystkich p\u00f3\u0142ek w regale.<\/p>\n<h3><span class=\"ez-toc-section\" id=\"Jakie_jest_dopuszczalne_obciazenie_regalu_magazynowego\"><\/span>Jakie jest dopuszczalne obci\u0105\u017cenie rega\u0142u magazynowego?<span class=\"ez-toc-section-end\"><\/span><\/h3>\n<p>Dopuszczalne obci\u0105\u017cenie rega\u0142u powinno by\u0107 okre\u015blone w dokumentacji producenta oraz wymaga wzi\u0119cia pod uwag\u0119 licznych czynnik\u00f3w. Jedn\u0105 z najwa\u017cniejszych zasad dotycz\u0105cych obci\u0105\u017cenia jest nieprzekraczanie 80-90% maksymalnej no\u015bno\u015bci ka\u017cdej p\u00f3\u0142ki.<\/p>\n<h3><span class=\"ez-toc-section\" id=\"Kto_jest_odpowiedzialny_za_przeprowadzenie_oceny_nosnosci_regalow_w_magazynie\"><\/span>Kto jest odpowiedzialny za przeprowadzenie oceny no\u015bno\u015bci rega\u0142\u00f3w w magazynie?<span class=\"ez-toc-section-end\"><\/span><\/h3>\n<p>Za okre\u015blenie no\u015bno\u015bci rega\u0142u jest odpowiedzialny producent. Do przeprowadzania regularnych kontroli rega\u0142\u00f3w w magazynie nale\u017cy wyznaczy\u0107 pracownik\u00f3w dysponuj\u0105cych niezb\u0119dn\u0105 wiedz\u0105 i do\u015bwiadczeniem (inspektor\u00f3w wewn\u0119trznych).<\/p>\n","protected":false},"excerpt":{"rendered":"<p>No\u015bno\u015b\u0107 rega\u0142\u00f3w jest jednym z istotniejszych czynnik\u00f3w, kt\u00f3re nale\u017cy wzi\u0105\u0107 pod uwag\u0119 podczas wyboru konstrukcji do sk\u0142adowania towar\u00f3w. Co to za parametr? Sprawd\u017a i dowiedz si\u0119, jak obliczy\u0107 no\u015bno\u015b\u0107 rega\u0142u [&#8230;]<\/p>\n","protected":false},"author":39,"featured_media":4910,"comment_status":"open","ping_status":"closed","sticky":false,"template":"","format":"standard","meta":{"_acf_changed":false,"footnotes":""},"categories":[265],"tags":[],"class_list":["post-4909","post","type-post","status-publish","format-standard","has-post-thumbnail","hentry","category-magazynowanie"],"acf":[],"yoast_head":"\n<title>Jak obliczy\u0107 no\u015bno\u015b\u0107 rega\u0142u magazynowego? - BIZNES DOBRZE OPAKOWANY<\/title>\n<meta name=\"robots\" content=\"index, follow, max-snippet:-1, max-image-preview:large, max-video-preview:-1\" \/>\n<link rel=\"canonical\" href=\"https:\/\/www.rajapack.pl\/blog-pl\/jak-obliczyc-nosnosc-regalu-magazynowego\" \/>\n<meta property=\"og:locale\" content=\"pl_PL\" \/>\n<meta property=\"og:type\" content=\"article\" \/>\n<meta property=\"og:title\" content=\"Jak obliczy\u0107 no\u015bno\u015b\u0107 rega\u0142u magazynowego? - BIZNES DOBRZE OPAKOWANY\" \/>\n<meta property=\"og:description\" content=\"No\u015bno\u015b\u0107 rega\u0142\u00f3w jest jednym z istotniejszych czynnik\u00f3w, kt\u00f3re nale\u017cy wzi\u0105\u0107 pod uwag\u0119 podczas wyboru konstrukcji do sk\u0142adowania towar\u00f3w. Co to za parametr? Sprawd\u017a i dowiedz si\u0119, jak obliczy\u0107 no\u015bno\u015b\u0107 rega\u0142u [...]\" \/>\n<meta property=\"og:url\" content=\"https:\/\/www.rajapack.pl\/blog-pl\/jak-obliczyc-nosnosc-regalu-magazynowego\" \/>\n<meta property=\"og:site_name\" content=\"BIZNES DOBRZE OPAKOWANY\" \/>\n<meta property=\"article:published_time\" content=\"2025-10-06T08:49:43+00:00\" \/>\n<meta property=\"og:image\" content=\"https:\/\/www.rajapack.pl\/blog-pl\/wp-content\/uploads\/2025\/10\/Obraz9.jpg\" \/>\n\t<meta property=\"og:image:width\" content=\"602\" \/>\n\t<meta property=\"og:image:height\" content=\"401\" \/>\n\t<meta property=\"og:image:type\" content=\"image\/jpeg\" \/>\n<meta name=\"author\" content=\"RAJA\" \/>\n<meta name=\"twitter:card\" content=\"summary_large_image\" \/>\n<meta name=\"twitter:label1\" content=\"Napisane przez\" \/>\n\t<meta name=\"twitter:data1\" content=\"RAJA\" \/>\n\t<meta name=\"twitter:label2\" content=\"Szacowany czas czytania\" \/>\n\t<meta name=\"twitter:data2\" content=\"5 minut\" \/>\n<script type=\"application\/ld+json\" class=\"yoast-schema-graph\">{\n\t    \"@context\": \"https:\/\/schema.org\",\n\t    \"@graph\": [\n\t        {\n\t            \"@type\": \"WebPage\",\n\t            \"@id\": \"https:\/\/www.rajapack.pl\/blog-pl\/jak-obliczyc-nosnosc-regalu-magazynowego\",\n\t            \"url\": \"https:\/\/www.rajapack.pl\/blog-pl\/jak-obliczyc-nosnosc-regalu-magazynowego\",\n\t            \"name\": \"Jak obliczy\u0107 no\u015bno\u015b\u0107 rega\u0142u magazynowego? - BIZNES DOBRZE OPAKOWANY\",\n\t            \"isPartOf\": {\n\t                \"@id\": \"https:\/\/www.rajapack.pl\/blog-pl\/#website\"\n\t            },\n\t            \"primaryImageOfPage\": {\n\t                \"@id\": \"https:\/\/www.rajapack.pl\/blog-pl\/jak-obliczyc-nosnosc-regalu-magazynowego#primaryimage\"\n\t            },\n\t            \"image\": {\n\t                \"@id\": \"https:\/\/www.rajapack.pl\/blog-pl\/jak-obliczyc-nosnosc-regalu-magazynowego#primaryimage\"\n\t            },\n\t            \"thumbnailUrl\": \"https:\/\/www.rajapack.pl\/blog-pl\/wp-content\/uploads\/2025\/10\/Obraz9.jpg\",\n\t            \"datePublished\": \"2025-10-06T08:49:43+00:00\",\n\t            \"dateModified\": \"2025-10-06T08:49:43+00:00\",\n\t            \"author\": {\n\t                \"@id\": \"https:\/\/www.rajapack.pl\/blog-pl\/#\/schema\/person\/9bcea0d1de41f7096a6854720473a792\"\n\t            },\n\t            \"inLanguage\": \"pl-PL\",\n\t            \"potentialAction\": [\n\t                {\n\t                    \"@type\": \"ReadAction\",\n\t                    \"target\": [\n\t                        \"https:\/\/www.rajapack.pl\/blog-pl\/jak-obliczyc-nosnosc-regalu-magazynowego\"\n\t                    ]\n\t                }\n\t            ]\n\t        },\n\t        {\n\t            \"@type\": \"ImageObject\",\n\t            \"inLanguage\": \"pl-PL\",\n\t            \"@id\": \"https:\/\/www.rajapack.pl\/blog-pl\/jak-obliczyc-nosnosc-regalu-magazynowego#primaryimage\",\n\t            \"url\": \"https:\/\/www.rajapack.pl\/blog-pl\/wp-content\/uploads\/2025\/10\/Obraz9.jpg\",\n\t            \"contentUrl\": \"https:\/\/www.rajapack.pl\/blog-pl\/wp-content\/uploads\/2025\/10\/Obraz9.jpg\",\n\t            \"width\": 602,\n\t            \"height\": 401,\n\t            \"caption\": \"rega\u0142 magazynowy\"\n\t        },\n\t        {\n\t            \"@type\": \"WebSite\",\n\t            \"@id\": \"https:\/\/www.rajapack.pl\/blog-pl\/#website\",\n\t            \"url\": \"https:\/\/www.rajapack.pl\/blog-pl\/\",\n\t            \"name\": \"BIZNES DOBRZE OPAKOWANY\",\n\t            \"description\": \"Porady ekspert\u00f3w do spraw opakowa\u0144\",\n\t            \"potentialAction\": [\n\t                {\n\t                    \"@type\": \"SearchAction\",\n\t                    \"target\": {\n\t                        \"@type\": \"EntryPoint\",\n\t                        \"urlTemplate\": \"https:\/\/www.rajapack.pl\/blog-pl\/?s={search_term_string}\"\n\t                    },\n\t                    \"query-input\": \"required name=search_term_string\"\n\t                }\n\t            ],\n\t            \"inLanguage\": \"pl-PL\"\n\t        },\n\t        {\n\t            \"@type\": \"Person\",\n\t            \"@id\": \"https:\/\/www.rajapack.pl\/blog-pl\/#\/schema\/person\/9bcea0d1de41f7096a6854720473a792\",\n\t            \"name\": \"RAJA\",\n\t            \"image\": {\n\t                \"@type\": \"ImageObject\",\n\t                \"inLanguage\": \"pl-PL\",\n\t                \"@id\": \"https:\/\/www.rajapack.pl\/blog-pl\/#\/schema\/person\/image\/\",\n\t                \"url\": \"https:\/\/secure.gravatar.com\/avatar\/afae8669568c1f323e00733847251eb5?s=96&d=mm&r=g\",\n\t                \"contentUrl\": \"https:\/\/secure.gravatar.com\/avatar\/afae8669568c1f323e00733847251eb5?s=96&d=mm&r=g\",\n\t                \"caption\": \"RAJA\"\n\t            },\n\t            \"url\": \"https:\/\/www.rajapack.pl\/blog-pl\/author\/ajoniuk\"\n\t        }\n\t    ]\n\t}<\/script>\n","yoast_head_json":{"title":"Jak obliczy\u0107 no\u015bno\u015b\u0107 rega\u0142u magazynowego? - BIZNES DOBRZE OPAKOWANY","robots":{"index":"index","follow":"follow","max-snippet":"max-snippet:-1","max-image-preview":"max-image-preview:large","max-video-preview":"max-video-preview:-1"},"canonical":"https:\/\/www.rajapack.pl\/blog-pl\/jak-obliczyc-nosnosc-regalu-magazynowego","og_locale":"pl_PL","og_type":"article","og_title":"Jak obliczy\u0107 no\u015bno\u015b\u0107 rega\u0142u magazynowego? - BIZNES DOBRZE OPAKOWANY","og_description":"No\u015bno\u015b\u0107 rega\u0142\u00f3w jest jednym z istotniejszych czynnik\u00f3w, kt\u00f3re nale\u017cy wzi\u0105\u0107 pod uwag\u0119 podczas wyboru konstrukcji do sk\u0142adowania towar\u00f3w. Co to za parametr? Sprawd\u017a i dowiedz si\u0119, jak obliczy\u0107 no\u015bno\u015b\u0107 rega\u0142u [...]","og_url":"https:\/\/www.rajapack.pl\/blog-pl\/jak-obliczyc-nosnosc-regalu-magazynowego","og_site_name":"BIZNES DOBRZE OPAKOWANY","article_published_time":"2025-10-06T08:49:43+00:00","og_image":[{"width":602,"height":401,"url":"https:\/\/www.rajapack.pl\/blog-pl\/wp-content\/uploads\/2025\/10\/Obraz9.jpg","type":"image\/jpeg"}],"author":"RAJA","twitter_card":"summary_large_image","twitter_misc":{"Napisane przez":"RAJA","Szacowany czas czytania":"5 minut"},"schema":{"@context":"https:\/\/schema.org","@graph":[{"@type":"WebPage","@id":"https:\/\/www.rajapack.pl\/blog-pl\/jak-obliczyc-nosnosc-regalu-magazynowego","url":"https:\/\/www.rajapack.pl\/blog-pl\/jak-obliczyc-nosnosc-regalu-magazynowego","name":"Jak obliczy\u0107 no\u015bno\u015b\u0107 rega\u0142u magazynowego? - BIZNES DOBRZE OPAKOWANY","isPartOf":{"@id":"https:\/\/www.rajapack.pl\/blog-pl\/#website"},"primaryImageOfPage":{"@id":"https:\/\/www.rajapack.pl\/blog-pl\/jak-obliczyc-nosnosc-regalu-magazynowego#primaryimage"},"image":{"@id":"https:\/\/www.rajapack.pl\/blog-pl\/jak-obliczyc-nosnosc-regalu-magazynowego#primaryimage"},"thumbnailUrl":"https:\/\/www.rajapack.pl\/blog-pl\/wp-content\/uploads\/2025\/10\/Obraz9.jpg","datePublished":"2025-10-06T08:49:43+00:00","dateModified":"2025-10-06T08:49:43+00:00","author":{"@id":"https:\/\/www.rajapack.pl\/blog-pl\/#\/schema\/person\/9bcea0d1de41f7096a6854720473a792"},"inLanguage":"pl-PL","potentialAction":[{"@type":"ReadAction","target":["https:\/\/www.rajapack.pl\/blog-pl\/jak-obliczyc-nosnosc-regalu-magazynowego"]}]},{"@type":"ImageObject","inLanguage":"pl-PL","@id":"https:\/\/www.rajapack.pl\/blog-pl\/jak-obliczyc-nosnosc-regalu-magazynowego#primaryimage","url":"https:\/\/www.rajapack.pl\/blog-pl\/wp-content\/uploads\/2025\/10\/Obraz9.jpg","contentUrl":"https:\/\/www.rajapack.pl\/blog-pl\/wp-content\/uploads\/2025\/10\/Obraz9.jpg","width":602,"height":401,"caption":"rega\u0142 magazynowy"},{"@type":"WebSite","@id":"https:\/\/www.rajapack.pl\/blog-pl\/#website","url":"https:\/\/www.rajapack.pl\/blog-pl\/","name":"BIZNES DOBRZE OPAKOWANY","description":"Porady ekspert\u00f3w do spraw opakowa\u0144","potentialAction":[{"@type":"SearchAction","target":{"@type":"EntryPoint","urlTemplate":"https:\/\/www.rajapack.pl\/blog-pl\/?s={search_term_string}"},"query-input":"required name=search_term_string"}],"inLanguage":"pl-PL"},{"@type":"Person","@id":"https:\/\/www.rajapack.pl\/blog-pl\/#\/schema\/person\/9bcea0d1de41f7096a6854720473a792","name":"RAJA","image":{"@type":"ImageObject","inLanguage":"pl-PL","@id":"https:\/\/www.rajapack.pl\/blog-pl\/#\/schema\/person\/image\/","url":"https:\/\/secure.gravatar.com\/avatar\/afae8669568c1f323e00733847251eb5?s=96&d=mm&r=g","contentUrl":"https:\/\/secure.gravatar.com\/avatar\/afae8669568c1f323e00733847251eb5?s=96&d=mm&r=g","caption":"RAJA"},"url":"https:\/\/www.rajapack.pl\/blog-pl\/author\/ajoniuk"}]}},"_links":{"self":[{"href":"https:\/\/www.rajapack.pl\/blog-pl\/wp-json\/wp\/v2\/posts\/4909"}],"collection":[{"href":"https:\/\/www.rajapack.pl\/blog-pl\/wp-json\/wp\/v2\/posts"}],"about":[{"href":"https:\/\/www.rajapack.pl\/blog-pl\/wp-json\/wp\/v2\/types\/post"}],"author":[{"embeddable":true,"href":"https:\/\/www.rajapack.pl\/blog-pl\/wp-json\/wp\/v2\/users\/39"}],"replies":[{"embeddable":true,"href":"https:\/\/www.rajapack.pl\/blog-pl\/wp-json\/wp\/v2\/comments?post=4909"}],"version-history":[{"count":1,"href":"https:\/\/www.rajapack.pl\/blog-pl\/wp-json\/wp\/v2\/posts\/4909\/revisions"}],"predecessor-version":[{"id":4911,"href":"https:\/\/www.rajapack.pl\/blog-pl\/wp-json\/wp\/v2\/posts\/4909\/revisions\/4911"}],"wp:featuredmedia":[{"embeddable":true,"href":"https:\/\/www.rajapack.pl\/blog-pl\/wp-json\/wp\/v2\/media\/4910"}],"wp:attachment":[{"href":"https:\/\/www.rajapack.pl\/blog-pl\/wp-json\/wp\/v2\/media?parent=4909"}],"wp:term":[{"taxonomy":"category","embeddable":true,"href":"https:\/\/www.rajapack.pl\/blog-pl\/wp-json\/wp\/v2\/categories?post=4909"},{"taxonomy":"post_tag","embeddable":true,"href":"https:\/\/www.rajapack.pl\/blog-pl\/wp-json\/wp\/v2\/tags?post=4909"}],"curies":[{"name":"wp","href":"https:\/\/api.w.org\/{rel}","templated":true}]}}