{"id":4834,"date":"2025-09-04T13:37:26","date_gmt":"2025-09-04T12:37:26","guid":{"rendered":"https:\/\/www.rajapack.pl\/blog-pl\/?p=4834"},"modified":"2025-09-04T13:37:26","modified_gmt":"2025-09-04T12:37:26","slug":"kto-odpowiada-za-przewozony-ladunek","status":"publish","type":"post","link":"https:\/\/www.rajapack.pl\/blog-pl\/kto-odpowiada-za-przewozony-ladunek","title":{"rendered":"Kto odpowiada za przewo\u017cony \u0142adunek?"},"content":{"rendered":"<p><strong>Przew\u00f3z \u0142adunk\u00f3w to jeden z najwa\u017cniejszych etap\u00f3w \u0142a\u0144cucha dostaw, kt\u00f3ry powinien przebiega\u0107 sprawnie oraz zapewnia\u0107 bezpiecze\u0144stwo towarom. Co, je\u015bli jednak dojdzie do ich ubytku? W tym artykule wyja\u015bniamy, kto odpowiada za uszkodzenie towaru w trakcie transportu. Sprawd\u017a, co warto wiedzie\u0107 na ten temat.<\/strong><\/p>\n<div id=\"ez-toc-container\" class=\"ez-toc-v2_0_67_1 counter-hierarchy ez-toc-counter ez-toc-grey ez-toc-container-direction\">\n<div class=\"ez-toc-title-container\">\n<p class=\"ez-toc-title \" >Table of Contents<\/p>\n<span class=\"ez-toc-title-toggle\"><a href=\"#\" class=\"ez-toc-pull-right ez-toc-btn ez-toc-btn-xs ez-toc-btn-default ez-toc-toggle\" aria-label=\"Toggle Table of Content\"><span class=\"ez-toc-js-icon-con\"><span class=\"\"><span class=\"eztoc-hide\" style=\"display:none;\">Toggle<\/span><span class=\"ez-toc-icon-toggle-span\"><svg style=\"fill: #999;color:#999\" xmlns=\"http:\/\/www.w3.org\/2000\/svg\" class=\"list-377408\" width=\"20px\" height=\"20px\" viewBox=\"0 0 24 24\" fill=\"none\"><path d=\"M6 6H4v2h2V6zm14 0H8v2h12V6zM4 11h2v2H4v-2zm16 0H8v2h12v-2zM4 16h2v2H4v-2zm16 0H8v2h12v-2z\" fill=\"currentColor\"><\/path><\/svg><svg style=\"fill: #999;color:#999\" class=\"arrow-unsorted-368013\" xmlns=\"http:\/\/www.w3.org\/2000\/svg\" width=\"10px\" height=\"10px\" viewBox=\"0 0 24 24\" version=\"1.2\" baseProfile=\"tiny\"><path d=\"M18.2 9.3l-6.2-6.3-6.2 6.3c-.2.2-.3.4-.3.7s.1.5.3.7c.2.2.4.3.7.3h11c.3 0 .5-.1.7-.3.2-.2.3-.5.3-.7s-.1-.5-.3-.7zM5.8 14.7l6.2 6.3 6.2-6.3c.2-.2.3-.5.3-.7s-.1-.5-.3-.7c-.2-.2-.4-.3-.7-.3h-11c-.3 0-.5.1-.7.3-.2.2-.3.5-.3.7s.1.5.3.7z\"\/><\/svg><\/span><\/span><\/span><\/a><\/span><\/div>\n<nav><ul class='ez-toc-list ez-toc-list-level-1 ' ><li class='ez-toc-page-1 ez-toc-heading-level-2'><a class=\"ez-toc-link ez-toc-heading-1\" href=\"https:\/\/www.rajapack.pl\/blog-pl\/kto-odpowiada-za-przewozony-ladunek\/#Kto_odpowiada_za_przewozony_ladunek_wedlug_przepisow_prawa\" title=\"Kto odpowiada za przewo\u017cony \u0142adunek wed\u0142ug przepis\u00f3w prawa?\">Kto odpowiada za przewo\u017cony \u0142adunek wed\u0142ug przepis\u00f3w prawa?<\/a><\/li><li class='ez-toc-page-1 ez-toc-heading-level-2'><a class=\"ez-toc-link ez-toc-heading-2\" href=\"https:\/\/www.rajapack.pl\/blog-pl\/kto-odpowiada-za-przewozony-ladunek\/#Jakie_sa_obowiazki_przewoznika_spedytora_nadawcy_i_odbiorcy\" title=\"Jakie s\u0105 obowi\u0105zki przewo\u017anika, spedytora, nadawcy i odbiorcy?\">Jakie s\u0105 obowi\u0105zki przewo\u017anika, spedytora, nadawcy i odbiorcy?<\/a><\/li><li class='ez-toc-page-1 ez-toc-heading-level-2'><a class=\"ez-toc-link ez-toc-heading-3\" href=\"https:\/\/www.rajapack.pl\/blog-pl\/kto-odpowiada-za-przewozony-ladunek\/#Kto_odpowiada_za_uszkodzenie_towaru_w_trakcie_transportu_miedzynarodowego\" title=\"Kto odpowiada za uszkodzenie towaru w trakcie transportu mi\u0119dzynarodowego?\">Kto odpowiada za uszkodzenie towaru w trakcie transportu mi\u0119dzynarodowego?<\/a><\/li><li class='ez-toc-page-1 ez-toc-heading-level-2'><a class=\"ez-toc-link ez-toc-heading-4\" href=\"https:\/\/www.rajapack.pl\/blog-pl\/kto-odpowiada-za-przewozony-ladunek\/#Kiedy_odpowiedzialnosc_przewoznika_za_uszkodzenia_moze_zostac_wylaczona\" title=\"Kiedy odpowiedzialno\u015b\u0107 przewo\u017anika za uszkodzenia mo\u017ce zosta\u0107 wy\u0142\u0105czona?\">Kiedy odpowiedzialno\u015b\u0107 przewo\u017anika za uszkodzenia mo\u017ce zosta\u0107 wy\u0142\u0105czona?<\/a><\/li><li class='ez-toc-page-1 ez-toc-heading-level-2'><a class=\"ez-toc-link ez-toc-heading-5\" href=\"https:\/\/www.rajapack.pl\/blog-pl\/kto-odpowiada-za-przewozony-ladunek\/#Jak_uniknac_uszkodzenia_ladunku\" title=\"Jak unikn\u0105\u0107 uszkodzenia \u0142adunku?\">Jak unikn\u0105\u0107 uszkodzenia \u0142adunku?<\/a><\/li><li class='ez-toc-page-1 ez-toc-heading-level-2'><a class=\"ez-toc-link ez-toc-heading-6\" href=\"https:\/\/www.rajapack.pl\/blog-pl\/kto-odpowiada-za-przewozony-ladunek\/#Najczesciej_zadawane_pytania_o_odpowiedzialnosc_za_przewozony_ladunek\" title=\"Najcz\u0119\u015bciej zadawane pytania o odpowiedzialno\u015b\u0107 za przewo\u017cony \u0142adunek\">Najcz\u0119\u015bciej zadawane pytania o odpowiedzialno\u015b\u0107 za przewo\u017cony \u0142adunek<\/a><ul class='ez-toc-list-level-3' ><li class='ez-toc-heading-level-3'><a class=\"ez-toc-link ez-toc-heading-7\" href=\"https:\/\/www.rajapack.pl\/blog-pl\/kto-odpowiada-za-przewozony-ladunek\/#Kto_ponosi_odpowiedzialnosc_za_czynnosci_ladunkowe\" title=\"Kto ponosi odpowiedzialno\u015b\u0107 za czynno\u015bci \u0142adunkowe?\">Kto ponosi odpowiedzialno\u015b\u0107 za czynno\u015bci \u0142adunkowe?<\/a><\/li><li class='ez-toc-page-1 ez-toc-heading-level-3'><a class=\"ez-toc-link ez-toc-heading-8\" href=\"https:\/\/www.rajapack.pl\/blog-pl\/kto-odpowiada-za-przewozony-ladunek\/#Czy_kierowca_odpowiada_za_przewozony_ladunek\" title=\"Czy kierowca odpowiada za przewo\u017cony \u0142adunek?\">Czy kierowca odpowiada za przewo\u017cony \u0142adunek?<\/a><\/li><li class='ez-toc-page-1 ez-toc-heading-level-3'><a class=\"ez-toc-link ez-toc-heading-9\" href=\"https:\/\/www.rajapack.pl\/blog-pl\/kto-odpowiada-za-przewozony-ladunek\/#Czy_spedytor_ponosi_odpowiedzialnosc_za_przewoznika\" title=\"Czy spedytor ponosi odpowiedzialno\u015b\u0107 za przewo\u017anika?\">Czy spedytor ponosi odpowiedzialno\u015b\u0107 za przewo\u017anika?<\/a><\/li><li class='ez-toc-page-1 ez-toc-heading-level-3'><a class=\"ez-toc-link ez-toc-heading-10\" href=\"https:\/\/www.rajapack.pl\/blog-pl\/kto-odpowiada-za-przewozony-ladunek\/#Czym_sie_rozni_kierowca_od_przewoznika\" title=\"Czym si\u0119 r\u00f3\u017cni kierowca od przewo\u017anika?\">Czym si\u0119 r\u00f3\u017cni kierowca od przewo\u017anika?<\/a><\/li><\/ul><\/li><\/ul><\/nav><\/div>\n<h2><span class=\"ez-toc-section\" id=\"Kto_odpowiada_za_przewozony_ladunek_wedlug_przepisow_prawa\"><\/span>Kto odpowiada za przewo\u017cony \u0142adunek wed\u0142ug przepis\u00f3w prawa?<span class=\"ez-toc-section-end\"><\/span><\/h2>\n<p>Ustalenie odpowiedzialno\u015bci ka\u017cdego uczestnika \u0142a\u0144cucha dostaw jest istotne dla bezpiecze\u0144stwa ca\u0142ego procesu. Kto odpowiada za przewo\u017cony \u0142adunek w \u015bwietle prawa? Podstawowym krajowym aktem prawnym, kt\u00f3ry to reguluje jest Prawo Przewozowe z 15 listopada 1984 r. <strong>Zgodnie z nim, od momentu przyj\u0119cia przesy\u0142ki do chwili jej wydania odbiorcy, odpowiedzialno\u015b\u0107 spoczywa na przewo\u017aniku.<\/strong> Dotyczy to:<\/p>\n<ul>\n<li>utraty towaru,<\/li>\n<li>uszkodzenia \u0142adunku,<\/li>\n<li>ubytku towaru,<\/li>\n<li>op\u00f3\u017anie\u0144 w dostawie.<\/li>\n<\/ul>\n<p>To strona odpowiedzialna za \u0142adunek powinna zatroszczy\u0107 si\u0119 wi\u0119c o stosown\u0105 ochron\u0119, stosuj\u0105c np. wytrzyma\u0142e <a href=\"https:\/\/www.rajapack.pl\/kartony-pudelka-opakowania-kartonowe_C11.html\">pude\u0142ka kartonowe<\/a>. Co wa\u017cne, odpowiedzialno\u015b\u0107 za przewo\u017cony towar ci\u0105\u017cy te\u017c na kierowcy. Mo\u017ce on zosta\u0107 obarczony win\u0105 w momencie, kiedy nie wype\u0142nia\u0142 swoich obowi\u0105zk\u00f3w starannie.<\/p>\n<p>Odbi\u00f3r uszkodzonej przesy\u0142ki jest powa\u017cnym problemem dla odbiorcy. Jak nale\u017cy si\u0119 zachowa\u0107 w takiej sytuacji? Przeczytaj nasz ostatni wpis i dowiedz si\u0119, <a href=\"https:\/\/www.rajapack.pl\/blog-pl\/jakie-masz-prawa-jesli-otrzymales-uszkodzona-przesylke\">jakie masz prawa, je\u015bli otrzyma\u0142e\u015b uszkodzon\u0105 przesy\u0142k\u0119<\/a>.<\/p>\n<h2><span class=\"ez-toc-section\" id=\"Jakie_sa_obowiazki_przewoznika_spedytora_nadawcy_i_odbiorcy\"><\/span>Jakie s\u0105 obowi\u0105zki przewo\u017anika, spedytora, nadawcy i odbiorcy?<span class=\"ez-toc-section-end\"><\/span><\/h2>\n<p>Analizuj\u0105c, kto odpowiada za przewo\u017cony \u0142adunek, trzeba mie\u0107 na uwadze, \u017ce jest to zwi\u0105zane r\u00f3wnie\u017c z etapem procesu logistycznego. Ka\u017cdy uczestnik \u0142a\u0144cucha dostaw ma swoje obowi\u0105zki, a dok\u0142adniej:<\/p>\n<ul>\n<li>spedytor odpowiada za wyb\u00f3r przewo\u017anika,<\/li>\n<li>przewo\u017anik zapewnia bezpieczny transport \u0142adunku,<\/li>\n<li>nadawca dba o za\u0142adunek towaru,<\/li>\n<li>odbiorca odpowiada za roz\u0142adunek.<\/li>\n<\/ul>\n<p>Kto odpowiada za zabezpieczenie \u0142adunku na naczepie? Jak wynika z Prawa Przewozowego, obowi\u0105zek ten spoczywa na nadawcy, kt\u00f3ry dba te\u017c o ochron\u0119 przesy\u0142ek przez stosowanie trwa\u0142ych opakowa\u0144 i akcesori\u00f3w, takich jak <a href=\"https:\/\/www.rajapack.pl\/folia-babelkowa-wypelniacze\/wypelniacze-do-paczek-chipsy_C1440.html\">wype\u0142niacze do paczek<\/a>. <strong>Przeniesienie odpowiedzialno\u015bci na inny podmiot jest mo\u017cliwe poprzez odpowiednio skonstruowany zapis w Umowie Przewozu.<\/strong><\/p>\n<h2><span class=\"ez-toc-section\" id=\"Kto_odpowiada_za_uszkodzenie_towaru_w_trakcie_transportu_miedzynarodowego\"><\/span>Kto odpowiada za uszkodzenie towaru w trakcie transportu mi\u0119dzynarodowego?<span class=\"ez-toc-section-end\"><\/span><\/h2>\n<p>Przepisy krajowe trac\u0105 zastosowanie w przypadku przewozu mi\u0119dzynarodowego. Transport drogowy mi\u0119dzy r\u00f3\u017cnymi krajami reguluje za to Konwencja CMR, kt\u00f3ra ustala m.in. kto odpowiada za uszkodzenie towaru w trakcie transportu mi\u0119dzynarodowego.<strong> Zgodnie z art. 17 to przewo\u017anik ponosi odpowiedzialno\u015b\u0107 za uszkodzenia, a tak\u017ce cz\u0119\u015bciowe lub ca\u0142kowite zagini\u0119cie \u0142adunku.<\/strong><\/p>\n<p>Podobnie jak w polskim prawie, CMR uznaje odpowiedzialno\u015b\u0107 przewo\u017anika za towar od momentu jego przyj\u0119cia do chwili wydania. Przestrzeganie prawa mi\u0119dzynarodowego r\u00f3wnie\u017c wi\u0105\u017ce si\u0119 z konieczno\u015bci\u0105 prawid\u0142owego zabezpieczenia \u0142adunku, w czym mo\u017ce pom\u00f3c np. <a href=\"https:\/\/www.rajapack.pl\/tasmy-samoprzylepne-spinajace\/tasma-pakowa_C1510.html\">ta\u015bma pakowa<\/a>.<\/p>\n<h2><span class=\"ez-toc-section\" id=\"Kiedy_odpowiedzialnosc_przewoznika_za_uszkodzenia_moze_zostac_wylaczona\"><\/span>Kiedy odpowiedzialno\u015b\u0107 przewo\u017anika za uszkodzenia mo\u017ce zosta\u0107 wy\u0142\u0105czona?<span class=\"ez-toc-section-end\"><\/span><\/h2>\n<p>Przewo\u017anik odpowiada materialnie za szkody powsta\u0142e w trakcie przewozu \u0142adunku. Wysoko\u015b\u0107 kwoty zale\u017cy za\u015b od rodzaju przewinienia, warto\u015bci towaru, a tak\u017ce rodzaju posiadanego ubezpieczenia. Czy odpowiedzialno\u015b\u0107 przewo\u017anika mo\u017cna zupe\u0142nie wy\u0142\u0105czy\u0107? <strong>Tak, je\u015bli uszkodzenie jest spowodowane m.in. wad\u0105 towaru lub okoliczno\u015bciami, kt\u00f3rych przewo\u017anik nie m\u00f3g\u0142 unikn\u0105\u0107 i kt\u00f3rych nast\u0119pstwom nie da\u0142o si\u0119 zapobiec.<\/strong><\/p>\n<p>Udowodnienie, \u017ce uszkodzenie \u0142adunku nie powsta\u0142o z winy przewo\u017anika nie zawsze jest \u0142atwe. I dlatego warto zadba\u0107 o przewo\u017cone towary poprzez zastosowanie wysokiej jako\u015bci akcesori\u00f3w i opakowa\u0144. Sprawd\u017a nasz\u0105 ofert\u0119 \u2013 <a href=\"https:\/\/www.rajapack.pl\/folia-babelkowa-wypelniacze\/folia-babelkowa-poduszki_C1410.html\">folia b\u0105belkowa<\/a>, kartony, koperty, ta\u015bmy czy folie RAJA zadbaj\u0105 o bezpiecze\u0144stwo ka\u017cdego towaru.<\/p>\n<h2><span class=\"ez-toc-section\" id=\"Jak_uniknac_uszkodzenia_ladunku\"><\/span>Jak unikn\u0105\u0107 uszkodzenia \u0142adunku?<span class=\"ez-toc-section-end\"><\/span><\/h2>\n<p>Nieprawid\u0142owo zapakowana i niew\u0142a\u015bciwie zabezpieczona paczka mo\u017ce si\u0119 szybko zniszczy\u0107 podczas transportu. <strong>S\u0142abe, nietrwa\u0142e, niewytrzyma\u0142e opakowanie najprawdopodobniej rozerwie si\u0119, co wi\u0105\u017ce si\u0119 z wieloma negatywnymi konsekwencjami, np. zagini\u0119ciem zawarto\u015bci.<\/strong><\/p>\n<p><a href=\"https:\/\/www.rajapack.pl\/blog-pl\/jak-bezpiecznie-pakowac-przesylki\">Jak bezpiecznie pakowa\u0107 przesy\u0142ki?<\/a> Przeczytaj nasz ostatni wpis i dowiedz si\u0119, jak powinien wygl\u0105da\u0107 wyb\u00f3r odpowiedniego opakowania i dodatkowych akcesori\u00f3w.<\/p>\n<h2><span class=\"ez-toc-section\" id=\"Najczesciej_zadawane_pytania_o_odpowiedzialnosc_za_przewozony_ladunek\"><\/span>Najcz\u0119\u015bciej zadawane pytania o odpowiedzialno\u015b\u0107 za przewo\u017cony \u0142adunek<span class=\"ez-toc-section-end\"><\/span><\/h2>\n<p>Ustalenie, kto odpowiada za przewo\u017cony \u0142adunek jest wa\u017cne ze wzgl\u0119du na interes nadawcy i odbiorcy. Jakie mog\u0105 pojawia\u0107 si\u0119 w zwi\u0105zku z tym pytania? Sprawd\u017a poni\u017cej.<\/p>\n<h3><span class=\"ez-toc-section\" id=\"Kto_ponosi_odpowiedzialnosc_za_czynnosci_ladunkowe\"><\/span>Kto ponosi odpowiedzialno\u015b\u0107 za czynno\u015bci \u0142adunkowe?<span class=\"ez-toc-section-end\"><\/span><\/h3>\n<p>Zgodnie z ustaw\u0105 Prawo Przewozowe odpowiedzialno\u015b\u0107 za za\u0142adunek i roz\u0142adunek spoczywa na nadawcy (za\u0142adunek) i odbiorcy (roz\u0142adunek). Strony mog\u0105 jednak postanowi\u0107 w umowie przewozu, \u017ce okre\u015blone czynno\u015bci wykona przewo\u017anik, kt\u00f3ry jednocze\u015bnie przejmie odpowiedzialno\u015b\u0107 za szkody powsta\u0142e przy za\u0142adunku lub roz\u0142adunku.<\/p>\n<h3><span class=\"ez-toc-section\" id=\"Czy_kierowca_odpowiada_za_przewozony_ladunek\"><\/span>Czy kierowca odpowiada za przewo\u017cony \u0142adunek?<span class=\"ez-toc-section-end\"><\/span><\/h3>\n<p>Kierowca mo\u017ce odpowiada\u0107 za uszkodzenie \u0142adunku w sytuacji, kiedy dosz\u0142o do tego z jego winy lub nie zadba\u0142 o odpowiednie zabezpieczenie towaru. Umowa przewozu mo\u017ce jednak przenosi\u0107 cz\u0119\u015b\u0107 odpowiedzialno\u015bci na przewo\u017anika.<\/p>\n<h3><span class=\"ez-toc-section\" id=\"Czy_spedytor_ponosi_odpowiedzialnosc_za_przewoznika\"><\/span>Czy spedytor ponosi odpowiedzialno\u015b\u0107 za przewo\u017anika?<span class=\"ez-toc-section-end\"><\/span><\/h3>\n<p>Zgodnie z art. 799 Kodeksu Cywilnego spedytor jest odpowiedzialny za przewo\u017anika oraz inne osoby, kt\u00f3rymi pos\u0142uguje si\u0119 w celu wykonania zlecenia, chyba \u017ce nie ponosi winy w ich wyborze. Spedytor jest wi\u0119c odpowiedzialny za problemy zwi\u0105zane z transportem, je\u015bli nie zachowa\u0142 nale\u017cytej staranno\u015bci przy wyborze przewo\u017anika.<\/p>\n<h3><span class=\"ez-toc-section\" id=\"Czym_sie_rozni_kierowca_od_przewoznika\"><\/span>Czym si\u0119 r\u00f3\u017cni kierowca od przewo\u017anika?<span class=\"ez-toc-section-end\"><\/span><\/h3>\n<p>Kierowca to osoba zajmuj\u0105ca si\u0119 przewozem towar\u00f3w lub us\u0142ug. Przewo\u017anik to z kolei firma prowadz\u0105ca obs\u0142ug\u0119 logistyczn\u0105, kt\u00f3ra przewozi du\u017ce ilo\u015bci \u0142adunk\u00f3w, dysponuje w\u0142asn\u0105 flot\u0105 pojazd\u00f3w oraz zatrudnia kierowc\u00f3w.<\/p>\n<div class=\"su-table su-table-alternate\"><div class=\"su-table su-table-alternate\"><\/div>\n<table>\n<tbody>\n<tr>\n<td><img loading=\"lazy\" decoding=\"async\" class=\"alignnone size-full wp-image-9278\" src=\"https:\/\/raja.scene7.com\/is\/image\/Raja\/products\/karton-z-automatycznym-dnem-z-samoprzylepnym-zamkni-ciem_PDT12578.jpg?template=withpicto600&amp;$image=M_PF50_O_A2_FR&amp;$picto=NoPicto&amp;hei=600&amp;wid=600&amp;fmt=jpg&amp;qlt=85,0&amp;resMode=sharp2&amp;op_usm=1.75,0.3,2,0\" width=\"600\" height=\"600\" \/><\/td>\n<td><a href=\"https:\/\/www.rajapack.pl\/kartony-pudelka-opakowania-kartonowe\/kartony-z-automatycznym-dnem\/karton-z-automatycznym-dnem-z-samoprzylepnym-zamknieciem_PDT12578.html\" target=\"_blank\" rel=\"noopener\"><strong>Karton z automatycznym dnem z samoprzylepnym zamkni\u0119ciem<\/strong><\/a> Bezpiecznie i szybkie zamkni\u0119cie: ta\u015bma klej\u0105ca.<\/td>\n<\/tr>\n<tr>\n<td><img loading=\"lazy\" decoding=\"async\" class=\"alignnone size-full wp-image-9278\" src=\"https:\/\/raja.scene7.com\/is\/image\/Raja\/products\/papierowa-klej-ca-samoprzylepna-kraft-raja-57-g-m2_OFF_PL_0841.jpg?template=withpicto600&amp;$image=M_ADG12_D_S2_0711_F&amp;$picto=NoPicto&amp;hei=600&amp;wid=600&amp;fmt=jpg&amp;qlt=85,0&amp;resMode=sharp2&amp;op_usm=1.75,0.3,2,0\" width=\"600\" height=\"600\" \/><\/td>\n<td><a href=\"https:\/\/www.rajapack.pl\/tasmy-samoprzylepne-spinajace\/tasma-pakowa\/tasma-papierowa\/tasma-papierowa-kraft-raja_OFF_PL_0841.html\" target=\"_blank\" rel=\"noopener\"><strong>Papierowa ta\u015bma klej\u0105ca samoprzylepna<\/strong><\/a> Ekologiczna w 100%, wykonana z papieru kraft, przeznaczona do recyklingu razem z tekturowym opakowaniem.<\/td>\n<\/tr>\n<tr>\n<td><img loading=\"lazy\" decoding=\"async\" class=\"alignnone size-full wp-image-9281\" src=\"https:\/\/raja.scene7.com\/is\/image\/Raja\/products\/koperta-b-belkowa-br-zowa-w-95-z-recyklingu-raja_OFF_PL_09202431.jpg?template=withpicto600&amp;$image=oes8992479AA&amp;$picto=NoPicto&amp;hei=600&amp;wid=600&amp;fmt=jpg&amp;qlt=85,0&amp;resMode=sharp2&amp;op_usm=1.75,0.3,2,0\" width=\"600\" height=\"600\" \/><\/td>\n<td><a href=\"https:\/\/www.rajapack.pl\/koperty-tuby\/koperty-z-folia-babelkowa\/koperty-babelkowe\/koperta-babelkowa-raja-brazowa-recykling_OFF_PL_09202431.html\" target=\"_blank\" rel=\"noopener\"><strong>Koperta b\u0105belkowa br\u0105zowa w 95% z recyklingu RAJA<\/strong><\/a> Lekka: pozwala obni\u017cy\u0107 koszty pocztowe.<\/td>\n<\/tr>\n<tr>\n<td><img loading=\"lazy\" decoding=\"async\" class=\"alignnone size-full wp-image-9282\" src=\"https:\/\/raja.scene7.com\/is\/image\/Raja\/products\/woreczek-z-folii-b-belkowej-w-80-z-recyklingu-z-samoprzylepn_OFF_PL_092225.jpg?template=withpicto600&amp;$image=M_SBR1TB_A_BE&amp;$picto=NoPicto&amp;hei=600&amp;wid=600&amp;fmt=jpg&amp;qlt=85,0&amp;resMode=sharp2&amp;op_usm=1.75,0.3,2,0\" width=\"410\" height=\"410\" \/><\/td>\n<td><a href=\"https:\/\/www.rajapack.pl\/torby-worki-woreczki\/worki-torby-foliowe\/woreczki-babelkowe\/woreczki-babelkowe-70mic-recykling_OFF_PL_092225.html\" target=\"_blank\" rel=\"noopener\"><strong>Woreczek z folii b\u0105belkowej w 80% z recyklingu, z ta\u015bm\u0105 samoprzylepn\u0105<\/strong><\/a> Bardzo odporny na rozdarcia i zgniecenia.<\/td>\n<\/tr>\n<tr>\n<td><img loading=\"lazy\" decoding=\"async\" class=\"alignnone size-full wp-image-9283\" src=\"https:\/\/raja.scene7.com\/is\/image\/Raja\/products\/folia-b-belkowa-60-mikron-w-w-100-z-recyklingu_OFF_PL_09202438.jpg?template=withpicto600&amp;$image=M_LUR050E_R_S1_017_F&amp;$picto=NoPicto&amp;hei=600&amp;wid=600&amp;fmt=jpg&amp;qlt=85,0&amp;resMode=sharp2&amp;op_usm=1.75,0.3,2,0\" width=\"600\" height=\"600\" \/><\/td>\n<td><a href=\"https:\/\/www.rajapack.pl\/folia-babelkowa-wypelniacze\/folia-babelkowa-poduszki\/folia-babelkowa\/folia-babelkowa-rajabul-standard-recykling_OFF_PL_09202438.html\" target=\"_blank\" rel=\"noopener\"><strong>Folia b\u0105belkowa 60 mikron\u00f3w w 100% z recyklingu<\/strong><\/a> Doskona\u0142a ochrona: amortyzuje wstrz\u0105sy.<\/td>\n<\/tr>\n<\/tbody>\n<\/table>\n<\/div>\n","protected":false},"excerpt":{"rendered":"<p>Przew\u00f3z \u0142adunk\u00f3w to jeden z najwa\u017cniejszych etap\u00f3w \u0142a\u0144cucha dostaw, kt\u00f3ry powinien przebiega\u0107 sprawnie oraz zapewnia\u0107 bezpiecze\u0144stwo towarom. Co, je\u015bli jednak dojdzie do ich ubytku? W tym artykule wyja\u015bniamy, kto odpowiada [&#8230;]<\/p>\n","protected":false},"author":39,"featured_media":4835,"comment_status":"open","ping_status":"closed","sticky":false,"template":"","format":"standard","meta":{"_acf_changed":false,"footnotes":""},"categories":[1],"tags":[],"class_list":["post-4834","post","type-post","status-publish","format-standard","has-post-thumbnail","hentry","category-bez-kategorii"],"acf":[],"yoast_head":"\n<title>Kto odpowiada za przewo\u017cony \u0142adunek? - BIZNES DOBRZE OPAKOWANY<\/title>\n<meta name=\"robots\" content=\"index, follow, max-snippet:-1, max-image-preview:large, max-video-preview:-1\" \/>\n<link rel=\"canonical\" href=\"https:\/\/www.rajapack.pl\/blog-pl\/kto-odpowiada-za-przewozony-ladunek\" \/>\n<meta property=\"og:locale\" content=\"pl_PL\" \/>\n<meta property=\"og:type\" content=\"article\" \/>\n<meta property=\"og:title\" content=\"Kto odpowiada za przewo\u017cony \u0142adunek? - BIZNES DOBRZE OPAKOWANY\" \/>\n<meta property=\"og:description\" content=\"Przew\u00f3z \u0142adunk\u00f3w to jeden z najwa\u017cniejszych etap\u00f3w \u0142a\u0144cucha dostaw, kt\u00f3ry powinien przebiega\u0107 sprawnie oraz zapewnia\u0107 bezpiecze\u0144stwo towarom. Co, je\u015bli jednak dojdzie do ich ubytku? W tym artykule wyja\u015bniamy, kto odpowiada [...]\" \/>\n<meta property=\"og:url\" content=\"https:\/\/www.rajapack.pl\/blog-pl\/kto-odpowiada-za-przewozony-ladunek\" \/>\n<meta property=\"og:site_name\" content=\"BIZNES DOBRZE OPAKOWANY\" \/>\n<meta property=\"article:published_time\" content=\"2025-09-04T12:37:26+00:00\" \/>\n<meta property=\"og:image\" content=\"https:\/\/www.rajapack.pl\/blog-pl\/wp-content\/uploads\/2025\/09\/Obraz11.jpg\" \/>\n\t<meta property=\"og:image:width\" content=\"602\" \/>\n\t<meta property=\"og:image:height\" content=\"401\" \/>\n\t<meta property=\"og:image:type\" content=\"image\/jpeg\" \/>\n<meta name=\"author\" content=\"RAJA\" \/>\n<meta name=\"twitter:card\" content=\"summary_large_image\" \/>\n<meta name=\"twitter:label1\" content=\"Napisane przez\" \/>\n\t<meta name=\"twitter:data1\" content=\"RAJA\" \/>\n\t<meta name=\"twitter:label2\" content=\"Szacowany czas czytania\" \/>\n\t<meta name=\"twitter:data2\" content=\"7 minut\" \/>\n<script type=\"application\/ld+json\" class=\"yoast-schema-graph\">{\n\t    \"@context\": \"https:\/\/schema.org\",\n\t    \"@graph\": [\n\t        {\n\t            \"@type\": \"WebPage\",\n\t            \"@id\": \"https:\/\/www.rajapack.pl\/blog-pl\/kto-odpowiada-za-przewozony-ladunek\",\n\t            \"url\": \"https:\/\/www.rajapack.pl\/blog-pl\/kto-odpowiada-za-przewozony-ladunek\",\n\t            \"name\": \"Kto odpowiada za przewo\u017cony \u0142adunek? - BIZNES DOBRZE OPAKOWANY\",\n\t            \"isPartOf\": {\n\t                \"@id\": \"https:\/\/www.rajapack.pl\/blog-pl\/#website\"\n\t            },\n\t            \"primaryImageOfPage\": {\n\t                \"@id\": \"https:\/\/www.rajapack.pl\/blog-pl\/kto-odpowiada-za-przewozony-ladunek#primaryimage\"\n\t            },\n\t            \"image\": {\n\t                \"@id\": \"https:\/\/www.rajapack.pl\/blog-pl\/kto-odpowiada-za-przewozony-ladunek#primaryimage\"\n\t            },\n\t            \"thumbnailUrl\": \"https:\/\/www.rajapack.pl\/blog-pl\/wp-content\/uploads\/2025\/09\/Obraz11.jpg\",\n\t            \"datePublished\": \"2025-09-04T12:37:26+00:00\",\n\t            \"dateModified\": \"2025-09-04T12:37:26+00:00\",\n\t            \"author\": {\n\t                \"@id\": \"https:\/\/www.rajapack.pl\/blog-pl\/#\/schema\/person\/9bcea0d1de41f7096a6854720473a792\"\n\t            },\n\t            \"inLanguage\": \"pl-PL\",\n\t            \"potentialAction\": [\n\t                {\n\t                    \"@type\": \"ReadAction\",\n\t                    \"target\": [\n\t                        \"https:\/\/www.rajapack.pl\/blog-pl\/kto-odpowiada-za-przewozony-ladunek\"\n\t                    ]\n\t                }\n\t            ]\n\t        },\n\t        {\n\t            \"@type\": \"ImageObject\",\n\t            \"inLanguage\": \"pl-PL\",\n\t            \"@id\": \"https:\/\/www.rajapack.pl\/blog-pl\/kto-odpowiada-za-przewozony-ladunek#primaryimage\",\n\t            \"url\": \"https:\/\/www.rajapack.pl\/blog-pl\/wp-content\/uploads\/2025\/09\/Obraz11.jpg\",\n\t            \"contentUrl\": \"https:\/\/www.rajapack.pl\/blog-pl\/wp-content\/uploads\/2025\/09\/Obraz11.jpg\",\n\t            \"width\": 602,\n\t            \"height\": 401,\n\t            \"caption\": \"wyci\u0105ganie paczek z samochodu\"\n\t        },\n\t        {\n\t            \"@type\": \"WebSite\",\n\t            \"@id\": \"https:\/\/www.rajapack.pl\/blog-pl\/#website\",\n\t            \"url\": \"https:\/\/www.rajapack.pl\/blog-pl\/\",\n\t            \"name\": \"BIZNES DOBRZE OPAKOWANY\",\n\t            \"description\": \"Porady ekspert\u00f3w do spraw opakowa\u0144\",\n\t            \"potentialAction\": [\n\t                {\n\t                    \"@type\": \"SearchAction\",\n\t                    \"target\": {\n\t                        \"@type\": \"EntryPoint\",\n\t                        \"urlTemplate\": \"https:\/\/www.rajapack.pl\/blog-pl\/?s={search_term_string}\"\n\t                    },\n\t                    \"query-input\": \"required name=search_term_string\"\n\t                }\n\t            ],\n\t            \"inLanguage\": \"pl-PL\"\n\t        },\n\t        {\n\t            \"@type\": \"Person\",\n\t            \"@id\": \"https:\/\/www.rajapack.pl\/blog-pl\/#\/schema\/person\/9bcea0d1de41f7096a6854720473a792\",\n\t            \"name\": \"RAJA\",\n\t            \"image\": {\n\t                \"@type\": \"ImageObject\",\n\t                \"inLanguage\": \"pl-PL\",\n\t                \"@id\": \"https:\/\/www.rajapack.pl\/blog-pl\/#\/schema\/person\/image\/\",\n\t                \"url\": \"https:\/\/secure.gravatar.com\/avatar\/afae8669568c1f323e00733847251eb5?s=96&d=mm&r=g\",\n\t                \"contentUrl\": \"https:\/\/secure.gravatar.com\/avatar\/afae8669568c1f323e00733847251eb5?s=96&d=mm&r=g\",\n\t                \"caption\": \"RAJA\"\n\t            },\n\t            \"url\": \"https:\/\/www.rajapack.pl\/blog-pl\/author\/ajoniuk\"\n\t        }\n\t    ]\n\t}<\/script>\n","yoast_head_json":{"title":"Kto odpowiada za przewo\u017cony \u0142adunek? - BIZNES DOBRZE OPAKOWANY","robots":{"index":"index","follow":"follow","max-snippet":"max-snippet:-1","max-image-preview":"max-image-preview:large","max-video-preview":"max-video-preview:-1"},"canonical":"https:\/\/www.rajapack.pl\/blog-pl\/kto-odpowiada-za-przewozony-ladunek","og_locale":"pl_PL","og_type":"article","og_title":"Kto odpowiada za przewo\u017cony \u0142adunek? - BIZNES DOBRZE OPAKOWANY","og_description":"Przew\u00f3z \u0142adunk\u00f3w to jeden z najwa\u017cniejszych etap\u00f3w \u0142a\u0144cucha dostaw, kt\u00f3ry powinien przebiega\u0107 sprawnie oraz zapewnia\u0107 bezpiecze\u0144stwo towarom. Co, je\u015bli jednak dojdzie do ich ubytku? W tym artykule wyja\u015bniamy, kto odpowiada [...]","og_url":"https:\/\/www.rajapack.pl\/blog-pl\/kto-odpowiada-za-przewozony-ladunek","og_site_name":"BIZNES DOBRZE OPAKOWANY","article_published_time":"2025-09-04T12:37:26+00:00","og_image":[{"width":602,"height":401,"url":"https:\/\/www.rajapack.pl\/blog-pl\/wp-content\/uploads\/2025\/09\/Obraz11.jpg","type":"image\/jpeg"}],"author":"RAJA","twitter_card":"summary_large_image","twitter_misc":{"Napisane przez":"RAJA","Szacowany czas czytania":"7 minut"},"schema":{"@context":"https:\/\/schema.org","@graph":[{"@type":"WebPage","@id":"https:\/\/www.rajapack.pl\/blog-pl\/kto-odpowiada-za-przewozony-ladunek","url":"https:\/\/www.rajapack.pl\/blog-pl\/kto-odpowiada-za-przewozony-ladunek","name":"Kto odpowiada za przewo\u017cony \u0142adunek? - BIZNES DOBRZE OPAKOWANY","isPartOf":{"@id":"https:\/\/www.rajapack.pl\/blog-pl\/#website"},"primaryImageOfPage":{"@id":"https:\/\/www.rajapack.pl\/blog-pl\/kto-odpowiada-za-przewozony-ladunek#primaryimage"},"image":{"@id":"https:\/\/www.rajapack.pl\/blog-pl\/kto-odpowiada-za-przewozony-ladunek#primaryimage"},"thumbnailUrl":"https:\/\/www.rajapack.pl\/blog-pl\/wp-content\/uploads\/2025\/09\/Obraz11.jpg","datePublished":"2025-09-04T12:37:26+00:00","dateModified":"2025-09-04T12:37:26+00:00","author":{"@id":"https:\/\/www.rajapack.pl\/blog-pl\/#\/schema\/person\/9bcea0d1de41f7096a6854720473a792"},"inLanguage":"pl-PL","potentialAction":[{"@type":"ReadAction","target":["https:\/\/www.rajapack.pl\/blog-pl\/kto-odpowiada-za-przewozony-ladunek"]}]},{"@type":"ImageObject","inLanguage":"pl-PL","@id":"https:\/\/www.rajapack.pl\/blog-pl\/kto-odpowiada-za-przewozony-ladunek#primaryimage","url":"https:\/\/www.rajapack.pl\/blog-pl\/wp-content\/uploads\/2025\/09\/Obraz11.jpg","contentUrl":"https:\/\/www.rajapack.pl\/blog-pl\/wp-content\/uploads\/2025\/09\/Obraz11.jpg","width":602,"height":401,"caption":"wyci\u0105ganie paczek z samochodu"},{"@type":"WebSite","@id":"https:\/\/www.rajapack.pl\/blog-pl\/#website","url":"https:\/\/www.rajapack.pl\/blog-pl\/","name":"BIZNES DOBRZE OPAKOWANY","description":"Porady ekspert\u00f3w do spraw opakowa\u0144","potentialAction":[{"@type":"SearchAction","target":{"@type":"EntryPoint","urlTemplate":"https:\/\/www.rajapack.pl\/blog-pl\/?s={search_term_string}"},"query-input":"required name=search_term_string"}],"inLanguage":"pl-PL"},{"@type":"Person","@id":"https:\/\/www.rajapack.pl\/blog-pl\/#\/schema\/person\/9bcea0d1de41f7096a6854720473a792","name":"RAJA","image":{"@type":"ImageObject","inLanguage":"pl-PL","@id":"https:\/\/www.rajapack.pl\/blog-pl\/#\/schema\/person\/image\/","url":"https:\/\/secure.gravatar.com\/avatar\/afae8669568c1f323e00733847251eb5?s=96&d=mm&r=g","contentUrl":"https:\/\/secure.gravatar.com\/avatar\/afae8669568c1f323e00733847251eb5?s=96&d=mm&r=g","caption":"RAJA"},"url":"https:\/\/www.rajapack.pl\/blog-pl\/author\/ajoniuk"}]}},"_links":{"self":[{"href":"https:\/\/www.rajapack.pl\/blog-pl\/wp-json\/wp\/v2\/posts\/4834"}],"collection":[{"href":"https:\/\/www.rajapack.pl\/blog-pl\/wp-json\/wp\/v2\/posts"}],"about":[{"href":"https:\/\/www.rajapack.pl\/blog-pl\/wp-json\/wp\/v2\/types\/post"}],"author":[{"embeddable":true,"href":"https:\/\/www.rajapack.pl\/blog-pl\/wp-json\/wp\/v2\/users\/39"}],"replies":[{"embeddable":true,"href":"https:\/\/www.rajapack.pl\/blog-pl\/wp-json\/wp\/v2\/comments?post=4834"}],"version-history":[{"count":1,"href":"https:\/\/www.rajapack.pl\/blog-pl\/wp-json\/wp\/v2\/posts\/4834\/revisions"}],"predecessor-version":[{"id":4836,"href":"https:\/\/www.rajapack.pl\/blog-pl\/wp-json\/wp\/v2\/posts\/4834\/revisions\/4836"}],"wp:featuredmedia":[{"embeddable":true,"href":"https:\/\/www.rajapack.pl\/blog-pl\/wp-json\/wp\/v2\/media\/4835"}],"wp:attachment":[{"href":"https:\/\/www.rajapack.pl\/blog-pl\/wp-json\/wp\/v2\/media?parent=4834"}],"wp:term":[{"taxonomy":"category","embeddable":true,"href":"https:\/\/www.rajapack.pl\/blog-pl\/wp-json\/wp\/v2\/categories?post=4834"},{"taxonomy":"post_tag","embeddable":true,"href":"https:\/\/www.rajapack.pl\/blog-pl\/wp-json\/wp\/v2\/tags?post=4834"}],"curies":[{"name":"wp","href":"https:\/\/api.w.org\/{rel}","templated":true}]}}