{"id":4720,"date":"2025-08-18T12:43:06","date_gmt":"2025-08-18T11:43:06","guid":{"rendered":"https:\/\/www.rajapack.pl\/blog-pl\/?p=4720"},"modified":"2025-08-18T12:43:06","modified_gmt":"2025-08-18T11:43:06","slug":"ekologiczne-opakowania-w-e-commerce-jak-przejscie-na-opakowania-ekologiczne-zmienia-logistyke-i-handel-detaliczny","status":"publish","type":"post","link":"https:\/\/www.rajapack.pl\/blog-pl\/ekologiczne-opakowania-w-e-commerce-jak-przejscie-na-opakowania-ekologiczne-zmienia-logistyke-i-handel-detaliczny","title":{"rendered":"Ekologiczne opakowania w e-commerce: jak przej\u015bcie na opakowania ekologiczne zmienia logistyk\u0119 i handel detaliczny?"},"content":{"rendered":"<p>W ostatnich latach zr\u00f3wnowa\u017cony rozw\u00f3j sta\u0142 si\u0119 kluczowym tematem nie tylko w produkcji, ale tak\u017ce w logistyce i handlu detalicznym. Dla przedsi\u0119biorstw, zw\u0142aszcza w sektorze e-commerce, przej\u015bcie na opakowania ekologiczne staje si\u0119 coraz bardziej istotne. W jaki spos\u00f3b ekologiczne opakowania zmieniaj\u0105 logistyk\u0119, magazynowanie i do\u015bwiadczenia klient\u00f3w? Jakie wyzwania stoj\u0105 przed firmami, kt\u00f3re decyduj\u0105 si\u0119 na zr\u00f3wnowa\u017cone podej\u015bcie?<\/p>\n<div id=\"ez-toc-container\" class=\"ez-toc-v2_0_67_1 counter-hierarchy ez-toc-counter ez-toc-grey ez-toc-container-direction\">\n<div class=\"ez-toc-title-container\">\n<p class=\"ez-toc-title \" >Table of Contents<\/p>\n<span class=\"ez-toc-title-toggle\"><a href=\"#\" class=\"ez-toc-pull-right ez-toc-btn ez-toc-btn-xs ez-toc-btn-default ez-toc-toggle\" aria-label=\"Toggle Table of Content\"><span class=\"ez-toc-js-icon-con\"><span class=\"\"><span class=\"eztoc-hide\" style=\"display:none;\">Toggle<\/span><span class=\"ez-toc-icon-toggle-span\"><svg style=\"fill: #999;color:#999\" xmlns=\"http:\/\/www.w3.org\/2000\/svg\" class=\"list-377408\" width=\"20px\" height=\"20px\" viewBox=\"0 0 24 24\" fill=\"none\"><path d=\"M6 6H4v2h2V6zm14 0H8v2h12V6zM4 11h2v2H4v-2zm16 0H8v2h12v-2zM4 16h2v2H4v-2zm16 0H8v2h12v-2z\" fill=\"currentColor\"><\/path><\/svg><svg style=\"fill: #999;color:#999\" class=\"arrow-unsorted-368013\" xmlns=\"http:\/\/www.w3.org\/2000\/svg\" width=\"10px\" height=\"10px\" viewBox=\"0 0 24 24\" version=\"1.2\" baseProfile=\"tiny\"><path d=\"M18.2 9.3l-6.2-6.3-6.2 6.3c-.2.2-.3.4-.3.7s.1.5.3.7c.2.2.4.3.7.3h11c.3 0 .5-.1.7-.3.2-.2.3-.5.3-.7s-.1-.5-.3-.7zM5.8 14.7l6.2 6.3 6.2-6.3c.2-.2.3-.5.3-.7s-.1-.5-.3-.7c-.2-.2-.4-.3-.7-.3h-11c-.3 0-.5.1-.7.3-.2.2-.3.5-.3.7s.1.5.3.7z\"\/><\/svg><\/span><\/span><\/span><\/a><\/span><\/div>\n<nav><ul class='ez-toc-list ez-toc-list-level-1 ' ><li class='ez-toc-page-1 ez-toc-heading-level-2'><a class=\"ez-toc-link ez-toc-heading-1\" href=\"https:\/\/www.rajapack.pl\/blog-pl\/ekologiczne-opakowania-w-e-commerce-jak-przejscie-na-opakowania-ekologiczne-zmienia-logistyke-i-handel-detaliczny\/#Dlaczego_warto_zajac_sie_kwestia_ekologicznych_opakowan\" title=\"Dlaczego warto zaj\u0105\u0107 si\u0119 kwesti\u0105 ekologicznych opakowa\u0144?\">Dlaczego warto zaj\u0105\u0107 si\u0119 kwesti\u0105 ekologicznych opakowa\u0144?<\/a><\/li><li class='ez-toc-page-1 ez-toc-heading-level-2'><a class=\"ez-toc-link ez-toc-heading-2\" href=\"https:\/\/www.rajapack.pl\/blog-pl\/ekologiczne-opakowania-w-e-commerce-jak-przejscie-na-opakowania-ekologiczne-zmienia-logistyke-i-handel-detaliczny\/#Jak_opakowania_ekologiczne_wplywaja_na_logistyke_i_magazynowanie\" title=\"Jak opakowania ekologiczne wp\u0142ywaj\u0105 na logistyk\u0119 i magazynowanie?\">Jak opakowania ekologiczne wp\u0142ywaj\u0105 na logistyk\u0119 i magazynowanie?<\/a><ul class='ez-toc-list-level-3' ><li class='ez-toc-heading-level-3'><a class=\"ez-toc-link ez-toc-heading-3\" href=\"https:\/\/www.rajapack.pl\/blog-pl\/ekologiczne-opakowania-w-e-commerce-jak-przejscie-na-opakowania-ekologiczne-zmienia-logistyke-i-handel-detaliczny\/#Korzysci_wynikajace_z_zastosowania_opakowan_przyjaznych_dla_srodowiska\" title=\"Korzy\u015bci wynikaj\u0105ce z zastosowania opakowa\u0144 przyjaznych dla \u015brodowiska\">Korzy\u015bci wynikaj\u0105ce z zastosowania opakowa\u0144 przyjaznych dla \u015brodowiska<\/a><\/li><\/ul><\/li><li class='ez-toc-page-1 ez-toc-heading-level-2'><a class=\"ez-toc-link ez-toc-heading-4\" href=\"https:\/\/www.rajapack.pl\/blog-pl\/ekologiczne-opakowania-w-e-commerce-jak-przejscie-na-opakowania-ekologiczne-zmienia-logistyke-i-handel-detaliczny\/#Wyzwania_zwiazane_z_wprowadzeniem_ekologicznych_opakowan\" title=\"Wyzwania zwi\u0105zane z wprowadzeniem ekologicznych opakowa\u0144\">Wyzwania zwi\u0105zane z wprowadzeniem ekologicznych opakowa\u0144<\/a><\/li><li class='ez-toc-page-1 ez-toc-heading-level-2'><a class=\"ez-toc-link ez-toc-heading-5\" href=\"https:\/\/www.rajapack.pl\/blog-pl\/ekologiczne-opakowania-w-e-commerce-jak-przejscie-na-opakowania-ekologiczne-zmienia-logistyke-i-handel-detaliczny\/#Jak_Rajapack_moze_pomoc\" title=\"Jak Rajapack mo\u017ce pom\u00f3c?\">Jak Rajapack mo\u017ce pom\u00f3c?<\/a><\/li><\/ul><\/nav><\/div>\n<h2><span class=\"ez-toc-section\" id=\"Dlaczego_warto_zajac_sie_kwestia_ekologicznych_opakowan\"><\/span>Dlaczego warto zaj\u0105\u0107 si\u0119 kwesti\u0105 ekologicznych opakowa\u0144?<span class=\"ez-toc-section-end\"><\/span><\/h2>\n<p>W e-commerce opakowania s\u0105 kluczowym elementem, kt\u00f3ry wp\u0142ywa nie tylko na wygl\u0105d i bezpiecze\u0144stwo produkt\u00f3w, ale tak\u017ce na ich \u015blad ekologiczny. Przej\u015bcie na ekologiczne opakowania jest korzystne nie tylko dla \u015brodowiska, ale tak\u017ce dla samych przedsi\u0119biorstw. Obecnie klienci coraz cz\u0119\u015bciej preferuj\u0105 marki, kt\u00f3re dbaj\u0105 o \u015brodowisko. Wed\u0142ug badania firmy Nielsen 66% konsument\u00f3w na ca\u0142ym \u015bwiecie jest sk\u0142onnych zap\u0142aci\u0107 wi\u0119cej za produkty, kt\u00f3re maj\u0105 pozytywny wp\u0142yw na \u015brodowisko. Opakowania ekologiczne, takie jak materia\u0142y nadaj\u0105ce si\u0119 do recyklingu, biomateria\u0142y lub opakowania o ni\u017cszej emisji CO2, mog\u0105 zatem pom\u00f3c firmom poprawi\u0107 ich reputacj\u0119 i zwi\u0119kszy\u0107 lojalno\u015b\u0107 klient\u00f3w.<\/p>\n<h2><span class=\"ez-toc-section\" id=\"Jak_opakowania_ekologiczne_wplywaja_na_logistyke_i_magazynowanie\"><\/span>Jak opakowania ekologiczne wp\u0142ywaj\u0105 na logistyk\u0119 i magazynowanie?<span class=\"ez-toc-section-end\"><\/span><\/h2>\n<h3><span class=\"ez-toc-section\" id=\"Korzysci_wynikajace_z_zastosowania_opakowan_przyjaznych_dla_srodowiska\"><\/span>Korzy\u015bci wynikaj\u0105ce z zastosowania opakowa\u0144 przyjaznych dla \u015brodowiska<span class=\"ez-toc-section-end\"><\/span><\/h3>\n<ul>\n<li><strong> Optymalizacja powierzchni magazynowej<\/strong><\/li>\n<\/ul>\n<p>Opakowania przyjazne dla \u015brodowiska s\u0105 zaprojektowane tak, aby oszcz\u0119dza\u0107 miejsce. Kompaktowe i wydajne opakowania upraszczaj\u0105 obs\u0142ug\u0119 i zmniejszaj\u0105 koszty magazynowania. Ponadto opakowania mog\u0105 by\u0107 l\u017cejsze, co oznacza ni\u017csze koszty transportu.<\/p>\n<ul>\n<li><strong> Redukcja odpad\u00f3w<\/strong><\/li>\n<\/ul>\n<p>Przej\u015bcie na opakowania nadaj\u0105ce si\u0119 do recyklingu i biodegradowalne znacznie zmniejsza ilo\u015b\u0107 odpad\u00f3w. Pozwala to nie tylko zaoszcz\u0119dzi\u0107 firmom na kosztach utylizacji odpad\u00f3w, ale tak\u017ce pomaga chroni\u0107 \u015brodowisko.<\/p>\n<ul>\n<li><strong> Poprawa proces\u00f3w transportowych<\/strong><\/li>\n<\/ul>\n<p>Ekologiczne opakowania, kt\u00f3re maj\u0105 optymalny kszta\u0142t i rozmiar, poprawiaj\u0105 wykorzystanie przestrzeni podczas transportu. Prowadzi to do zmniejszenia emisji CO2 i zwi\u0119kszenia wydajno\u015bci transportu, poniewa\u017c w jednym transporcie mo\u017cna zmie\u015bci\u0107 wi\u0119cej towar\u00f3w.<\/p>\n<h2><span class=\"ez-toc-section\" id=\"Wyzwania_zwiazane_z_wprowadzeniem_ekologicznych_opakowan\"><\/span>Wyzwania zwi\u0105zane z wprowadzeniem ekologicznych opakowa\u0144<span class=\"ez-toc-section-end\"><\/span><\/h2>\n<p>Niestety, przej\u015bcie na ekologiczne opakowania nie jest pozbawione wyzwa\u0144. Przedsi\u0119biorstwa mog\u0105 napotka\u0107 szereg problem\u00f3w podczas tej transformacji:<\/p>\n<ul>\n<li><strong> Koszty pocz\u0105tkowe<\/strong><\/li>\n<\/ul>\n<p>Zast\u0105pienie tradycyjnych opakowa\u0144 opakowaniami ekologicznymi mo\u017ce by\u0107 kosztowne, ale d\u0142ugoterminowe oszcz\u0119dno\u015bci w zakresie koszt\u00f3w wysy\u0142ki i magazynowania mog\u0105 to zrekompensowa\u0107.<\/p>\n<ul>\n<li><strong> Dost\u0119pno\u015b\u0107 opakowa\u0144<\/strong><\/li>\n<\/ul>\n<p>Nie zawsze \u0142atwo jest znale\u017a\u0107 opakowania ekologiczne, kt\u00f3re s\u0105 kompatybilne z procesami logistycznymi firmy.<\/p>\n<ul>\n<li><strong> Szkolenie pracownik\u00f3w<\/strong><\/li>\n<\/ul>\n<p>Wdro\u017cenie opakowa\u0144 ekologicznych wymaga szkolenia pracownik\u00f3w i dostosowania proces\u00f3w wewn\u0119trznych.<\/p>\n<h2><span class=\"ez-toc-section\" id=\"Jak_Rajapack_moze_pomoc\"><\/span>Jak Rajapack mo\u017ce pom\u00f3c?<span class=\"ez-toc-section-end\"><\/span><\/h2>\n<p>Jako lider w dziedzinie rozwi\u0105za\u0144 opakowaniowych, Rajapack oferuje szerok\u0105 gam\u0119 materia\u0142\u00f3w ekologicznych. Nasze produkty nie tylko pomagaj\u0105 firmom zmniejszy\u0107 ich \u015blad w\u0119glowy, ale tak\u017ce zoptymalizowa\u0107 magazynowanie i logistyk\u0119.<\/p>\n<p>Popularne ekologiczne produkty Rajapack obejmuj\u0105:<\/p>\n<ul>\n<li><a href=\"https:\/\/www.rajapack.pl\/kartony-pudelka-opakowania-kartonowe\/kartony-opakowania-ekologiczne_C1196.html\">Kartony i opakowania ekologiczne<\/a><\/li>\n<\/ul>\n<p>Oferujemy r\u00f3wnie\u017c mocne, trwa\u0142e i nadaj\u0105ce si\u0119 do recyklingu kartony. S\u0105 one odpowiednie dla firm zajmuj\u0105cych si\u0119 handlem elektronicznym i detalicznym, kt\u00f3re poszukuj\u0105 opakowa\u0144 o minimalnym wp\u0142ywie na \u015brodowisko.<\/p>\n<p><img loading=\"lazy\" decoding=\"async\" class=\"alignnone size-medium wp-image-4725\" src=\"https:\/\/www.rajapack.pl\/blog-pl\/wp-content\/uploads\/2025\/08\/karton-430x430.jpg\" alt=\"karton\" width=\"430\" height=\"430\" srcset=\"https:\/\/www.rajapack.pl\/blog-pl\/wp-content\/uploads\/2025\/08\/karton-430x430.jpg 430w, https:\/\/www.rajapack.pl\/blog-pl\/wp-content\/uploads\/2025\/08\/karton-150x150.jpg 150w, https:\/\/www.rajapack.pl\/blog-pl\/wp-content\/uploads\/2025\/08\/karton-120x120.jpg 120w, https:\/\/www.rajapack.pl\/blog-pl\/wp-content\/uploads\/2025\/08\/karton.jpg 600w\" sizes=\"(max-width: 430px) 100vw, 430px\" \/><\/p>\n<ul>\n<li><a href=\"https:\/\/www.rajapack.pl\/folia-babelkowa-wypelniacze\/ekologiczna-ochrona-paczek_C1458.html\">Ekologiczna ochrona paczek<\/a><\/li>\n<\/ul>\n<p>Nasza folia b\u0105belkowa i inne wype\u0142niacze s\u0105 wykonane z materia\u0142\u00f3w pochodz\u0105cych z recyklingu, co przyczynia si\u0119 do rozwoju gospodarki o obiegu zamkni\u0119tym, jednocze\u015bnie chroni\u0105c produkty podczas transportu.<\/p>\n<p><img loading=\"lazy\" decoding=\"async\" class=\"alignnone size-medium wp-image-4724\" src=\"https:\/\/www.rajapack.pl\/blog-pl\/wp-content\/uploads\/2025\/08\/folia-430x430.jpg\" alt=\"folia b\u0105belkowa\" width=\"430\" height=\"430\" srcset=\"https:\/\/www.rajapack.pl\/blog-pl\/wp-content\/uploads\/2025\/08\/folia-430x430.jpg 430w, https:\/\/www.rajapack.pl\/blog-pl\/wp-content\/uploads\/2025\/08\/folia-150x150.jpg 150w, https:\/\/www.rajapack.pl\/blog-pl\/wp-content\/uploads\/2025\/08\/folia-120x120.jpg 120w, https:\/\/www.rajapack.pl\/blog-pl\/wp-content\/uploads\/2025\/08\/folia.jpg 600w\" sizes=\"(max-width: 430px) 100vw, 430px\" \/><\/p>\n<ul>\n<li><a href=\"https:\/\/www.rajapack.pl\/tasmy-samoprzylepne\/tasmy-eokologiczne_C1596.htmlhttps:\/\/www.rajapack.pl\/folia-babelkowa-wypelniacze\/ekologiczna-ochrona-paczek_C1458.htmlhttps:\/\/www.rajapack.pl\/folia-babelkowa-wypelniacze\/ekologiczna-ochrona-paczek_C1458.html\">Ta\u015bmy ekologiczne<\/a><\/li>\n<\/ul>\n<p>Oferujemy r\u00f3wnie\u017c ta\u015bmy papierowe i ta\u015bmy wykonane z materia\u0142\u00f3w pochodz\u0105cych z recyklingu, kt\u00f3re spe\u0142niaj\u0105 wysokie standardy \u015brodowiskowe.<\/p>\n<p><img loading=\"lazy\" decoding=\"async\" class=\"alignnone size-medium wp-image-4722\" src=\"https:\/\/www.rajapack.pl\/blog-pl\/wp-content\/uploads\/2025\/08\/tasma-430x430.jpg\" alt=\"ta\u015bma\" width=\"430\" height=\"430\" srcset=\"https:\/\/www.rajapack.pl\/blog-pl\/wp-content\/uploads\/2025\/08\/tasma-430x430.jpg 430w, https:\/\/www.rajapack.pl\/blog-pl\/wp-content\/uploads\/2025\/08\/tasma-150x150.jpg 150w, https:\/\/www.rajapack.pl\/blog-pl\/wp-content\/uploads\/2025\/08\/tasma-120x120.jpg 120w, https:\/\/www.rajapack.pl\/blog-pl\/wp-content\/uploads\/2025\/08\/tasma.jpg 600w\" sizes=\"(max-width: 430px) 100vw, 430px\" \/><\/p>\n<p>Przej\u015bcie na opakowania ekologiczne to wa\u017cny krok dla firm, kt\u00f3re chc\u0105 odegra\u0107 rol\u0119 w budowaniu zr\u00f3wnowa\u017conej przysz\u0142o\u015bci. Nie tylko zmniejszaj\u0105 one negatywny wp\u0142yw na \u015brodowisko, ale mog\u0105 r\u00f3wnie\u017c przynie\u015b\u0107 konkretne korzy\u015bci w zakresie logistyki, magazynowania i transportu. Stosowanie opakowa\u0144 przyjaznych dla \u015brodowiska to nie tylko obowi\u0105zek, ale tak\u017ce szansa na wyr\u00f3\u017cnienie si\u0119 na coraz bardziej konkurencyjnym rynku e-commerce.<\/p>\n","protected":false},"excerpt":{"rendered":"<p>W ostatnich latach zr\u00f3wnowa\u017cony rozw\u00f3j sta\u0142 si\u0119 kluczowym tematem nie tylko w produkcji, ale tak\u017ce w logistyce i handlu detalicznym. Dla przedsi\u0119biorstw, zw\u0142aszcza w sektorze e-commerce, przej\u015bcie na opakowania ekologiczne [&#8230;]<\/p>\n","protected":false},"author":39,"featured_media":4723,"comment_status":"open","ping_status":"closed","sticky":false,"template":"","format":"standard","meta":{"_acf_changed":false,"footnotes":""},"categories":[252],"tags":[],"class_list":["post-4720","post","type-post","status-publish","format-standard","has-post-thumbnail","hentry","category-rozwiazania-ekologiczne"],"acf":[],"yoast_head":"\n<title>Ekologiczne opakowania w e-commerce: jak przej\u015bcie na opakowania ekologiczne zmienia logistyk\u0119 i handel detaliczny? - BIZNES DOBRZE OPAKOWANY<\/title>\n<meta name=\"robots\" content=\"index, follow, max-snippet:-1, max-image-preview:large, max-video-preview:-1\" \/>\n<link rel=\"canonical\" href=\"https:\/\/www.rajapack.pl\/blog-pl\/ekologiczne-opakowania-w-e-commerce-jak-przejscie-na-opakowania-ekologiczne-zmienia-logistyke-i-handel-detaliczny\" \/>\n<meta property=\"og:locale\" content=\"pl_PL\" \/>\n<meta property=\"og:type\" content=\"article\" \/>\n<meta property=\"og:title\" content=\"Ekologiczne opakowania w e-commerce: jak przej\u015bcie na opakowania ekologiczne zmienia logistyk\u0119 i handel detaliczny? - BIZNES DOBRZE OPAKOWANY\" \/>\n<meta property=\"og:description\" content=\"W ostatnich latach zr\u00f3wnowa\u017cony rozw\u00f3j sta\u0142 si\u0119 kluczowym tematem nie tylko w produkcji, ale tak\u017ce w logistyce i handlu detalicznym. Dla przedsi\u0119biorstw, zw\u0142aszcza w sektorze e-commerce, przej\u015bcie na opakowania ekologiczne [...]\" \/>\n<meta property=\"og:url\" content=\"https:\/\/www.rajapack.pl\/blog-pl\/ekologiczne-opakowania-w-e-commerce-jak-przejscie-na-opakowania-ekologiczne-zmienia-logistyke-i-handel-detaliczny\" \/>\n<meta property=\"og:site_name\" content=\"BIZNES DOBRZE OPAKOWANY\" \/>\n<meta property=\"article:published_time\" content=\"2025-08-18T11:43:06+00:00\" \/>\n<meta property=\"og:image\" content=\"https:\/\/www.rajapack.pl\/blog-pl\/wp-content\/uploads\/2025\/08\/eko-opakowanie.png\" \/>\n\t<meta property=\"og:image:width\" content=\"987\" \/>\n\t<meta property=\"og:image:height\" content=\"496\" \/>\n\t<meta property=\"og:image:type\" content=\"image\/png\" \/>\n<meta name=\"author\" content=\"RAJA\" \/>\n<meta name=\"twitter:card\" content=\"summary_large_image\" \/>\n<meta name=\"twitter:label1\" content=\"Napisane przez\" \/>\n\t<meta name=\"twitter:data1\" content=\"RAJA\" \/>\n\t<meta name=\"twitter:label2\" content=\"Szacowany czas czytania\" \/>\n\t<meta name=\"twitter:data2\" content=\"4 minuty\" \/>\n<script type=\"application\/ld+json\" class=\"yoast-schema-graph\">{\n\t    \"@context\": \"https:\/\/schema.org\",\n\t    \"@graph\": [\n\t        {\n\t            \"@type\": \"WebPage\",\n\t            \"@id\": \"https:\/\/www.rajapack.pl\/blog-pl\/ekologiczne-opakowania-w-e-commerce-jak-przejscie-na-opakowania-ekologiczne-zmienia-logistyke-i-handel-detaliczny\",\n\t            \"url\": \"https:\/\/www.rajapack.pl\/blog-pl\/ekologiczne-opakowania-w-e-commerce-jak-przejscie-na-opakowania-ekologiczne-zmienia-logistyke-i-handel-detaliczny\",\n\t            \"name\": \"Ekologiczne opakowania w e-commerce: jak przej\u015bcie na opakowania ekologiczne zmienia logistyk\u0119 i handel detaliczny? - BIZNES DOBRZE OPAKOWANY\",\n\t            \"isPartOf\": {\n\t                \"@id\": \"https:\/\/www.rajapack.pl\/blog-pl\/#website\"\n\t            },\n\t            \"primaryImageOfPage\": {\n\t                \"@id\": \"https:\/\/www.rajapack.pl\/blog-pl\/ekologiczne-opakowania-w-e-commerce-jak-przejscie-na-opakowania-ekologiczne-zmienia-logistyke-i-handel-detaliczny#primaryimage\"\n\t            },\n\t            \"image\": {\n\t                \"@id\": \"https:\/\/www.rajapack.pl\/blog-pl\/ekologiczne-opakowania-w-e-commerce-jak-przejscie-na-opakowania-ekologiczne-zmienia-logistyke-i-handel-detaliczny#primaryimage\"\n\t            },\n\t            \"thumbnailUrl\": \"https:\/\/www.rajapack.pl\/blog-pl\/wp-content\/uploads\/2025\/08\/eko-opakowanie.png\",\n\t            \"datePublished\": \"2025-08-18T11:43:06+00:00\",\n\t            \"dateModified\": \"2025-08-18T11:43:06+00:00\",\n\t            \"author\": {\n\t                \"@id\": \"https:\/\/www.rajapack.pl\/blog-pl\/#\/schema\/person\/9bcea0d1de41f7096a6854720473a792\"\n\t            },\n\t            \"inLanguage\": \"pl-PL\",\n\t            \"potentialAction\": [\n\t                {\n\t                    \"@type\": \"ReadAction\",\n\t                    \"target\": [\n\t                        \"https:\/\/www.rajapack.pl\/blog-pl\/ekologiczne-opakowania-w-e-commerce-jak-przejscie-na-opakowania-ekologiczne-zmienia-logistyke-i-handel-detaliczny\"\n\t                    ]\n\t                }\n\t            ]\n\t        },\n\t        {\n\t            \"@type\": \"ImageObject\",\n\t            \"inLanguage\": \"pl-PL\",\n\t            \"@id\": \"https:\/\/www.rajapack.pl\/blog-pl\/ekologiczne-opakowania-w-e-commerce-jak-przejscie-na-opakowania-ekologiczne-zmienia-logistyke-i-handel-detaliczny#primaryimage\",\n\t            \"url\": \"https:\/\/www.rajapack.pl\/blog-pl\/wp-content\/uploads\/2025\/08\/eko-opakowanie.png\",\n\t            \"contentUrl\": \"https:\/\/www.rajapack.pl\/blog-pl\/wp-content\/uploads\/2025\/08\/eko-opakowanie.png\",\n\t            \"width\": 987,\n\t            \"height\": 496,\n\t            \"caption\": \"karton eko\"\n\t        },\n\t        {\n\t            \"@type\": \"WebSite\",\n\t            \"@id\": \"https:\/\/www.rajapack.pl\/blog-pl\/#website\",\n\t            \"url\": \"https:\/\/www.rajapack.pl\/blog-pl\/\",\n\t            \"name\": \"BIZNES DOBRZE OPAKOWANY\",\n\t            \"description\": \"Porady ekspert\u00f3w do spraw opakowa\u0144\",\n\t            \"potentialAction\": [\n\t                {\n\t                    \"@type\": \"SearchAction\",\n\t                    \"target\": {\n\t                        \"@type\": \"EntryPoint\",\n\t                        \"urlTemplate\": \"https:\/\/www.rajapack.pl\/blog-pl\/?s={search_term_string}\"\n\t                    },\n\t                    \"query-input\": \"required name=search_term_string\"\n\t                }\n\t            ],\n\t            \"inLanguage\": \"pl-PL\"\n\t        },\n\t        {\n\t            \"@type\": \"Person\",\n\t            \"@id\": \"https:\/\/www.rajapack.pl\/blog-pl\/#\/schema\/person\/9bcea0d1de41f7096a6854720473a792\",\n\t            \"name\": \"RAJA\",\n\t            \"image\": {\n\t                \"@type\": \"ImageObject\",\n\t                \"inLanguage\": \"pl-PL\",\n\t                \"@id\": \"https:\/\/www.rajapack.pl\/blog-pl\/#\/schema\/person\/image\/\",\n\t                \"url\": \"https:\/\/secure.gravatar.com\/avatar\/afae8669568c1f323e00733847251eb5?s=96&d=mm&r=g\",\n\t                \"contentUrl\": \"https:\/\/secure.gravatar.com\/avatar\/afae8669568c1f323e00733847251eb5?s=96&d=mm&r=g\",\n\t                \"caption\": \"RAJA\"\n\t            },\n\t            \"url\": \"https:\/\/www.rajapack.pl\/blog-pl\/author\/ajoniuk\"\n\t        }\n\t    ]\n\t}<\/script>\n","yoast_head_json":{"title":"Ekologiczne opakowania w e-commerce: jak przej\u015bcie na opakowania ekologiczne zmienia logistyk\u0119 i handel detaliczny? - BIZNES DOBRZE OPAKOWANY","robots":{"index":"index","follow":"follow","max-snippet":"max-snippet:-1","max-image-preview":"max-image-preview:large","max-video-preview":"max-video-preview:-1"},"canonical":"https:\/\/www.rajapack.pl\/blog-pl\/ekologiczne-opakowania-w-e-commerce-jak-przejscie-na-opakowania-ekologiczne-zmienia-logistyke-i-handel-detaliczny","og_locale":"pl_PL","og_type":"article","og_title":"Ekologiczne opakowania w e-commerce: jak przej\u015bcie na opakowania ekologiczne zmienia logistyk\u0119 i handel detaliczny? - BIZNES DOBRZE OPAKOWANY","og_description":"W ostatnich latach zr\u00f3wnowa\u017cony rozw\u00f3j sta\u0142 si\u0119 kluczowym tematem nie tylko w produkcji, ale tak\u017ce w logistyce i handlu detalicznym. Dla przedsi\u0119biorstw, zw\u0142aszcza w sektorze e-commerce, przej\u015bcie na opakowania ekologiczne [...]","og_url":"https:\/\/www.rajapack.pl\/blog-pl\/ekologiczne-opakowania-w-e-commerce-jak-przejscie-na-opakowania-ekologiczne-zmienia-logistyke-i-handel-detaliczny","og_site_name":"BIZNES DOBRZE OPAKOWANY","article_published_time":"2025-08-18T11:43:06+00:00","og_image":[{"width":987,"height":496,"url":"https:\/\/www.rajapack.pl\/blog-pl\/wp-content\/uploads\/2025\/08\/eko-opakowanie.png","type":"image\/png"}],"author":"RAJA","twitter_card":"summary_large_image","twitter_misc":{"Napisane przez":"RAJA","Szacowany czas czytania":"4 minuty"},"schema":{"@context":"https:\/\/schema.org","@graph":[{"@type":"WebPage","@id":"https:\/\/www.rajapack.pl\/blog-pl\/ekologiczne-opakowania-w-e-commerce-jak-przejscie-na-opakowania-ekologiczne-zmienia-logistyke-i-handel-detaliczny","url":"https:\/\/www.rajapack.pl\/blog-pl\/ekologiczne-opakowania-w-e-commerce-jak-przejscie-na-opakowania-ekologiczne-zmienia-logistyke-i-handel-detaliczny","name":"Ekologiczne opakowania w e-commerce: jak przej\u015bcie na opakowania ekologiczne zmienia logistyk\u0119 i handel detaliczny? - BIZNES DOBRZE OPAKOWANY","isPartOf":{"@id":"https:\/\/www.rajapack.pl\/blog-pl\/#website"},"primaryImageOfPage":{"@id":"https:\/\/www.rajapack.pl\/blog-pl\/ekologiczne-opakowania-w-e-commerce-jak-przejscie-na-opakowania-ekologiczne-zmienia-logistyke-i-handel-detaliczny#primaryimage"},"image":{"@id":"https:\/\/www.rajapack.pl\/blog-pl\/ekologiczne-opakowania-w-e-commerce-jak-przejscie-na-opakowania-ekologiczne-zmienia-logistyke-i-handel-detaliczny#primaryimage"},"thumbnailUrl":"https:\/\/www.rajapack.pl\/blog-pl\/wp-content\/uploads\/2025\/08\/eko-opakowanie.png","datePublished":"2025-08-18T11:43:06+00:00","dateModified":"2025-08-18T11:43:06+00:00","author":{"@id":"https:\/\/www.rajapack.pl\/blog-pl\/#\/schema\/person\/9bcea0d1de41f7096a6854720473a792"},"inLanguage":"pl-PL","potentialAction":[{"@type":"ReadAction","target":["https:\/\/www.rajapack.pl\/blog-pl\/ekologiczne-opakowania-w-e-commerce-jak-przejscie-na-opakowania-ekologiczne-zmienia-logistyke-i-handel-detaliczny"]}]},{"@type":"ImageObject","inLanguage":"pl-PL","@id":"https:\/\/www.rajapack.pl\/blog-pl\/ekologiczne-opakowania-w-e-commerce-jak-przejscie-na-opakowania-ekologiczne-zmienia-logistyke-i-handel-detaliczny#primaryimage","url":"https:\/\/www.rajapack.pl\/blog-pl\/wp-content\/uploads\/2025\/08\/eko-opakowanie.png","contentUrl":"https:\/\/www.rajapack.pl\/blog-pl\/wp-content\/uploads\/2025\/08\/eko-opakowanie.png","width":987,"height":496,"caption":"karton eko"},{"@type":"WebSite","@id":"https:\/\/www.rajapack.pl\/blog-pl\/#website","url":"https:\/\/www.rajapack.pl\/blog-pl\/","name":"BIZNES DOBRZE OPAKOWANY","description":"Porady ekspert\u00f3w do spraw opakowa\u0144","potentialAction":[{"@type":"SearchAction","target":{"@type":"EntryPoint","urlTemplate":"https:\/\/www.rajapack.pl\/blog-pl\/?s={search_term_string}"},"query-input":"required name=search_term_string"}],"inLanguage":"pl-PL"},{"@type":"Person","@id":"https:\/\/www.rajapack.pl\/blog-pl\/#\/schema\/person\/9bcea0d1de41f7096a6854720473a792","name":"RAJA","image":{"@type":"ImageObject","inLanguage":"pl-PL","@id":"https:\/\/www.rajapack.pl\/blog-pl\/#\/schema\/person\/image\/","url":"https:\/\/secure.gravatar.com\/avatar\/afae8669568c1f323e00733847251eb5?s=96&d=mm&r=g","contentUrl":"https:\/\/secure.gravatar.com\/avatar\/afae8669568c1f323e00733847251eb5?s=96&d=mm&r=g","caption":"RAJA"},"url":"https:\/\/www.rajapack.pl\/blog-pl\/author\/ajoniuk"}]}},"_links":{"self":[{"href":"https:\/\/www.rajapack.pl\/blog-pl\/wp-json\/wp\/v2\/posts\/4720"}],"collection":[{"href":"https:\/\/www.rajapack.pl\/blog-pl\/wp-json\/wp\/v2\/posts"}],"about":[{"href":"https:\/\/www.rajapack.pl\/blog-pl\/wp-json\/wp\/v2\/types\/post"}],"author":[{"embeddable":true,"href":"https:\/\/www.rajapack.pl\/blog-pl\/wp-json\/wp\/v2\/users\/39"}],"replies":[{"embeddable":true,"href":"https:\/\/www.rajapack.pl\/blog-pl\/wp-json\/wp\/v2\/comments?post=4720"}],"version-history":[{"count":2,"href":"https:\/\/www.rajapack.pl\/blog-pl\/wp-json\/wp\/v2\/posts\/4720\/revisions"}],"predecessor-version":[{"id":4727,"href":"https:\/\/www.rajapack.pl\/blog-pl\/wp-json\/wp\/v2\/posts\/4720\/revisions\/4727"}],"wp:featuredmedia":[{"embeddable":true,"href":"https:\/\/www.rajapack.pl\/blog-pl\/wp-json\/wp\/v2\/media\/4723"}],"wp:attachment":[{"href":"https:\/\/www.rajapack.pl\/blog-pl\/wp-json\/wp\/v2\/media?parent=4720"}],"wp:term":[{"taxonomy":"category","embeddable":true,"href":"https:\/\/www.rajapack.pl\/blog-pl\/wp-json\/wp\/v2\/categories?post=4720"},{"taxonomy":"post_tag","embeddable":true,"href":"https:\/\/www.rajapack.pl\/blog-pl\/wp-json\/wp\/v2\/tags?post=4720"}],"curies":[{"name":"wp","href":"https:\/\/api.w.org\/{rel}","templated":true}]}}