{"id":4651,"date":"2025-07-31T13:55:27","date_gmt":"2025-07-31T12:55:27","guid":{"rendered":"https:\/\/www.rajapack.pl\/blog-pl\/?p=4651"},"modified":"2025-07-31T13:55:27","modified_gmt":"2025-07-31T12:55:27","slug":"jak-zapakowac-swieczke-na-prezent","status":"publish","type":"post","link":"https:\/\/www.rajapack.pl\/blog-pl\/jak-zapakowac-swieczke-na-prezent","title":{"rendered":"Jak zapakowa\u0107 \u015bwieczk\u0119 na prezent?"},"content":{"rendered":"<p><strong>\u015awieczki to delikatne i podatne na uszkodzenia produkty. W przypadku prezent\u00f3w metoda pakowania ma jednak jeszcze wi\u0119ksze znaczenie, poniewa\u017c musi spe\u0142ni\u0107 wysokie wymagania estetyczne. Czy mo\u017cna to ze sob\u0105 po\u0142\u0105czy\u0107? Sprawd\u017a, jak zapakowa\u0107 \u015bwieczk\u0119 na prezent \u2013 nasze wskaz\u00f3wki przydadz\u0105 si\u0119 zar\u00f3wno w\u0142a\u015bcicielom sklep\u00f3w, jak i osobom, kt\u00f3re chc\u0105 podarowa\u0107 \u015bwieczk\u0119 bliskiej osobie.<\/strong><\/p>\n<div id=\"ez-toc-container\" class=\"ez-toc-v2_0_67_1 counter-hierarchy ez-toc-counter ez-toc-grey ez-toc-container-direction\">\n<div class=\"ez-toc-title-container\">\n<p class=\"ez-toc-title \" >Table of Contents<\/p>\n<span class=\"ez-toc-title-toggle\"><a href=\"#\" class=\"ez-toc-pull-right ez-toc-btn ez-toc-btn-xs ez-toc-btn-default ez-toc-toggle\" aria-label=\"Toggle Table of Content\"><span class=\"ez-toc-js-icon-con\"><span class=\"\"><span class=\"eztoc-hide\" style=\"display:none;\">Toggle<\/span><span class=\"ez-toc-icon-toggle-span\"><svg style=\"fill: #999;color:#999\" xmlns=\"http:\/\/www.w3.org\/2000\/svg\" class=\"list-377408\" width=\"20px\" height=\"20px\" viewBox=\"0 0 24 24\" fill=\"none\"><path d=\"M6 6H4v2h2V6zm14 0H8v2h12V6zM4 11h2v2H4v-2zm16 0H8v2h12v-2zM4 16h2v2H4v-2zm16 0H8v2h12v-2z\" fill=\"currentColor\"><\/path><\/svg><svg style=\"fill: #999;color:#999\" class=\"arrow-unsorted-368013\" xmlns=\"http:\/\/www.w3.org\/2000\/svg\" width=\"10px\" height=\"10px\" viewBox=\"0 0 24 24\" version=\"1.2\" baseProfile=\"tiny\"><path d=\"M18.2 9.3l-6.2-6.3-6.2 6.3c-.2.2-.3.4-.3.7s.1.5.3.7c.2.2.4.3.7.3h11c.3 0 .5-.1.7-.3.2-.2.3-.5.3-.7s-.1-.5-.3-.7zM5.8 14.7l6.2 6.3 6.2-6.3c.2-.2.3-.5.3-.7s-.1-.5-.3-.7c-.2-.2-.4-.3-.7-.3h-11c-.3 0-.5.1-.7.3-.2.2-.3.5-.3.7s.1.5.3.7z\"\/><\/svg><\/span><\/span><\/span><\/a><\/span><\/div>\n<nav><ul class='ez-toc-list ez-toc-list-level-1 ' ><li class='ez-toc-page-1 ez-toc-heading-level-2'><a class=\"ez-toc-link ez-toc-heading-1\" href=\"https:\/\/www.rajapack.pl\/blog-pl\/jak-zapakowac-swieczke-na-prezent\/#Jak_zapakowac_swieczke_w_papier_prezentowy\" title=\"Jak zapakowa\u0107 \u015bwieczk\u0119 w papier prezentowy?\">Jak zapakowa\u0107 \u015bwieczk\u0119 w papier prezentowy?<\/a><\/li><li class='ez-toc-page-1 ez-toc-heading-level-2'><a class=\"ez-toc-link ez-toc-heading-2\" href=\"https:\/\/www.rajapack.pl\/blog-pl\/jak-zapakowac-swieczke-na-prezent\/#Jak_ladnie_owinac_swieczke_celofanem\" title=\"Jak \u0142adnie owin\u0105\u0107 \u015bwieczk\u0119 celofanem?\">Jak \u0142adnie owin\u0105\u0107 \u015bwieczk\u0119 celofanem?<\/a><\/li><li class='ez-toc-page-1 ez-toc-heading-level-2'><a class=\"ez-toc-link ez-toc-heading-3\" href=\"https:\/\/www.rajapack.pl\/blog-pl\/jak-zapakowac-swieczke-na-prezent\/#Jak_zapakowac_swieczke_na_prezent_w_torebke\" title=\"Jak zapakowa\u0107 \u015bwieczk\u0119 na prezent w torebk\u0119?\">Jak zapakowa\u0107 \u015bwieczk\u0119 na prezent w torebk\u0119?<\/a><\/li><li class='ez-toc-page-1 ez-toc-heading-level-2'><a class=\"ez-toc-link ez-toc-heading-4\" href=\"https:\/\/www.rajapack.pl\/blog-pl\/jak-zapakowac-swieczke-na-prezent\/#Najczesciej_zadawane_pytania_o_pakowanie_swieczek_na_prezent\" title=\"Najcz\u0119\u015bciej zadawane pytania o pakowanie \u015bwieczek na prezent\">Najcz\u0119\u015bciej zadawane pytania o pakowanie \u015bwieczek na prezent<\/a><ul class='ez-toc-list-level-3' ><li class='ez-toc-heading-level-3'><a class=\"ez-toc-link ez-toc-heading-5\" href=\"https:\/\/www.rajapack.pl\/blog-pl\/jak-zapakowac-swieczke-na-prezent\/#W_co_zapakowac_swieczke_na_prezent\" title=\"W co zapakowa\u0107 \u015bwieczk\u0119 na prezent?\">W co zapakowa\u0107 \u015bwieczk\u0119 na prezent?<\/a><\/li><li class='ez-toc-page-1 ez-toc-heading-level-3'><a class=\"ez-toc-link ez-toc-heading-6\" href=\"https:\/\/www.rajapack.pl\/blog-pl\/jak-zapakowac-swieczke-na-prezent\/#Jak_przyozdobic_prezent_ze_swieczka\" title=\"Jak przyozdobi\u0107 prezent ze \u015bwieczk\u0105?\">Jak przyozdobi\u0107 prezent ze \u015bwieczk\u0105?<\/a><\/li><\/ul><\/li><\/ul><\/nav><\/div>\n<h2><span class=\"ez-toc-section\" id=\"Jak_zapakowac_swieczke_w_papier_prezentowy\"><\/span>Jak zapakowa\u0107 \u015bwieczk\u0119 w papier prezentowy?<span class=\"ez-toc-section-end\"><\/span><\/h2>\n<p>\u015awieczki to popularny pomys\u0142 na prezent, kt\u00f3ry sprawdza si\u0119 przy wielu okazjach. Aby zadba\u0107 o estetyk\u0119 upominku, nale\u017cy jednak pami\u0119ta\u0107 o wyborze w\u0142a\u015bciwego materia\u0142u do pakowania. Jak to zrobi\u0107? <strong>Najlepiej wzi\u0105\u0107 pod uwag\u0119 rodzaj \u015bwieczki \u2013 je\u015bli jest to np. \u015bwieca w s\u0142oiku, warto postawi\u0107 na atrakcyjny <\/strong><a href=\"https:\/\/www.rajapack.pl\/opakowania-ozdobne\/papier-do-pakowania-prezentow-celofan\/papier-ozdobny_C231711.html\"><strong>papier ozdobny<\/strong><\/a><strong> do pakowania prezent\u00f3w.<\/strong><\/p>\n<p>Jak zapakowa\u0107 \u015bwieczk\u0119 w papier prezentowy? Wybierz odpowiedni papier od RAJA, przygotuj no\u017cyczki, bezbarwn\u0105 ta\u015bm\u0119 klej\u0105c\u0105 i kokard\u0119, a nast\u0119pnie:<\/p>\n<ol>\n<li>Owi\u0144 s\u0142oiczek ze \u015bwieczk\u0105 papierem. Pozostaw ok. 5-centymetrowy zapas papieru od g\u00f3ry i od spodu s\u0142oiczka.<\/li>\n<li>Potnij zapas papieru na r\u00f3wne, pionowe paski o szeroko\u015bci ok. 1 cm.<\/li>\n<li>Zginaj paski i nak\u0142adaj je kolejno na sp\u00f3d s\u0142oiczka, pokrywaj\u0105c w ten spos\u00f3b dno oraz zabezpiecz ca\u0142o\u015b\u0107 ta\u015bm\u0105 klej\u0105c\u0105.<\/li>\n<li>Powt\u00f3rz powy\u017cszy punkt na wieczku s\u0142oiczka ze \u015bwieczk\u0105.<\/li>\n<li>Naklej na wieczku kokard\u0119.<\/li>\n<\/ol>\n<p>Aby u\u0142atwi\u0107 sobie zadanie, mo\u017cesz te\u017c wykorzysta\u0107 <a href=\"https:\/\/www.rajapack.pl\/kartony-pudelka-opakowania-kartonowe_C11.html\">pude\u0142ka kartonowe<\/a> RAJA. Jak zapakowa\u0107 \u015bwieczk\u0119 na prezent przy pomocy pude\u0142ka i papieru?<strong> Umie\u015b\u0107 \u015bwieczk\u0119 w pude\u0142ku o odpowiednim rozmiarze, a nast\u0119pnie owi\u0144 je papierem prezentowym (pami\u0119taj, \u017ceby zadba\u0107 o r\u00f3wne u\u0142o\u017cenie papieru). <\/strong>Na koniec mo\u017cesz te\u017c ozdobi\u0107 upominek wst\u0105\u017ck\u0105 i kokardk\u0105.<\/p>\n<h2><span class=\"ez-toc-section\" id=\"Jak_ladnie_owinac_swieczke_celofanem\"><\/span>Jak \u0142adnie owin\u0105\u0107 \u015bwieczk\u0119 celofanem?<span class=\"ez-toc-section-end\"><\/span><\/h2>\n<p>Celofan to inaczej ozdobne <a href=\"https:\/\/www.rajapack.pl\/opakowania-ozdobne\/papier-do-pakowania-prezentow-celofan\/folia-metalizowana-celofan_C231713.html\">folie do pakowania prezent\u00f3w<\/a>, kt\u00f3re s\u0105 dost\u0119pne w r\u00f3\u017cnorodnych wariantach (m.in. folie bezbarwne, metalizowane lub z ozdobnymi detalami). W przypadku celofanu mo\u017cna w atrakcyjny spos\u00f3b wyeksponowa\u0107 prezent, a jednocze\u015bnie skutecznie ochroni\u0107 go przed uszkodzeniami \u2013 jest wytrzyma\u0142y i elastyczny.<\/p>\n<p>Jak zapakowa\u0107 \u015bwieczk\u0119 na prezent w celofan? <strong>Przygotuj wybran\u0105 foli\u0119, wype\u0142niacz dekoracyjny (np. suszone kwiaty, drobno poci\u0119t\u0105 bibu\u0142\u0119, konfetti) oraz wst\u0105\u017ck\u0119. <\/strong>Post\u0119puj wed\u0142ug poni\u017cszych krok\u00f3w:<\/p>\n<ol>\n<li>Roz\u0142\u00f3\u017c celofan na p\u0142askiej powierzchni.<\/li>\n<li>Postaw \u015bwieczk\u0119 w centralnym punkcie.<\/li>\n<li>Unie\u015b brzegi folii r\u00f3wnomiernie do g\u00f3ry.<\/li>\n<li>W\u0142\u00f3\u017c do \u015brodka niewielk\u0105 ilo\u015b\u0107 wype\u0142niacza i wybrane elementy dekoracyjne.<\/li>\n<li>Zbierz brzegi folii razem i zwi\u0105\u017c kolorow\u0105 wst\u0105\u017ck\u0105.<\/li>\n<\/ol>\n<p>Je\u015bli chcesz, mo\u017cesz dodatkowo ozdobi\u0107 celofan etykiet\u0105. <strong>Owijanie foli\u0105 sprawdza si\u0119 przy ka\u017cdym rodzaju \u015bwieczki \u2013 r\u00f3wnie\u017c tych o nieregularnych kszta\u0142tach.<\/strong><\/p>\n<p>Co w przypadku, kiedy \u015bwieczka ma zosta\u0107 przes\u0142ana za po\u015brednictwem firmy transportowej? Skorzystaj ze wskaz\u00f3wek zawartych w naszym artykule: <a href=\"https:\/\/www.rajapack.pl\/blog-pl\/jak-zapakowac-swiece-do-wysylki\">Jak zapakowa\u0107 \u015bwiec\u0119 do wysy\u0142ki?<\/a>.<\/p>\n<h2><span class=\"ez-toc-section\" id=\"Jak_zapakowac_swieczke_na_prezent_w_torebke\"><\/span>Jak zapakowa\u0107 \u015bwieczk\u0119 na prezent w torebk\u0119?<span class=\"ez-toc-section-end\"><\/span><\/h2>\n<p>Gotowe <a href=\"https:\/\/www.rajapack.pl\/opakowania-ozdobne\/torby-worki-papierowe_C2311.html\">torebki na prezenty<\/a> to najprostszy spos\u00f3b na zapakowanie dowolnego upominku, tak\u017ce \u015bwieczek (zar\u00f3wno w s\u0142oiczku, jak i klasycznych). Wystarczy wybra\u0107 torebk\u0119 w rozmiarze dopasowanym do \u015bwieczki \u2013 w RAJA mo\u017cesz przebiera\u0107 w\u015br\u00f3d r\u00f3\u017cnorodnych kolor\u00f3w, surowc\u00f3w i kszta\u0142t\u00f3w. Zalet\u0105 takiego rozwi\u0105zania jest te\u017c mo\u017cliwo\u015b\u0107 umieszczenia w torebce wi\u0119kszej ilo\u015bci upomink\u00f3w.<\/p>\n<p><strong>Planuj\u0105c, jak zapakowa\u0107 \u015bwieczk\u0119 na prezent, mo\u017cesz te\u017c zdecydowa\u0107 si\u0119 na samodzielne wykonanie ozdobnej torebki. <\/strong>To dobre rozwi\u0105zanie, je\u015bli chcesz nada\u0107 opakowaniu indywidualnego charakteru. Przygotuj w tym celu papierow\u0105 torebk\u0119 (np. na pieczywo), dziurkacz, farby i wst\u0105\u017ck\u0119 oraz:<\/p>\n<ol>\n<li>Je\u015bli torebka ma nieregularny kszta\u0142t, odetnij g\u00f3rn\u0105 cz\u0119\u015b\u0107 (ma mie\u0107 prostok\u0105tny kszta\u0142t).<\/li>\n<li>Zagnij rogi g\u00f3rnej cz\u0119\u015bci torebki do ty\u0142u, formuj\u0105c w ten spos\u00f3b tr\u00f3jk\u0105t.<\/li>\n<li>Udekoruj torebk\u0119 farbami, maluj\u0105c dowolne obrazki i kszta\u0142ty.<\/li>\n<li>Zr\u00f3b po jednej dziurce po ka\u017cdej stronie tr\u00f3jk\u0105ta.<\/li>\n<li>Otw\u00f3rz torebk\u0119 i w\u0142\u00f3\u017c do \u015brodka \u015bwieczk\u0119 (mo\u017cesz owin\u0105\u0107 j\u0105 wcze\u015bniej w papier \u015bniadaniowy).<\/li>\n<li>Z\u0142\u00f3\u017c z powrotem tr\u00f3jk\u0105t, przeci\u0105gnij przez dziurki wst\u0105\u017ck\u0119 i zawi\u0105\u017c j\u0105, formuj\u0105c kokardk\u0119.<\/li>\n<\/ol>\n<p>Wiedz\u0105c, jak zapakowa\u0107 \u015bwieczk\u0119 w papier prezentowy lub inny materia\u0142, mo\u017cesz w \u0142atwy spos\u00f3b stworzy\u0107 efektown\u0105 dekoracj\u0119. Produkty potrzebne do pakowania znajdziesz w RAJA. Nasze pude\u0142ka, torebki, papiery folie s\u0105 dost\u0119pne od r\u0119ki. Doskona\u0142a jako\u015b\u0107 i bogaty wyb\u00f3r pomog\u0105 w idealnym dopasowaniu materia\u0142\u00f3w do Twoich potrzeb.<\/p>\n<h2><span class=\"ez-toc-section\" id=\"Najczesciej_zadawane_pytania_o_pakowanie_swieczek_na_prezent\"><\/span>Najcz\u0119\u015bciej zadawane pytania o pakowanie \u015bwieczek na prezent<span class=\"ez-toc-section-end\"><\/span><\/h2>\n<p>\u015awieczki to popularny pomys\u0142 na prezent, kt\u00f3ry jednocze\u015bnie wymaga zastosowania odpowiedniej metody pakowania. Jakie pytania pojawiaj\u0105 si\u0119 w zwi\u0105zku z tym najcz\u0119\u015bciej? Znajdziesz je poni\u017cej.<\/p>\n<h3><span class=\"ez-toc-section\" id=\"W_co_zapakowac_swieczke_na_prezent\"><\/span>W co zapakowa\u0107 \u015bwieczk\u0119 na prezent?<span class=\"ez-toc-section-end\"><\/span><\/h3>\n<p>\u015awieczk\u0119 na prezent warto zapakowa\u0107 w papier prezentowy, celofan lub torebk\u0119 prezentow\u0105. W przypadku \u015bwieczek w s\u0142oiczku mo\u017cesz owin\u0105\u0107 je bezpo\u015brednio wybranym materia\u0142em lub umie\u015bci\u0107 je wcze\u015bniej w kartonowym pude\u0142ku.<\/p>\n<h3><span class=\"ez-toc-section\" id=\"Jak_przyozdobic_prezent_ze_swieczka\"><\/span>Jak przyozdobi\u0107 prezent ze \u015bwieczk\u0105?<span class=\"ez-toc-section-end\"><\/span><\/h3>\n<p>Do przyozdobienia prezentu ze \u015bwieczk\u0105 warto wykorzysta\u0107 klasyczne wst\u0105\u017cki i kokardy. W sytuacji, kiedy \u015bwieczka jest umieszczona w pude\u0142ku lub celofanie, mo\u017cna wrzuci\u0107 do \u015brodka wype\u0142niacz dekoracyjny, suszone kwiaty lub samodzielnie wykonane ozdoby.<\/p>\n","protected":false},"excerpt":{"rendered":"<p>\u015awieczki to delikatne i podatne na uszkodzenia produkty. W przypadku prezent\u00f3w metoda pakowania ma jednak jeszcze wi\u0119ksze znaczenie, poniewa\u017c musi spe\u0142ni\u0107 wysokie wymagania estetyczne. Czy mo\u017cna to ze sob\u0105 po\u0142\u0105czy\u0107? [&#8230;]<\/p>\n","protected":false},"author":39,"featured_media":4652,"comment_status":"open","ping_status":"closed","sticky":false,"template":"","format":"standard","meta":{"_acf_changed":false,"footnotes":""},"categories":[266],"tags":[],"class_list":["post-4651","post","type-post","status-publish","format-standard","has-post-thumbnail","hentry","category-porady-opakowaniowe"],"acf":[],"yoast_head":"\n<title>Jak zapakowa\u0107 \u015bwieczk\u0119 na prezent? - BIZNES DOBRZE OPAKOWANY<\/title>\n<meta name=\"robots\" content=\"index, follow, max-snippet:-1, max-image-preview:large, max-video-preview:-1\" \/>\n<link rel=\"canonical\" href=\"https:\/\/www.rajapack.pl\/blog-pl\/jak-zapakowac-swieczke-na-prezent\" \/>\n<meta property=\"og:locale\" content=\"pl_PL\" \/>\n<meta property=\"og:type\" content=\"article\" \/>\n<meta property=\"og:title\" content=\"Jak zapakowa\u0107 \u015bwieczk\u0119 na prezent? - BIZNES DOBRZE OPAKOWANY\" \/>\n<meta property=\"og:description\" content=\"\u015awieczki to delikatne i podatne na uszkodzenia produkty. W przypadku prezent\u00f3w metoda pakowania ma jednak jeszcze wi\u0119ksze znaczenie, poniewa\u017c musi spe\u0142ni\u0107 wysokie wymagania estetyczne. Czy mo\u017cna to ze sob\u0105 po\u0142\u0105czy\u0107? [...]\" \/>\n<meta property=\"og:url\" content=\"https:\/\/www.rajapack.pl\/blog-pl\/jak-zapakowac-swieczke-na-prezent\" \/>\n<meta property=\"og:site_name\" content=\"BIZNES DOBRZE OPAKOWANY\" \/>\n<meta property=\"article:published_time\" content=\"2025-07-31T12:55:27+00:00\" \/>\n<meta property=\"og:image\" content=\"https:\/\/www.rajapack.pl\/blog-pl\/wp-content\/uploads\/2025\/07\/Obraz11.jpg\" \/>\n\t<meta property=\"og:image:width\" content=\"602\" \/>\n\t<meta property=\"og:image:height\" content=\"401\" \/>\n\t<meta property=\"og:image:type\" content=\"image\/jpeg\" \/>\n<meta name=\"author\" content=\"RAJA\" \/>\n<meta name=\"twitter:card\" content=\"summary_large_image\" \/>\n<meta name=\"twitter:label1\" content=\"Napisane przez\" \/>\n\t<meta name=\"twitter:data1\" content=\"RAJA\" \/>\n\t<meta name=\"twitter:label2\" content=\"Szacowany czas czytania\" \/>\n\t<meta name=\"twitter:data2\" content=\"5 minut\" \/>\n<script type=\"application\/ld+json\" class=\"yoast-schema-graph\">{\n\t    \"@context\": \"https:\/\/schema.org\",\n\t    \"@graph\": [\n\t        {\n\t            \"@type\": \"WebPage\",\n\t            \"@id\": \"https:\/\/www.rajapack.pl\/blog-pl\/jak-zapakowac-swieczke-na-prezent\",\n\t            \"url\": \"https:\/\/www.rajapack.pl\/blog-pl\/jak-zapakowac-swieczke-na-prezent\",\n\t            \"name\": \"Jak zapakowa\u0107 \u015bwieczk\u0119 na prezent? - BIZNES DOBRZE OPAKOWANY\",\n\t            \"isPartOf\": {\n\t                \"@id\": \"https:\/\/www.rajapack.pl\/blog-pl\/#website\"\n\t            },\n\t            \"primaryImageOfPage\": {\n\t                \"@id\": \"https:\/\/www.rajapack.pl\/blog-pl\/jak-zapakowac-swieczke-na-prezent#primaryimage\"\n\t            },\n\t            \"image\": {\n\t                \"@id\": \"https:\/\/www.rajapack.pl\/blog-pl\/jak-zapakowac-swieczke-na-prezent#primaryimage\"\n\t            },\n\t            \"thumbnailUrl\": \"https:\/\/www.rajapack.pl\/blog-pl\/wp-content\/uploads\/2025\/07\/Obraz11.jpg\",\n\t            \"datePublished\": \"2025-07-31T12:55:27+00:00\",\n\t            \"dateModified\": \"2025-07-31T12:55:27+00:00\",\n\t            \"author\": {\n\t                \"@id\": \"https:\/\/www.rajapack.pl\/blog-pl\/#\/schema\/person\/9bcea0d1de41f7096a6854720473a792\"\n\t            },\n\t            \"inLanguage\": \"pl-PL\",\n\t            \"potentialAction\": [\n\t                {\n\t                    \"@type\": \"ReadAction\",\n\t                    \"target\": [\n\t                        \"https:\/\/www.rajapack.pl\/blog-pl\/jak-zapakowac-swieczke-na-prezent\"\n\t                    ]\n\t                }\n\t            ]\n\t        },\n\t        {\n\t            \"@type\": \"ImageObject\",\n\t            \"inLanguage\": \"pl-PL\",\n\t            \"@id\": \"https:\/\/www.rajapack.pl\/blog-pl\/jak-zapakowac-swieczke-na-prezent#primaryimage\",\n\t            \"url\": \"https:\/\/www.rajapack.pl\/blog-pl\/wp-content\/uploads\/2025\/07\/Obraz11.jpg\",\n\t            \"contentUrl\": \"https:\/\/www.rajapack.pl\/blog-pl\/wp-content\/uploads\/2025\/07\/Obraz11.jpg\",\n\t            \"width\": 602,\n\t            \"height\": 401,\n\t            \"caption\": \"\u015bwieczka w pude\u0142ku\"\n\t        },\n\t        {\n\t            \"@type\": \"WebSite\",\n\t            \"@id\": \"https:\/\/www.rajapack.pl\/blog-pl\/#website\",\n\t            \"url\": \"https:\/\/www.rajapack.pl\/blog-pl\/\",\n\t            \"name\": \"BIZNES DOBRZE OPAKOWANY\",\n\t            \"description\": \"Porady ekspert\u00f3w do spraw opakowa\u0144\",\n\t            \"potentialAction\": [\n\t                {\n\t                    \"@type\": \"SearchAction\",\n\t                    \"target\": {\n\t                        \"@type\": \"EntryPoint\",\n\t                        \"urlTemplate\": \"https:\/\/www.rajapack.pl\/blog-pl\/?s={search_term_string}\"\n\t                    },\n\t                    \"query-input\": \"required name=search_term_string\"\n\t                }\n\t            ],\n\t            \"inLanguage\": \"pl-PL\"\n\t        },\n\t        {\n\t            \"@type\": \"Person\",\n\t            \"@id\": \"https:\/\/www.rajapack.pl\/blog-pl\/#\/schema\/person\/9bcea0d1de41f7096a6854720473a792\",\n\t            \"name\": \"RAJA\",\n\t            \"image\": {\n\t                \"@type\": \"ImageObject\",\n\t                \"inLanguage\": \"pl-PL\",\n\t                \"@id\": \"https:\/\/www.rajapack.pl\/blog-pl\/#\/schema\/person\/image\/\",\n\t                \"url\": \"https:\/\/secure.gravatar.com\/avatar\/afae8669568c1f323e00733847251eb5?s=96&d=mm&r=g\",\n\t                \"contentUrl\": \"https:\/\/secure.gravatar.com\/avatar\/afae8669568c1f323e00733847251eb5?s=96&d=mm&r=g\",\n\t                \"caption\": \"RAJA\"\n\t            },\n\t            \"url\": \"https:\/\/www.rajapack.pl\/blog-pl\/author\/ajoniuk\"\n\t        }\n\t    ]\n\t}<\/script>\n","yoast_head_json":{"title":"Jak zapakowa\u0107 \u015bwieczk\u0119 na prezent? - BIZNES DOBRZE OPAKOWANY","robots":{"index":"index","follow":"follow","max-snippet":"max-snippet:-1","max-image-preview":"max-image-preview:large","max-video-preview":"max-video-preview:-1"},"canonical":"https:\/\/www.rajapack.pl\/blog-pl\/jak-zapakowac-swieczke-na-prezent","og_locale":"pl_PL","og_type":"article","og_title":"Jak zapakowa\u0107 \u015bwieczk\u0119 na prezent? - BIZNES DOBRZE OPAKOWANY","og_description":"\u015awieczki to delikatne i podatne na uszkodzenia produkty. W przypadku prezent\u00f3w metoda pakowania ma jednak jeszcze wi\u0119ksze znaczenie, poniewa\u017c musi spe\u0142ni\u0107 wysokie wymagania estetyczne. Czy mo\u017cna to ze sob\u0105 po\u0142\u0105czy\u0107? [...]","og_url":"https:\/\/www.rajapack.pl\/blog-pl\/jak-zapakowac-swieczke-na-prezent","og_site_name":"BIZNES DOBRZE OPAKOWANY","article_published_time":"2025-07-31T12:55:27+00:00","og_image":[{"width":602,"height":401,"url":"https:\/\/www.rajapack.pl\/blog-pl\/wp-content\/uploads\/2025\/07\/Obraz11.jpg","type":"image\/jpeg"}],"author":"RAJA","twitter_card":"summary_large_image","twitter_misc":{"Napisane przez":"RAJA","Szacowany czas czytania":"5 minut"},"schema":{"@context":"https:\/\/schema.org","@graph":[{"@type":"WebPage","@id":"https:\/\/www.rajapack.pl\/blog-pl\/jak-zapakowac-swieczke-na-prezent","url":"https:\/\/www.rajapack.pl\/blog-pl\/jak-zapakowac-swieczke-na-prezent","name":"Jak zapakowa\u0107 \u015bwieczk\u0119 na prezent? - BIZNES DOBRZE OPAKOWANY","isPartOf":{"@id":"https:\/\/www.rajapack.pl\/blog-pl\/#website"},"primaryImageOfPage":{"@id":"https:\/\/www.rajapack.pl\/blog-pl\/jak-zapakowac-swieczke-na-prezent#primaryimage"},"image":{"@id":"https:\/\/www.rajapack.pl\/blog-pl\/jak-zapakowac-swieczke-na-prezent#primaryimage"},"thumbnailUrl":"https:\/\/www.rajapack.pl\/blog-pl\/wp-content\/uploads\/2025\/07\/Obraz11.jpg","datePublished":"2025-07-31T12:55:27+00:00","dateModified":"2025-07-31T12:55:27+00:00","author":{"@id":"https:\/\/www.rajapack.pl\/blog-pl\/#\/schema\/person\/9bcea0d1de41f7096a6854720473a792"},"inLanguage":"pl-PL","potentialAction":[{"@type":"ReadAction","target":["https:\/\/www.rajapack.pl\/blog-pl\/jak-zapakowac-swieczke-na-prezent"]}]},{"@type":"ImageObject","inLanguage":"pl-PL","@id":"https:\/\/www.rajapack.pl\/blog-pl\/jak-zapakowac-swieczke-na-prezent#primaryimage","url":"https:\/\/www.rajapack.pl\/blog-pl\/wp-content\/uploads\/2025\/07\/Obraz11.jpg","contentUrl":"https:\/\/www.rajapack.pl\/blog-pl\/wp-content\/uploads\/2025\/07\/Obraz11.jpg","width":602,"height":401,"caption":"\u015bwieczka w pude\u0142ku"},{"@type":"WebSite","@id":"https:\/\/www.rajapack.pl\/blog-pl\/#website","url":"https:\/\/www.rajapack.pl\/blog-pl\/","name":"BIZNES DOBRZE OPAKOWANY","description":"Porady ekspert\u00f3w do spraw opakowa\u0144","potentialAction":[{"@type":"SearchAction","target":{"@type":"EntryPoint","urlTemplate":"https:\/\/www.rajapack.pl\/blog-pl\/?s={search_term_string}"},"query-input":"required name=search_term_string"}],"inLanguage":"pl-PL"},{"@type":"Person","@id":"https:\/\/www.rajapack.pl\/blog-pl\/#\/schema\/person\/9bcea0d1de41f7096a6854720473a792","name":"RAJA","image":{"@type":"ImageObject","inLanguage":"pl-PL","@id":"https:\/\/www.rajapack.pl\/blog-pl\/#\/schema\/person\/image\/","url":"https:\/\/secure.gravatar.com\/avatar\/afae8669568c1f323e00733847251eb5?s=96&d=mm&r=g","contentUrl":"https:\/\/secure.gravatar.com\/avatar\/afae8669568c1f323e00733847251eb5?s=96&d=mm&r=g","caption":"RAJA"},"url":"https:\/\/www.rajapack.pl\/blog-pl\/author\/ajoniuk"}]}},"_links":{"self":[{"href":"https:\/\/www.rajapack.pl\/blog-pl\/wp-json\/wp\/v2\/posts\/4651"}],"collection":[{"href":"https:\/\/www.rajapack.pl\/blog-pl\/wp-json\/wp\/v2\/posts"}],"about":[{"href":"https:\/\/www.rajapack.pl\/blog-pl\/wp-json\/wp\/v2\/types\/post"}],"author":[{"embeddable":true,"href":"https:\/\/www.rajapack.pl\/blog-pl\/wp-json\/wp\/v2\/users\/39"}],"replies":[{"embeddable":true,"href":"https:\/\/www.rajapack.pl\/blog-pl\/wp-json\/wp\/v2\/comments?post=4651"}],"version-history":[{"count":1,"href":"https:\/\/www.rajapack.pl\/blog-pl\/wp-json\/wp\/v2\/posts\/4651\/revisions"}],"predecessor-version":[{"id":4653,"href":"https:\/\/www.rajapack.pl\/blog-pl\/wp-json\/wp\/v2\/posts\/4651\/revisions\/4653"}],"wp:featuredmedia":[{"embeddable":true,"href":"https:\/\/www.rajapack.pl\/blog-pl\/wp-json\/wp\/v2\/media\/4652"}],"wp:attachment":[{"href":"https:\/\/www.rajapack.pl\/blog-pl\/wp-json\/wp\/v2\/media?parent=4651"}],"wp:term":[{"taxonomy":"category","embeddable":true,"href":"https:\/\/www.rajapack.pl\/blog-pl\/wp-json\/wp\/v2\/categories?post=4651"},{"taxonomy":"post_tag","embeddable":true,"href":"https:\/\/www.rajapack.pl\/blog-pl\/wp-json\/wp\/v2\/tags?post=4651"}],"curies":[{"name":"wp","href":"https:\/\/api.w.org\/{rel}","templated":true}]}}