{"id":3909,"date":"2024-02-14T13:45:15","date_gmt":"2024-02-14T12:45:15","guid":{"rendered":"https:\/\/www.rajapack.pl\/blog-pl\/?p=3909"},"modified":"2024-03-08T13:46:24","modified_gmt":"2024-03-08T12:46:24","slug":"zarzadzanie-odpadami-opakowaniowymi-najlepsze-praktyki-w-zakresie-recyklingu-i-minimalizacji-odpadow","status":"publish","type":"post","link":"https:\/\/www.rajapack.pl\/blog-pl\/zarzadzanie-odpadami-opakowaniowymi-najlepsze-praktyki-w-zakresie-recyklingu-i-minimalizacji-odpadow","title":{"rendered":"Zarz\u0105dzanie odpadami opakowaniowymi: Najlepsze praktyki w zakresie recyklingu i minimalizacji odpad\u00f3w"},"content":{"rendered":"<p><span style=\"font-weight: 400;\">Zarz\u0105dzanie odpadami opakowaniowymi staje si\u0119 kluczowe w kwestii zachowania zdrowia naszej planety. Coraz wi\u0119cej firm i indywidualnych konsument\u00f3w zwraca uwag\u0119 na to, jak mog\u0105 przyczyni\u0107 si\u0119 do zmniejszenia ilo\u015bci odpad\u00f3w generowanych ka\u017cdego dnia. W tym artykule przyjrzymy si\u0119 najlepszym praktykom w zakresie recyklingu i minimalizacji odpad\u00f3w, kt\u00f3re ka\u017cdy z nas mo\u017ce zastosowa\u0107 w swoim \u017cyciu.<\/span><\/p>\n<div id=\"ez-toc-container\" class=\"ez-toc-v2_0_67_1 counter-hierarchy ez-toc-counter ez-toc-grey ez-toc-container-direction\">\n<div class=\"ez-toc-title-container\">\n<p class=\"ez-toc-title \" >Table of Contents<\/p>\n<span class=\"ez-toc-title-toggle\"><a href=\"#\" class=\"ez-toc-pull-right ez-toc-btn ez-toc-btn-xs ez-toc-btn-default ez-toc-toggle\" aria-label=\"Toggle Table of Content\"><span class=\"ez-toc-js-icon-con\"><span class=\"\"><span class=\"eztoc-hide\" style=\"display:none;\">Toggle<\/span><span class=\"ez-toc-icon-toggle-span\"><svg style=\"fill: #999;color:#999\" xmlns=\"http:\/\/www.w3.org\/2000\/svg\" class=\"list-377408\" width=\"20px\" height=\"20px\" viewBox=\"0 0 24 24\" fill=\"none\"><path d=\"M6 6H4v2h2V6zm14 0H8v2h12V6zM4 11h2v2H4v-2zm16 0H8v2h12v-2zM4 16h2v2H4v-2zm16 0H8v2h12v-2z\" fill=\"currentColor\"><\/path><\/svg><svg style=\"fill: #999;color:#999\" class=\"arrow-unsorted-368013\" xmlns=\"http:\/\/www.w3.org\/2000\/svg\" width=\"10px\" height=\"10px\" viewBox=\"0 0 24 24\" version=\"1.2\" baseProfile=\"tiny\"><path d=\"M18.2 9.3l-6.2-6.3-6.2 6.3c-.2.2-.3.4-.3.7s.1.5.3.7c.2.2.4.3.7.3h11c.3 0 .5-.1.7-.3.2-.2.3-.5.3-.7s-.1-.5-.3-.7zM5.8 14.7l6.2 6.3 6.2-6.3c.2-.2.3-.5.3-.7s-.1-.5-.3-.7c-.2-.2-.4-.3-.7-.3h-11c-.3 0-.5.1-.7.3-.2.2-.3.5-.3.7s.1.5.3.7z\"\/><\/svg><\/span><\/span><\/span><\/a><\/span><\/div>\n<nav><ul class='ez-toc-list ez-toc-list-level-1 ' ><li class='ez-toc-page-1 ez-toc-heading-level-2'><a class=\"ez-toc-link ez-toc-heading-1\" href=\"https:\/\/www.rajapack.pl\/blog-pl\/zarzadzanie-odpadami-opakowaniowymi-najlepsze-praktyki-w-zakresie-recyklingu-i-minimalizacji-odpadow\/#Zrozumienie_procesu_recyklingu\" title=\"Zrozumienie procesu recyklingu\">Zrozumienie procesu recyklingu<\/a><\/li><li class='ez-toc-page-1 ez-toc-heading-level-2'><a class=\"ez-toc-link ez-toc-heading-2\" href=\"https:\/\/www.rajapack.pl\/blog-pl\/zarzadzanie-odpadami-opakowaniowymi-najlepsze-praktyki-w-zakresie-recyklingu-i-minimalizacji-odpadow\/#Zmniejszanie_ilosci_odpadow\" title=\"Zmniejszanie ilo\u015bci odpad\u00f3w\u00a0\">Zmniejszanie ilo\u015bci odpad\u00f3w\u00a0<\/a><\/li><li class='ez-toc-page-1 ez-toc-heading-level-2'><a class=\"ez-toc-link ez-toc-heading-3\" href=\"https:\/\/www.rajapack.pl\/blog-pl\/zarzadzanie-odpadami-opakowaniowymi-najlepsze-praktyki-w-zakresie-recyklingu-i-minimalizacji-odpadow\/#Segregacja_odpadow\" title=\"Segregacja odpad\u00f3w\">Segregacja odpad\u00f3w<\/a><\/li><li class='ez-toc-page-1 ez-toc-heading-level-2'><a class=\"ez-toc-link ez-toc-heading-4\" href=\"https:\/\/www.rajapack.pl\/blog-pl\/zarzadzanie-odpadami-opakowaniowymi-najlepsze-praktyki-w-zakresie-recyklingu-i-minimalizacji-odpadow\/#Wspieranie_recyklingu\" title=\"Wspieranie recyklingu\">Wspieranie recyklingu<\/a><\/li><li class='ez-toc-page-1 ez-toc-heading-level-2'><a class=\"ez-toc-link ez-toc-heading-5\" href=\"https:\/\/www.rajapack.pl\/blog-pl\/zarzadzanie-odpadami-opakowaniowymi-najlepsze-praktyki-w-zakresie-recyklingu-i-minimalizacji-odpadow\/#Edukacja_i_swiadomosc_ekologiczna\" title=\"Edukacja i \u015bwiadomo\u015b\u0107 ekologiczna\">Edukacja i \u015bwiadomo\u015b\u0107 ekologiczna<\/a><\/li><li class='ez-toc-page-1 ez-toc-heading-level-2'><a class=\"ez-toc-link ez-toc-heading-6\" href=\"https:\/\/www.rajapack.pl\/blog-pl\/zarzadzanie-odpadami-opakowaniowymi-najlepsze-praktyki-w-zakresie-recyklingu-i-minimalizacji-odpadow\/#Innowacje_i_nowe_technologie_w_recyklingu\" title=\"Innowacje i nowe technologie w recyklingu\">Innowacje i nowe technologie w recyklingu<\/a><\/li><li class='ez-toc-page-1 ez-toc-heading-level-2'><a class=\"ez-toc-link ez-toc-heading-7\" href=\"https:\/\/www.rajapack.pl\/blog-pl\/zarzadzanie-odpadami-opakowaniowymi-najlepsze-praktyki-w-zakresie-recyklingu-i-minimalizacji-odpadow\/#Udzial_spolecznosci_lokalnych\" title=\"Udzia\u0142 spo\u0142eczno\u015bci lokalnych\">Udzia\u0142 spo\u0142eczno\u015bci lokalnych<\/a><\/li><\/ul><\/nav><\/div>\n<h2><span class=\"ez-toc-section\" id=\"Zrozumienie_procesu_recyklingu\"><\/span><span style=\"font-weight: 400;\">Zrozumienie procesu recyklingu<\/span><span class=\"ez-toc-section-end\"><\/span><\/h2>\n<p><span style=\"font-weight: 400;\">Aby skutecznie zarz\u0105dza\u0107 odpadami, wa\u017cne jest zrozumienie, jak przebiega proces ponownego wykorzystania materia\u0142\u00f3w. Przyk\u0142adem mo\u017ce by\u0107 recykling <\/span><a href=\"https:\/\/www.rajapack.pl\/kartony-pudelka-opakowania-kartonowe\/kartony_C1110.html\"><span style=\"font-weight: 400;\">pud\u0142a kartonowego<\/span><\/a><span style=\"font-weight: 400;\">, kt\u00f3ry jest do\u015b\u0107 z\u0142o\u017conym procesem, ale jednocze\u015bnie niezwykle wa\u017cnym dla \u015brodowiska.\u00a0 <\/span><b>Dzi\u0119ki recyklingowi papier i karton mog\u0105 by\u0107 wielokrotnie przetwarzane, co znacz\u0105co redukuje potrzeb\u0119 wycinania nowych drzew<\/b><span style=\"font-weight: 400;\">.\u00a0<\/span><\/p>\n<h2><span class=\"ez-toc-section\" id=\"Zmniejszanie_ilosci_odpadow\"><\/span><span style=\"font-weight: 400;\">Zmniejszanie ilo\u015bci odpad\u00f3w\u00a0<\/span><span class=\"ez-toc-section-end\"><\/span><\/h2>\n<p><b>Pierwszym i najwa\u017cniejszym krokiem w kierunku zr\u00f3wnowa\u017conego zarz\u0105dzania odpadami jest minimalizacja ilo\u015bci odpad\u00f3w produkowanych na samym pocz\u0105tku<\/b><span style=\"font-weight: 400;\">. Obejmuje to dokonywanie \u015bwiadomych wybor\u00f3w zakupowych, takich jak wybieranie produkt\u00f3w z mniejsz\u0105 ilo\u015bci\u0105 opakowa\u0144 lub wybieranie opakowa\u0144 wielokrotnego u\u017cytku i uzupe\u0142nianie produkt\u00f3w, zamiast kupowania nowych.\u00a0<\/span><\/p>\n<p><b>Jednym z najprostszych sposob\u00f3w na zmniejszenie ilo\u015bci odpad\u00f3w jest wyb\u00f3r opakowa\u0144 ekologicznych<\/b><span style=\"font-weight: 400;\">. Produkty te, cz\u0119sto wykonane z materia\u0142\u00f3w biodegradowalnych lub pochodz\u0105cych z recyklingu, mog\u0105 znacz\u0105co ograniczy\u0107 wp\u0142yw na \u015brodowisko. Chcesz dowiedzie\u0107 si\u0119 wi\u0119cej na temat tego rodzaju opakowa\u0144? Sprawd\u017a nasz niedawny wpis: <\/span><a href=\"https:\/\/www.rajapack.pl\/blog-pl\/opakowania-ekologiczne-biodegradowalne-wysylki-czym-sie-charakteryzuja\"><span style=\"font-weight: 400;\">Opakowania ekologiczne i biodegradowalne do wysy\u0142ki \u2013 czym si\u0119 charakteryzuj\u0105?<\/span><\/a><\/p>\n<h2><span class=\"ez-toc-section\" id=\"Segregacja_odpadow\"><\/span><span style=\"font-weight: 400;\">Segregacja odpad\u00f3w<\/span><span class=\"ez-toc-section-end\"><\/span><\/h2>\n<p><span style=\"font-weight: 400;\">Aby recykling by\u0142 skuteczny, niezb\u0119dna jest w\u0142a\u015bciwa segregacja odpad\u00f3w. To oznacza oddzielanie ich na r\u00f3\u017cne frakcje, takie jak papier, plastik, szk\u0142o, metal i bioodpady, w domu lub w miejscu pracy. Wiele miejscowo\u015bci oferuje szczeg\u00f3\u0142owe wytyczne dotycz\u0105ce segregacji odpad\u00f3w, kt\u00f3re pomagaj\u0105 w prawid\u0142owym ich sortowaniu.\u00a0<\/span><\/p>\n<p><b>Prawid\u0142owa segregacja nie tylko u\u0142atwia proces recyklingu, ale tak\u017ce zwi\u0119ksza jego efektywno\u015b\u0107, co przek\u0142ada si\u0119 na mniejsze zu\u017cycie zasob\u00f3w naturalnych i mniejsz\u0105 emisj\u0119 gaz\u00f3w cieplarnianych<\/b><span style=\"font-weight: 400;\">.\u00a0<\/span><\/p>\n<h2><span class=\"ez-toc-section\" id=\"Wspieranie_recyklingu\"><\/span><span style=\"font-weight: 400;\">Wspieranie recyklingu<\/span><span class=\"ez-toc-section-end\"><\/span><\/h2>\n<p><span style=\"font-weight: 400;\">Aktywne wspieranie system\u00f3w recyklingu, zar\u00f3wno na poziomie lokalnym, jak i globalnym, jest kluczowe. To obejmuje nie tylko segregacj\u0119 odpad\u00f3w, ale r\u00f3wnie\u017c korzystanie z produkt\u00f3w wykonanych z materia\u0142\u00f3w pochodz\u0105cych z recyklingu. <\/span><b>Poprzez preferowanie takich produkt\u00f3w, konsumenci mog\u0105 stymulowa\u0107 popyt na materia\u0142y z recyklingu, zach\u0119caj\u0105c tym samym firmy do inwestowania w technologie recyklingu i zr\u00f3wnowa\u017cone praktyki produkcyjne<\/b><span style=\"font-weight: 400;\">.<\/span><\/p>\n<h2><span class=\"ez-toc-section\" id=\"Edukacja_i_swiadomosc_ekologiczna\"><\/span><span style=\"font-weight: 400;\">Edukacja i \u015bwiadomo\u015b\u0107 ekologiczna<\/span><span class=\"ez-toc-section-end\"><\/span><\/h2>\n<p><span style=\"font-weight: 400;\">Podnoszenie \u015bwiadomo\u015bci na temat znaczenia recyklingu i zarz\u0105dzania odpadami jest fundamentem dla zmiany zachowa\u0144 spo\u0142ecznych. <\/span><b>Edukacja ekologiczna, zar\u00f3wno w szko\u0142ach, jak i poprzez kampanie spo\u0142eczne, mo\u017ce znacz\u0105co przyczyni\u0107 si\u0119 do zwi\u0119kszenia zaanga\u017cowania spo\u0142ecze\u0144stwa w dzia\u0142ania proekologiczne<\/b><span style=\"font-weight: 400;\">.\u00a0<\/span><\/p>\n<p><span style=\"font-weight: 400;\">Wiedza na temat tego, jak w\u0142a\u015bciwie segregowa\u0107 odpady i dlaczego jest to wa\u017cne, mo\u017ce zainspirowa\u0107 ludzi do podejmowania codziennych dzia\u0142a\u0144 na rzecz ochrony \u015brodowiska. Warto te\u017c wiedzie\u0107 o tym, jak wygl\u0105da <\/span><a href=\"https:\/\/www.rajapack.pl\/blog-pl\/jak-wyglada-proces-recyklingu-pudel-kartonowych\"><span style=\"font-weight: 400;\">proces recyklingu pude\u0142 kartonowych<\/span><\/a><span style=\"font-weight: 400;\">.\u00a0<\/span><\/p>\n<h2><span class=\"ez-toc-section\" id=\"Innowacje_i_nowe_technologie_w_recyklingu\"><\/span><span style=\"font-weight: 400;\">Innowacje i nowe technologie w recyklingu<\/span><span class=\"ez-toc-section-end\"><\/span><\/h2>\n<p><span style=\"font-weight: 400;\">Warto te\u017c wspomnie\u0107 o tym, \u017ce rozw\u00f3j technologii recyklingu otwiera nowe mo\u017cliwo\u015bci w zakresie przetwarzania odpad\u00f3w. <\/span><b>Innowacyjne metody, takie jak chemiczny recykling plastik\u00f3w czy zaawansowane techniki sortowania, mog\u0105 znacznie zwi\u0119kszy\u0107 efektywno\u015b\u0107 recyklingu i umo\u017cliwi\u0107 odzyskiwanie materia\u0142\u00f3w, kt\u00f3re dotychczas by\u0142y trudne do przetworzenia<\/b><span style=\"font-weight: 400;\">. Inwestycje w takie technologie s\u0105 kluczowe dla przysz\u0142o\u015bci zr\u00f3wnowa\u017conego zarz\u0105dzania odpadami.<\/span><\/p>\n<h2><span class=\"ez-toc-section\" id=\"Udzial_spolecznosci_lokalnych\"><\/span><span style=\"font-weight: 400;\">Udzia\u0142 spo\u0142eczno\u015bci lokalnych<\/span><span class=\"ez-toc-section-end\"><\/span><\/h2>\n<p><span style=\"font-weight: 400;\">Zarz\u0105dzanie odpadami opakowaniowymi nie jest wyzwaniem, z kt\u00f3rym mo\u017cna sobie poradzi\u0107 wy\u0142\u0105cznie na poziomie indywidualnym lub korporacyjnym. Spo\u0142eczno\u015bci lokalne odgrywaj\u0105 kluczow\u0105 rol\u0119 w tworzeniu efektywnych system\u00f3w recyklingu i promowaniu zr\u00f3wnowa\u017conych praktyk.\u00a0<\/span><\/p>\n<p><b>Lokalne inicjatywy, takie jak warsztaty dotycz\u0105ce recyklingu, programy wymiany opakowa\u0144 wielokrotnego u\u017cytku czy lokalne punkty zbierania odpad\u00f3w specjalistycznych, mog\u0105 znacz\u0105co przyczyni\u0107 si\u0119 do zwi\u0119kszenia \u015bwiadomo\u015bci i zaanga\u017cowania mieszka\u0144c\u00f3w<\/b><span style=\"font-weight: 400;\">. Wsp\u00f3\u0142praca mi\u0119dzy gminami, przedsi\u0119biorstwami a mieszka\u0144cami jest kluczowa dla budowania trwa\u0142ych i skutecznych system\u00f3w zarz\u0105dzania odpadami.<\/span><\/p>\n","protected":false},"excerpt":{"rendered":"<p>Zarz\u0105dzanie odpadami opakowaniowymi staje si\u0119 kluczowe w kwestii zachowania zdrowia naszej planety. Coraz wi\u0119cej firm i indywidualnych konsument\u00f3w zwraca uwag\u0119 na to, jak mog\u0105 przyczyni\u0107 si\u0119 do zmniejszenia ilo\u015bci odpad\u00f3w [&#8230;]<\/p>\n","protected":false},"author":72,"featured_media":3910,"comment_status":"open","ping_status":"closed","sticky":false,"template":"","format":"standard","meta":{"_acf_changed":false,"footnotes":""},"categories":[252],"tags":[],"class_list":["post-3909","post","type-post","status-publish","format-standard","has-post-thumbnail","hentry","category-rozwiazania-ekologiczne"],"acf":[],"yoast_head":"\n<title>Zarz\u0105dzanie odpadami opakowaniowymi: Najlepsze praktyki w zakresie recyklingu i minimalizacji odpad\u00f3w - BIZNES DOBRZE OPAKOWANY<\/title>\n<meta name=\"robots\" content=\"index, follow, max-snippet:-1, max-image-preview:large, max-video-preview:-1\" \/>\n<link rel=\"canonical\" href=\"https:\/\/www.rajapack.pl\/blog-pl\/zarzadzanie-odpadami-opakowaniowymi-najlepsze-praktyki-w-zakresie-recyklingu-i-minimalizacji-odpadow\" \/>\n<meta property=\"og:locale\" content=\"pl_PL\" \/>\n<meta property=\"og:type\" content=\"article\" \/>\n<meta property=\"og:title\" content=\"Zarz\u0105dzanie odpadami opakowaniowymi: Najlepsze praktyki w zakresie recyklingu i minimalizacji odpad\u00f3w - BIZNES DOBRZE OPAKOWANY\" \/>\n<meta property=\"og:description\" content=\"Zarz\u0105dzanie odpadami opakowaniowymi staje si\u0119 kluczowe w kwestii zachowania zdrowia naszej planety. Coraz wi\u0119cej firm i indywidualnych konsument\u00f3w zwraca uwag\u0119 na to, jak mog\u0105 przyczyni\u0107 si\u0119 do zmniejszenia ilo\u015bci odpad\u00f3w [...]\" \/>\n<meta property=\"og:url\" content=\"https:\/\/www.rajapack.pl\/blog-pl\/zarzadzanie-odpadami-opakowaniowymi-najlepsze-praktyki-w-zakresie-recyklingu-i-minimalizacji-odpadow\" \/>\n<meta property=\"og:site_name\" content=\"BIZNES DOBRZE OPAKOWANY\" \/>\n<meta property=\"article:published_time\" content=\"2024-02-14T12:45:15+00:00\" \/>\n<meta property=\"article:modified_time\" content=\"2024-03-08T12:46:24+00:00\" \/>\n<meta property=\"og:image\" content=\"https:\/\/www.rajapack.pl\/blog-pl\/wp-content\/uploads\/2024\/03\/Zarzadzanie-odpadami-opakowaniowymi.jpg\" \/>\n\t<meta property=\"og:image:width\" content=\"675\" \/>\n\t<meta property=\"og:image:height\" content=\"518\" \/>\n\t<meta property=\"og:image:type\" content=\"image\/jpeg\" \/>\n<meta name=\"author\" content=\"bartlomiej barcik\" \/>\n<meta name=\"twitter:card\" content=\"summary_large_image\" \/>\n<meta name=\"twitter:label1\" content=\"Napisane przez\" \/>\n\t<meta name=\"twitter:data1\" content=\"bartlomiej barcik\" \/>\n\t<meta name=\"twitter:label2\" content=\"Szacowany czas czytania\" \/>\n\t<meta name=\"twitter:data2\" content=\"4 minuty\" \/>\n<script type=\"application\/ld+json\" class=\"yoast-schema-graph\">{\n\t    \"@context\": \"https:\/\/schema.org\",\n\t    \"@graph\": [\n\t        {\n\t            \"@type\": \"WebPage\",\n\t            \"@id\": \"https:\/\/www.rajapack.pl\/blog-pl\/zarzadzanie-odpadami-opakowaniowymi-najlepsze-praktyki-w-zakresie-recyklingu-i-minimalizacji-odpadow\",\n\t            \"url\": \"https:\/\/www.rajapack.pl\/blog-pl\/zarzadzanie-odpadami-opakowaniowymi-najlepsze-praktyki-w-zakresie-recyklingu-i-minimalizacji-odpadow\",\n\t            \"name\": \"Zarz\u0105dzanie odpadami opakowaniowymi: Najlepsze praktyki w zakresie recyklingu i minimalizacji odpad\u00f3w - BIZNES DOBRZE OPAKOWANY\",\n\t            \"isPartOf\": {\n\t                \"@id\": \"https:\/\/www.rajapack.pl\/blog-pl\/#website\"\n\t            },\n\t            \"primaryImageOfPage\": {\n\t                \"@id\": \"https:\/\/www.rajapack.pl\/blog-pl\/zarzadzanie-odpadami-opakowaniowymi-najlepsze-praktyki-w-zakresie-recyklingu-i-minimalizacji-odpadow#primaryimage\"\n\t            },\n\t            \"image\": {\n\t                \"@id\": \"https:\/\/www.rajapack.pl\/blog-pl\/zarzadzanie-odpadami-opakowaniowymi-najlepsze-praktyki-w-zakresie-recyklingu-i-minimalizacji-odpadow#primaryimage\"\n\t            },\n\t            \"thumbnailUrl\": \"https:\/\/www.rajapack.pl\/blog-pl\/wp-content\/uploads\/2024\/03\/Zarzadzanie-odpadami-opakowaniowymi.jpg\",\n\t            \"datePublished\": \"2024-02-14T12:45:15+00:00\",\n\t            \"dateModified\": \"2024-03-08T12:46:24+00:00\",\n\t            \"author\": {\n\t                \"@id\": \"https:\/\/www.rajapack.pl\/blog-pl\/#\/schema\/person\/95677582662feb2dfb4c69b582037bae\"\n\t            },\n\t            \"inLanguage\": \"pl-PL\",\n\t            \"potentialAction\": [\n\t                {\n\t                    \"@type\": \"ReadAction\",\n\t                    \"target\": [\n\t                        \"https:\/\/www.rajapack.pl\/blog-pl\/zarzadzanie-odpadami-opakowaniowymi-najlepsze-praktyki-w-zakresie-recyklingu-i-minimalizacji-odpadow\"\n\t                    ]\n\t                }\n\t            ]\n\t        },\n\t        {\n\t            \"@type\": \"ImageObject\",\n\t            \"inLanguage\": \"pl-PL\",\n\t            \"@id\": \"https:\/\/www.rajapack.pl\/blog-pl\/zarzadzanie-odpadami-opakowaniowymi-najlepsze-praktyki-w-zakresie-recyklingu-i-minimalizacji-odpadow#primaryimage\",\n\t            \"url\": \"https:\/\/www.rajapack.pl\/blog-pl\/wp-content\/uploads\/2024\/03\/Zarzadzanie-odpadami-opakowaniowymi.jpg\",\n\t            \"contentUrl\": \"https:\/\/www.rajapack.pl\/blog-pl\/wp-content\/uploads\/2024\/03\/Zarzadzanie-odpadami-opakowaniowymi.jpg\",\n\t            \"width\": 675,\n\t            \"height\": 518\n\t        },\n\t        {\n\t            \"@type\": \"WebSite\",\n\t            \"@id\": \"https:\/\/www.rajapack.pl\/blog-pl\/#website\",\n\t            \"url\": \"https:\/\/www.rajapack.pl\/blog-pl\/\",\n\t            \"name\": \"BIZNES DOBRZE OPAKOWANY\",\n\t            \"description\": \"Porady ekspert\u00f3w do spraw opakowa\u0144\",\n\t            \"potentialAction\": [\n\t                {\n\t                    \"@type\": \"SearchAction\",\n\t                    \"target\": {\n\t                        \"@type\": \"EntryPoint\",\n\t                        \"urlTemplate\": \"https:\/\/www.rajapack.pl\/blog-pl\/?s={search_term_string}\"\n\t                    },\n\t                    \"query-input\": \"required name=search_term_string\"\n\t                }\n\t            ],\n\t            \"inLanguage\": \"pl-PL\"\n\t        },\n\t        {\n\t            \"@type\": \"Person\",\n\t            \"@id\": \"https:\/\/www.rajapack.pl\/blog-pl\/#\/schema\/person\/95677582662feb2dfb4c69b582037bae\",\n\t            \"name\": \"bartlomiej barcik\",\n\t            \"image\": {\n\t                \"@type\": \"ImageObject\",\n\t                \"inLanguage\": \"pl-PL\",\n\t                \"@id\": \"https:\/\/www.rajapack.pl\/blog-pl\/#\/schema\/person\/image\/\",\n\t                \"url\": \"https:\/\/secure.gravatar.com\/avatar\/69aaf608bb8cf8fcce3be5cdb228c693?s=96&d=mm&r=g\",\n\t                \"contentUrl\": \"https:\/\/secure.gravatar.com\/avatar\/69aaf608bb8cf8fcce3be5cdb228c693?s=96&d=mm&r=g\",\n\t                \"caption\": \"bartlomiej barcik\"\n\t            },\n\t            \"url\": \"https:\/\/www.rajapack.pl\/blog-pl\/author\/bartlomiej-barciksemgence-pl\"\n\t        }\n\t    ]\n\t}<\/script>\n","yoast_head_json":{"title":"Zarz\u0105dzanie odpadami opakowaniowymi: Najlepsze praktyki w zakresie recyklingu i minimalizacji odpad\u00f3w - BIZNES DOBRZE OPAKOWANY","robots":{"index":"index","follow":"follow","max-snippet":"max-snippet:-1","max-image-preview":"max-image-preview:large","max-video-preview":"max-video-preview:-1"},"canonical":"https:\/\/www.rajapack.pl\/blog-pl\/zarzadzanie-odpadami-opakowaniowymi-najlepsze-praktyki-w-zakresie-recyklingu-i-minimalizacji-odpadow","og_locale":"pl_PL","og_type":"article","og_title":"Zarz\u0105dzanie odpadami opakowaniowymi: Najlepsze praktyki w zakresie recyklingu i minimalizacji odpad\u00f3w - BIZNES DOBRZE OPAKOWANY","og_description":"Zarz\u0105dzanie odpadami opakowaniowymi staje si\u0119 kluczowe w kwestii zachowania zdrowia naszej planety. Coraz wi\u0119cej firm i indywidualnych konsument\u00f3w zwraca uwag\u0119 na to, jak mog\u0105 przyczyni\u0107 si\u0119 do zmniejszenia ilo\u015bci odpad\u00f3w [...]","og_url":"https:\/\/www.rajapack.pl\/blog-pl\/zarzadzanie-odpadami-opakowaniowymi-najlepsze-praktyki-w-zakresie-recyklingu-i-minimalizacji-odpadow","og_site_name":"BIZNES DOBRZE OPAKOWANY","article_published_time":"2024-02-14T12:45:15+00:00","article_modified_time":"2024-03-08T12:46:24+00:00","og_image":[{"width":675,"height":518,"url":"https:\/\/www.rajapack.pl\/blog-pl\/wp-content\/uploads\/2024\/03\/Zarzadzanie-odpadami-opakowaniowymi.jpg","type":"image\/jpeg"}],"author":"bartlomiej barcik","twitter_card":"summary_large_image","twitter_misc":{"Napisane przez":"bartlomiej barcik","Szacowany czas czytania":"4 minuty"},"schema":{"@context":"https:\/\/schema.org","@graph":[{"@type":"WebPage","@id":"https:\/\/www.rajapack.pl\/blog-pl\/zarzadzanie-odpadami-opakowaniowymi-najlepsze-praktyki-w-zakresie-recyklingu-i-minimalizacji-odpadow","url":"https:\/\/www.rajapack.pl\/blog-pl\/zarzadzanie-odpadami-opakowaniowymi-najlepsze-praktyki-w-zakresie-recyklingu-i-minimalizacji-odpadow","name":"Zarz\u0105dzanie odpadami opakowaniowymi: Najlepsze praktyki w zakresie recyklingu i minimalizacji odpad\u00f3w - BIZNES DOBRZE OPAKOWANY","isPartOf":{"@id":"https:\/\/www.rajapack.pl\/blog-pl\/#website"},"primaryImageOfPage":{"@id":"https:\/\/www.rajapack.pl\/blog-pl\/zarzadzanie-odpadami-opakowaniowymi-najlepsze-praktyki-w-zakresie-recyklingu-i-minimalizacji-odpadow#primaryimage"},"image":{"@id":"https:\/\/www.rajapack.pl\/blog-pl\/zarzadzanie-odpadami-opakowaniowymi-najlepsze-praktyki-w-zakresie-recyklingu-i-minimalizacji-odpadow#primaryimage"},"thumbnailUrl":"https:\/\/www.rajapack.pl\/blog-pl\/wp-content\/uploads\/2024\/03\/Zarzadzanie-odpadami-opakowaniowymi.jpg","datePublished":"2024-02-14T12:45:15+00:00","dateModified":"2024-03-08T12:46:24+00:00","author":{"@id":"https:\/\/www.rajapack.pl\/blog-pl\/#\/schema\/person\/95677582662feb2dfb4c69b582037bae"},"inLanguage":"pl-PL","potentialAction":[{"@type":"ReadAction","target":["https:\/\/www.rajapack.pl\/blog-pl\/zarzadzanie-odpadami-opakowaniowymi-najlepsze-praktyki-w-zakresie-recyklingu-i-minimalizacji-odpadow"]}]},{"@type":"ImageObject","inLanguage":"pl-PL","@id":"https:\/\/www.rajapack.pl\/blog-pl\/zarzadzanie-odpadami-opakowaniowymi-najlepsze-praktyki-w-zakresie-recyklingu-i-minimalizacji-odpadow#primaryimage","url":"https:\/\/www.rajapack.pl\/blog-pl\/wp-content\/uploads\/2024\/03\/Zarzadzanie-odpadami-opakowaniowymi.jpg","contentUrl":"https:\/\/www.rajapack.pl\/blog-pl\/wp-content\/uploads\/2024\/03\/Zarzadzanie-odpadami-opakowaniowymi.jpg","width":675,"height":518},{"@type":"WebSite","@id":"https:\/\/www.rajapack.pl\/blog-pl\/#website","url":"https:\/\/www.rajapack.pl\/blog-pl\/","name":"BIZNES DOBRZE OPAKOWANY","description":"Porady ekspert\u00f3w do spraw opakowa\u0144","potentialAction":[{"@type":"SearchAction","target":{"@type":"EntryPoint","urlTemplate":"https:\/\/www.rajapack.pl\/blog-pl\/?s={search_term_string}"},"query-input":"required name=search_term_string"}],"inLanguage":"pl-PL"},{"@type":"Person","@id":"https:\/\/www.rajapack.pl\/blog-pl\/#\/schema\/person\/95677582662feb2dfb4c69b582037bae","name":"bartlomiej barcik","image":{"@type":"ImageObject","inLanguage":"pl-PL","@id":"https:\/\/www.rajapack.pl\/blog-pl\/#\/schema\/person\/image\/","url":"https:\/\/secure.gravatar.com\/avatar\/69aaf608bb8cf8fcce3be5cdb228c693?s=96&d=mm&r=g","contentUrl":"https:\/\/secure.gravatar.com\/avatar\/69aaf608bb8cf8fcce3be5cdb228c693?s=96&d=mm&r=g","caption":"bartlomiej barcik"},"url":"https:\/\/www.rajapack.pl\/blog-pl\/author\/bartlomiej-barciksemgence-pl"}]}},"_links":{"self":[{"href":"https:\/\/www.rajapack.pl\/blog-pl\/wp-json\/wp\/v2\/posts\/3909"}],"collection":[{"href":"https:\/\/www.rajapack.pl\/blog-pl\/wp-json\/wp\/v2\/posts"}],"about":[{"href":"https:\/\/www.rajapack.pl\/blog-pl\/wp-json\/wp\/v2\/types\/post"}],"author":[{"embeddable":true,"href":"https:\/\/www.rajapack.pl\/blog-pl\/wp-json\/wp\/v2\/users\/72"}],"replies":[{"embeddable":true,"href":"https:\/\/www.rajapack.pl\/blog-pl\/wp-json\/wp\/v2\/comments?post=3909"}],"version-history":[{"count":0,"href":"https:\/\/www.rajapack.pl\/blog-pl\/wp-json\/wp\/v2\/posts\/3909\/revisions"}],"wp:featuredmedia":[{"embeddable":true,"href":"https:\/\/www.rajapack.pl\/blog-pl\/wp-json\/wp\/v2\/media\/3910"}],"wp:attachment":[{"href":"https:\/\/www.rajapack.pl\/blog-pl\/wp-json\/wp\/v2\/media?parent=3909"}],"wp:term":[{"taxonomy":"category","embeddable":true,"href":"https:\/\/www.rajapack.pl\/blog-pl\/wp-json\/wp\/v2\/categories?post=3909"},{"taxonomy":"post_tag","embeddable":true,"href":"https:\/\/www.rajapack.pl\/blog-pl\/wp-json\/wp\/v2\/tags?post=3909"}],"curies":[{"name":"wp","href":"https:\/\/api.w.org\/{rel}","templated":true}]}}