{"id":3408,"date":"2023-05-18T13:35:34","date_gmt":"2023-05-18T12:35:34","guid":{"rendered":"https:\/\/www.rajapack.pl\/blog-pl\/?p=3408"},"modified":"2023-05-29T13:37:03","modified_gmt":"2023-05-29T12:37:03","slug":"jak-urzadzic-i-podzielic-magazyn","status":"publish","type":"post","link":"https:\/\/www.rajapack.pl\/blog-pl\/jak-urzadzic-i-podzielic-magazyn","title":{"rendered":"Jak urz\u0105dzi\u0107 i podzieli\u0107 magazyn?"},"content":{"rendered":"<p><b>Dobrze zorganizowany magazyn to gwarancja sukcesu w bran\u017cy handlowo-wysy\u0142kowej. Kilka wskaz\u00f3wek, jak urz\u0105dzi\u0107 magazyn znajdziesz w poni\u017cszym artykule. Dzi\u0119ki temu b\u0119dziesz w stanie zoptymalizowa\u0107 procesy logistyczne, usprawni\u0107 prac\u0119 magazynier\u00f3w, a tak\u017ce \u0142atwiej zarz\u0105dza\u0107 stanami magazynowymi.<\/b><\/p>\n<div id=\"ez-toc-container\" class=\"ez-toc-v2_0_67_1 counter-hierarchy ez-toc-counter ez-toc-grey ez-toc-container-direction\">\n<div class=\"ez-toc-title-container\">\n<p class=\"ez-toc-title \" >Table of Contents<\/p>\n<span class=\"ez-toc-title-toggle\"><a href=\"#\" class=\"ez-toc-pull-right ez-toc-btn ez-toc-btn-xs ez-toc-btn-default ez-toc-toggle\" aria-label=\"Toggle Table of Content\"><span class=\"ez-toc-js-icon-con\"><span class=\"\"><span class=\"eztoc-hide\" style=\"display:none;\">Toggle<\/span><span class=\"ez-toc-icon-toggle-span\"><svg style=\"fill: #999;color:#999\" xmlns=\"http:\/\/www.w3.org\/2000\/svg\" class=\"list-377408\" width=\"20px\" height=\"20px\" viewBox=\"0 0 24 24\" fill=\"none\"><path d=\"M6 6H4v2h2V6zm14 0H8v2h12V6zM4 11h2v2H4v-2zm16 0H8v2h12v-2zM4 16h2v2H4v-2zm16 0H8v2h12v-2z\" fill=\"currentColor\"><\/path><\/svg><svg style=\"fill: #999;color:#999\" class=\"arrow-unsorted-368013\" xmlns=\"http:\/\/www.w3.org\/2000\/svg\" width=\"10px\" height=\"10px\" viewBox=\"0 0 24 24\" version=\"1.2\" baseProfile=\"tiny\"><path d=\"M18.2 9.3l-6.2-6.3-6.2 6.3c-.2.2-.3.4-.3.7s.1.5.3.7c.2.2.4.3.7.3h11c.3 0 .5-.1.7-.3.2-.2.3-.5.3-.7s-.1-.5-.3-.7zM5.8 14.7l6.2 6.3 6.2-6.3c.2-.2.3-.5.3-.7s-.1-.5-.3-.7c-.2-.2-.4-.3-.7-.3h-11c-.3 0-.5.1-.7.3-.2.2-.3.5-.3.7s.1.5.3.7z\"\/><\/svg><\/span><\/span><\/span><\/a><\/span><\/div>\n<nav><ul class='ez-toc-list ez-toc-list-level-1 ' ><li class='ez-toc-page-1 ez-toc-heading-level-2'><a class=\"ez-toc-link ez-toc-heading-1\" href=\"https:\/\/www.rajapack.pl\/blog-pl\/jak-urzadzic-i-podzielic-magazyn\/#Urzadzanie_magazynu_%E2%80%93_czy_to_trudne_zadanie\" title=\"Urz\u0105dzanie magazynu \u2013 czy to trudne zadanie?\">Urz\u0105dzanie magazynu \u2013 czy to trudne zadanie?<\/a><\/li><li class='ez-toc-page-1 ez-toc-heading-level-2'><a class=\"ez-toc-link ez-toc-heading-2\" href=\"https:\/\/www.rajapack.pl\/blog-pl\/jak-urzadzic-i-podzielic-magazyn\/#Jak_podzielic_magazyn_Poznaj_strefy_podzialu\" title=\"Jak podzieli\u0107 magazyn? Poznaj strefy podzia\u0142u!\">Jak podzieli\u0107 magazyn? Poznaj strefy podzia\u0142u!<\/a><ul class='ez-toc-list-level-3' ><li class='ez-toc-heading-level-3'><a class=\"ez-toc-link ez-toc-heading-3\" href=\"https:\/\/www.rajapack.pl\/blog-pl\/jak-urzadzic-i-podzielic-magazyn\/#Strefa_zaladunku_i_rozladunku\" title=\"Strefa za\u0142adunku i roz\u0142adunku\">Strefa za\u0142adunku i roz\u0142adunku<\/a><\/li><li class='ez-toc-page-1 ez-toc-heading-level-3'><a class=\"ez-toc-link ez-toc-heading-4\" href=\"https:\/\/www.rajapack.pl\/blog-pl\/jak-urzadzic-i-podzielic-magazyn\/#Strefa_przyjec\" title=\"Strefa przyj\u0119\u0107\">Strefa przyj\u0119\u0107<\/a><\/li><li class='ez-toc-page-1 ez-toc-heading-level-3'><a class=\"ez-toc-link ez-toc-heading-5\" href=\"https:\/\/www.rajapack.pl\/blog-pl\/jak-urzadzic-i-podzielic-magazyn\/#Strefa_magazynowania\" title=\"Strefa magazynowania\">Strefa magazynowania<\/a><\/li><li class='ez-toc-page-1 ez-toc-heading-level-3'><a class=\"ez-toc-link ez-toc-heading-6\" href=\"https:\/\/www.rajapack.pl\/blog-pl\/jak-urzadzic-i-podzielic-magazyn\/#Strefa_kompletacji\" title=\"Strefa kompletacji\">Strefa kompletacji<\/a><\/li><li class='ez-toc-page-1 ez-toc-heading-level-3'><a class=\"ez-toc-link ez-toc-heading-7\" href=\"https:\/\/www.rajapack.pl\/blog-pl\/jak-urzadzic-i-podzielic-magazyn\/#Strefa_wysylki\" title=\"Strefa wysy\u0142ki\">Strefa wysy\u0142ki<\/a><\/li><\/ul><\/li><li class='ez-toc-page-1 ez-toc-heading-level-2'><a class=\"ez-toc-link ez-toc-heading-8\" href=\"https:\/\/www.rajapack.pl\/blog-pl\/jak-urzadzic-i-podzielic-magazyn\/#Jak_urzadzic_magazyn_aby_utrzymac_w_nim_porzadek\" title=\"Jak urz\u0105dzi\u0107 magazyn, aby utrzyma\u0107 w nim porz\u0105dek?\">Jak urz\u0105dzi\u0107 magazyn, aby utrzyma\u0107 w nim porz\u0105dek?<\/a><\/li><li class='ez-toc-page-1 ez-toc-heading-level-2'><a class=\"ez-toc-link ez-toc-heading-9\" href=\"https:\/\/www.rajapack.pl\/blog-pl\/jak-urzadzic-i-podzielic-magazyn\/#Urzadzanie_magazynu_a_procesy_logistyczne_%E2%80%93_dlaczego_dobra_organizacja_ma_znaczenie\" title=\"Urz\u0105dzanie magazynu a procesy logistyczne \u2013 dlaczego dobra organizacja ma znaczenie?\">Urz\u0105dzanie magazynu a procesy logistyczne \u2013 dlaczego dobra organizacja ma znaczenie?<\/a><\/li><\/ul><\/nav><\/div>\n<h2><span class=\"ez-toc-section\" id=\"Urzadzanie_magazynu_%E2%80%93_czy_to_trudne_zadanie\"><\/span><span style=\"font-weight: 400;\">Urz\u0105dzanie magazynu \u2013 czy to trudne zadanie?<\/span><span class=\"ez-toc-section-end\"><\/span><\/h2>\n<p><span style=\"font-weight: 400;\">Odpowiedni uk\u0142ad magazynu to pierwszy krok do optymalizacji dzia\u0142a\u0144 w firmie. <\/span><b>Przygotowanie prawid\u0142owo funkcjonuj\u0105cej hali magazynowej wymaga stworzenia kompleksowego planu dzia\u0142ania.<\/b><span style=\"font-weight: 400;\"> Na tym etapie musisz uwzgl\u0119dni\u0107 kilka kluczowych czynnik\u00f3w:<\/span><\/p>\n<ul>\n<li style=\"font-weight: 400;\" aria-level=\"1\"><span style=\"font-weight: 400;\">jak najkorzystniejsze wykorzystanie przestrzeni do magazynowania towar\u00f3w,<\/span><\/li>\n<li style=\"font-weight: 400;\" aria-level=\"1\"><span style=\"font-weight: 400;\">\u0142atwy dost\u0119p do produkt\u00f3w, co przy\u015bpiesza konfekcjonowanie,<\/span><\/li>\n<li style=\"font-weight: 400;\" aria-level=\"1\"><span style=\"font-weight: 400;\">wysoki wska\u017anik mo\u017cliwej rotacji towaru pomi\u0119dzy rega\u0142ami,<\/span><\/li>\n<li style=\"font-weight: 400;\" aria-level=\"1\"><span style=\"font-weight: 400;\">elastyczno\u015b\u0107 w zakresie uk\u0142adania produkt\u00f3w oraz kontrolowania, np. przy inwentaryzacji.<\/span><\/li>\n<\/ul>\n<p><span style=\"font-weight: 400;\">Nie masz do\u015bwiadczenia w zakresie organizacji przestrzeni magazynowych, a tak\u017ce nie wiesz, jakie jest podstawowe <\/span><a href=\"https:\/\/www.rajapack.pl\/wyposazenie-magazynu_C19.html\"><span style=\"font-weight: 400;\">techniczne wyposa\u017cenie magazynu<\/span><\/a><span style=\"font-weight: 400;\">? W takiej sytuacji masz tylko dwa wyj\u015bcia. Skorzystaj z pomocy profesjonalist\u00f3w zajmuj\u0105cych si\u0119 optymalizacj\u0105 i organizowaniem przestrzeni w magazynie lub zapoznaj si\u0119 ze wskaz\u00f3wkami, jak urz\u0105dzi\u0107 magazyn, aby dzia\u0142a\u0142 jak najsprawniej.<\/span><\/p>\n<p><span style=\"font-weight: 400;\">Wi\u0119cej na temat tego, <\/span><a href=\"https:\/\/www.rajapack.pl\/blog-pl\/jak-wyposazyc-magazyn-e-commerce\"><span style=\"font-weight: 400;\">jak wyposa\u017cy\u0107 magazyn e-commerce<\/span><\/a><span style=\"font-weight: 400;\"> znajdziesz w poradniku RAJA. To zbi\u00f3r rzetelnych informacji i wskaz\u00f3wek, kt\u00f3re pomog\u0105 Ci wyposa\u017cy\u0107 swoj\u0105 firm\u0119 w niezb\u0119dne maszyny, akcesoria i sprz\u0119t magazynowy.<\/span><\/p>\n<h2><span class=\"ez-toc-section\" id=\"Jak_podzielic_magazyn_Poznaj_strefy_podzialu\"><\/span><span style=\"font-weight: 400;\">Jak podzieli\u0107 magazyn? Poznaj strefy podzia\u0142u!<\/span><span class=\"ez-toc-section-end\"><\/span><\/h2>\n<p><span style=\"font-weight: 400;\">Optymalizacja rozk\u0142adu przestrzeni magazynowej to gwarancja osi\u0105gni\u0119cia sukcesu i przy\u015bpieszenia proces\u00f3w logistycznych w firmie. W jaki spos\u00f3b mo\u017cna podzieli\u0107 magazyn, aby usprawni\u0107 jego prac\u0119? To do\u015b\u0107 proste. Cho\u0107 nie ma uniwersalnego rozwi\u0105zania w tej kwestii, warto wykorzysta\u0107 podzia\u0142 na pi\u0119\u0107 stref tematycznych.<\/span><\/p>\n<h3><span class=\"ez-toc-section\" id=\"Strefa_zaladunku_i_rozladunku\"><\/span><span style=\"font-weight: 400;\">Strefa za\u0142adunku i roz\u0142adunku<\/span><span class=\"ez-toc-section-end\"><\/span><\/h3>\n<p><span style=\"font-weight: 400;\">W tej strefie powinny odbywa\u0107 si\u0119 czynno\u015bci zwi\u0105zane z przyjmowaniem towaru na magazyn oraz wydawaniem przesy\u0142ek do wysy\u0142ki. Tutaj wewn\u0119trzne cz\u0119\u015bci magazynu \u0142\u0105cz\u0105 si\u0119 z tymi zewn\u0119trznymi, czyli tam, gdzie podje\u017cd\u017caj\u0105 tiry. Dobrze zorganizowany magazyn powinien mie\u0107 jasno wydzielon\u0105 stref\u0119 za\u0142adunku i roz\u0142adunku.\u00a0<\/span><\/p>\n<p><span style=\"font-weight: 400;\">W tym przypadku konieczna jest inwestycja w rampy po\u015brednie, doki \u0142\u0105czeniowe oraz bramy wyjazdowe. Pracownicy w tym sektorze powinni mie\u0107 dost\u0119p do <\/span><a href=\"https:\/\/www.rajapack.pl\/wyposazenie-magazynu\/wozki-magazynowe\/wozek-paletowy_C191030.html\"><span style=\"font-weight: 400;\">w\u00f3zk\u00f3w paletowych<\/span><\/a><span style=\"font-weight: 400;\">, magazynowych i podstawowych <\/span><a href=\"https:\/\/www.rajapack.pl\/wyposazenie-magazynu\/akcesoria-magazynowe_C1950.html\"><span style=\"font-weight: 400;\">akcesori\u00f3w magazynowych<\/span><\/a><span style=\"font-weight: 400;\">.<\/span><\/p>\n<h3><span class=\"ez-toc-section\" id=\"Strefa_przyjec\"><\/span><span style=\"font-weight: 400;\">Strefa przyj\u0119\u0107<\/span><span class=\"ez-toc-section-end\"><\/span><\/h3>\n<p><span style=\"font-weight: 400;\">To sektor w hali magazynowej, gdzie przyjmowane s\u0105 paczki dostarczane przez firmy kurierskie. Warto mie\u0107 na uwadze, \u017ce ta strefa powinna by\u0107 oddzielona od pozosta\u0142ych mieszcze\u0144 w hali magazynowej. W tym miejscu magazynierzy nie tylko przyjmuj\u0105 towar na stany magazynowe, ale tak\u017ce dokonuj\u0105: <\/span><b>weryfikacji, kontroli jako\u015bci oraz sortowania.<\/b><\/p>\n<p><span style=\"font-weight: 400;\">W strefie przyj\u0119\u0107 niezb\u0119dne wyposa\u017cenie to <\/span><a href=\"https:\/\/www.rajapack.pl\/wyposazenie-magazynu\/pudelka-pojemniki_C1920.html\"><span style=\"font-weight: 400;\">pude\u0142ka i pojemniki magazynowe<\/span><\/a><span style=\"font-weight: 400;\">, <\/span><a href=\"https:\/\/www.rajapack.pl\/wyposazenie-magazynu\/wyposazenie-warsztatu-stanowiska-pracy\/stojaki-podajniki-papieru_C194020.html\"><span style=\"font-weight: 400;\">stojaki magazynowe<\/span><\/a><span style=\"font-weight: 400;\">, a tak\u017ce <\/span><a href=\"https:\/\/www.rajapack.pl\/wyposazenie-magazynu\/pudelka-pojemniki_C1920.html\"><span style=\"font-weight: 400;\">rega\u0142y stalowe<\/span><\/a><span style=\"font-weight: 400;\">. Pracownicy odpowiedzialni za przyj\u0119cia towar\u00f3w w tej strefie najcz\u0119\u015bciej wykorzystuj\u0105 te\u017c czytniki kod\u00f3w kreskowych. Po dok\u0142adnej weryfikacji przedmiot\u00f3w przychodz\u0105cych nast\u0119puje ich przeniesienie do strefy magazynowania.<\/span><\/p>\n<h3><span class=\"ez-toc-section\" id=\"Strefa_magazynowania\"><\/span><span style=\"font-weight: 400;\">Strefa magazynowania<\/span><span class=\"ez-toc-section-end\"><\/span><\/h3>\n<p><span style=\"font-weight: 400;\">Dobrze przygotowana strefa magazynowania towaru to podstawa. Produkty przechowywane w magazynie mo\u017cna sk\u0142adowa\u0107 w r\u00f3\u017cnych miejscach: na posadzce lub na rega\u0142ach magazynowych. Tak naprawd\u0119 spos\u00f3b organizacji przestrzeni magazynowej jest uzale\u017cniony od skali dzia\u0142alno\u015bci przedsi\u0119biorstwa.\u00a0<\/span><\/p>\n<p><span style=\"font-weight: 400;\">Je\u015bli w firmie wysy\u0142ka odbywa si\u0119 g\u0142\u00f3wnie na paletach (podobnie jak przyj\u0119cia towaru), warto wykorzysta\u0107 profesjonalne rega\u0142y paletowe, kt\u00f3re s\u0105 w stanie wytrzyma\u0107 ogromne obci\u0105\u017cenia. Do magazynowania towar\u00f3w drobnicowych lepiej zainwestowa\u0107 w standardowe rega\u0142y oraz <\/span><a href=\"https:\/\/www.rajapack.pl\/wyposazenie-magazynu\/pudelka-pojemniki\/pojemniki_C192010.html\"><span style=\"font-weight: 400;\">kuwety i pude\u0142ka magazynowe<\/span><\/a><span style=\"font-weight: 400;\">.<\/span><\/p>\n<h3><span class=\"ez-toc-section\" id=\"Strefa_kompletacji\"><\/span><span style=\"font-weight: 400;\">Strefa kompletacji<\/span><span class=\"ez-toc-section-end\"><\/span><\/h3>\n<p><span style=\"font-weight: 400;\">W strefie kompletowania przechowywane s\u0105 towary, kt\u00f3re s\u0105 w trakcie u\u017cywane na etapie konfekcjonowania zam\u00f3wie\u0144 klienta. <\/span><b>Ten sektor r\u00f3wnie\u017c powinien znajdowa\u0107 si\u0119 w specjalnie wydzielonym miejscu<\/b><span style=\"font-weight: 400;\">, aby towar magazynowany nie pomyli\u0142 si\u0119 z tym przeznaczonym do wysy\u0142ki. W przeciwnym razie mog\u0142oby doj\u015b\u0107 do wyst\u0105pienia niezgodno\u015bci w stanach magazynowych lub nieprawid\u0142owo\u015bci w wysy\u0142anych paczkach.<\/span><\/p>\n<h3><span class=\"ez-toc-section\" id=\"Strefa_wysylki\"><\/span><span style=\"font-weight: 400;\">Strefa wysy\u0142ki<\/span><span class=\"ez-toc-section-end\"><\/span><\/h3>\n<p><span style=\"font-weight: 400;\">Sektor wysy\u0142kowy to ostatnie miejsce, gdzie paczki ko\u0144cz\u0105 sw\u00f3j bieg w magazynie. Po zebraniu towaru i zamkni\u0119ciu go w opakowaniach kartonowych paczki s\u0105 przekazywane do strefy wysy\u0142ki. <\/span><b>W tym miejscu przesy\u0142ki czekaj\u0105 na odbi\u00f3r przez firm\u0119 kuriersk\u0105 <\/b><span style=\"font-weight: 400;\">i dalszy tranzyt \u2013 bezpo\u015brednio do klient\u00f3w.<\/span><\/p>\n<h2><span class=\"ez-toc-section\" id=\"Jak_urzadzic_magazyn_aby_utrzymac_w_nim_porzadek\"><\/span><span style=\"font-weight: 400;\">Jak urz\u0105dzi\u0107 magazyn, aby utrzyma\u0107 w nim porz\u0105dek?<\/span><span class=\"ez-toc-section-end\"><\/span><\/h2>\n<p><span style=\"font-weight: 400;\">Organizacja i podzia\u0142 przestrzeni magazynowej ma kluczowe znaczenie w odniesieniu nie tylko do szybko\u015bci realizacji zam\u00f3wie\u0144, ale tak\u017ce mo\u017cliwo\u015bci utrzymania porz\u0105dku w hali na co dzie\u0144. <\/span><b>Urz\u0105dzanie magazynu w celach reorganizacyjnych mo\u017cna podzieli\u0107 na kilka krok\u00f3w.<\/b><\/p>\n<ol>\n<li style=\"font-weight: 400;\" aria-level=\"1\"><span style=\"font-weight: 400;\">Opracuj plan dzia\u0142ania. Mo\u017cesz narysowa\u0107 nowy schemat rozmieszczenia rega\u0142\u00f3w, urz\u0105dze\u0144 magazynowych i stanowisk pracy poszczeg\u00f3lnych pracownik\u00f3w.<\/span><\/li>\n<li style=\"font-weight: 400;\" aria-level=\"1\"><span style=\"font-weight: 400;\">Ustal, w jaki sprz\u0119t warto zainwestowa\u0107, aby u\u0142atwi\u0107 relokowanie towar\u00f3w i ich bezpieczniejsze sk\u0142adowanie, np. na rega\u0142ach magazynowych.<\/span><\/li>\n<li style=\"font-weight: 400;\" aria-level=\"1\"><span style=\"font-weight: 400;\">Zrealizuj inwentaryzacj\u0119 towaru. To niezb\u0119dne, aby zadba\u0107 o porz\u0105dek w przestrzeni magazynowej. Nowe porz\u0105dki wymagaj\u0105 wyzerowania stan\u00f3w magazynowych, kt\u00f3re by\u0142y niezgodne z rzeczywisto\u015bci\u0105.<\/span><\/li>\n<li style=\"font-weight: 400;\" aria-level=\"1\"><span style=\"font-weight: 400;\">Wybierz najrozs\u0105dniejszy uk\u0142ad technologiczny dla swojego magazynu. Mo\u017cesz zdecydowa\u0107 si\u0119 na magazyn workowy, przelotowy lub k\u0105towy. Ten pierwszy dzieli magazyn na trzy strefy: dwie dynamiczne i jedn\u0105 statyczn\u0105. Przelotowy system to idealne rozwi\u0105zanie dla wi\u0119kszych powierzchni magazynowych, natomiast k\u0105towy sprawdzi si\u0119 tam, gdzie wymagana jest najwi\u0119ksza przestrze\u0144 do magazynowania.<\/span><\/li>\n<\/ol>\n<p><span style=\"font-weight: 400;\">Powy\u017csze porady to tylko kilka wskaz\u00f3wek, <\/span><a href=\"https:\/\/www.rajapack.pl\/blog-pl\/jak-utrzymac-porzadek-w-magazynie\"><span style=\"font-weight: 400;\">jak utrzyma\u0107 porz\u0105dek w magazynie<\/span><\/a><span style=\"font-weight: 400;\"> i zapanowa\u0107 nad coraz wi\u0119ksz\u0105 liczb\u0105 towar\u00f3w przychodz\u0105cych do przechowywania. Pami\u0119taj, \u017ce podstaw\u0105 zorganizowania przestrzeni w magazynie jest planowanie. Bez odpowiednio rozdzielonych zada\u0144 nie b\u0119dziesz w stanie osi\u0105gn\u0105\u0107 zamierzonych cel\u00f3w i zoptymalizowa\u0107 proces\u00f3w w firmie.<\/span><\/p>\n<h2><span class=\"ez-toc-section\" id=\"Urzadzanie_magazynu_a_procesy_logistyczne_%E2%80%93_dlaczego_dobra_organizacja_ma_znaczenie\"><\/span><span style=\"font-weight: 400;\">Urz\u0105dzanie magazynu a procesy logistyczne \u2013 dlaczego dobra organizacja ma znaczenie?<\/span><span class=\"ez-toc-section-end\"><\/span><\/h2>\n<p><span style=\"font-weight: 400;\">Nowoczesne firmy zajmuj\u0105ce si\u0119 handlem internetowym i wysy\u0142k\u0105 towar\u00f3w z w\u0142asnych centr\u00f3w prze\u0142adunkowych stale inwestuj\u0105 w <\/span><b>innowacyjne metody reorganizuj\u0105ce prac\u0119 magazynu.<\/b><span style=\"font-weight: 400;\"> To nie tylko inwestycja w nowoczesny sprz\u0119t i technologiczne rozwi\u0105zania, ale tak\u017ce ci\u0105gle planowanie i relokowanie towar\u00f3w pomi\u0119dzy rega\u0142ami.<\/span><\/p>\n<p><span style=\"font-weight: 400;\">Pami\u0119taj: usprawnienie proces\u00f3w przyjmowania, rozk\u0142adania i konfekcjonowania towar\u00f3w w magazynie to podstawa do osi\u0105gni\u0119cia sukcesu w przysz\u0142o\u015bci. W ten spos\u00f3b mo\u017cesz te\u017c zredukowa\u0107 koszty prowadzenia dzia\u0142alno\u015bci, a to otwiera nowe mo\u017cliwo\u015bci w odniesieniu do inwestycji w nowe przestrzenie magazynowe i rozw\u00f3j przedsi\u0119biorstwa.<\/span><\/p>\n","protected":false},"excerpt":{"rendered":"<p>Dobrze zorganizowany magazyn to gwarancja sukcesu w bran\u017cy handlowo-wysy\u0142kowej. Kilka wskaz\u00f3wek, jak urz\u0105dzi\u0107 magazyn znajdziesz w poni\u017cszym artykule. Dzi\u0119ki temu b\u0119dziesz w stanie zoptymalizowa\u0107 procesy logistyczne, usprawni\u0107 prac\u0119 magazynier\u00f3w, a [&#8230;]<\/p>\n","protected":false},"author":74,"featured_media":3409,"comment_status":"open","ping_status":"closed","sticky":false,"template":"","format":"standard","meta":{"_acf_changed":false,"footnotes":""},"categories":[265],"tags":[],"class_list":["post-3408","post","type-post","status-publish","format-standard","has-post-thumbnail","hentry","category-magazynowanie"],"acf":[],"yoast_head":"\n<title>Jak urz\u0105dzi\u0107 i podzieli\u0107 magazyn? - BIZNES DOBRZE OPAKOWANY<\/title>\n<meta name=\"robots\" content=\"index, follow, max-snippet:-1, max-image-preview:large, max-video-preview:-1\" \/>\n<link rel=\"canonical\" href=\"https:\/\/www.rajapack.pl\/blog-pl\/jak-urzadzic-i-podzielic-magazyn\" \/>\n<meta property=\"og:locale\" content=\"pl_PL\" \/>\n<meta property=\"og:type\" content=\"article\" \/>\n<meta property=\"og:title\" content=\"Jak urz\u0105dzi\u0107 i podzieli\u0107 magazyn? - BIZNES DOBRZE OPAKOWANY\" \/>\n<meta property=\"og:description\" content=\"Dobrze zorganizowany magazyn to gwarancja sukcesu w bran\u017cy handlowo-wysy\u0142kowej. Kilka wskaz\u00f3wek, jak urz\u0105dzi\u0107 magazyn znajdziesz w poni\u017cszym artykule. Dzi\u0119ki temu b\u0119dziesz w stanie zoptymalizowa\u0107 procesy logistyczne, usprawni\u0107 prac\u0119 magazynier\u00f3w, a [...]\" \/>\n<meta property=\"og:url\" content=\"https:\/\/www.rajapack.pl\/blog-pl\/jak-urzadzic-i-podzielic-magazyn\" \/>\n<meta property=\"og:site_name\" content=\"BIZNES DOBRZE OPAKOWANY\" \/>\n<meta property=\"article:published_time\" content=\"2023-05-18T12:35:34+00:00\" \/>\n<meta property=\"article:modified_time\" content=\"2023-05-29T12:37:03+00:00\" \/>\n<meta property=\"og:image\" content=\"https:\/\/www.rajapack.pl\/blog-pl\/wp-content\/uploads\/2023\/05\/jak-urzadzic-i-podzielic-magazyn.jpg\" \/>\n\t<meta property=\"og:image:width\" content=\"788\" \/>\n\t<meta property=\"og:image:height\" content=\"443\" \/>\n\t<meta property=\"og:image:type\" content=\"image\/jpeg\" \/>\n<meta name=\"author\" content=\"wiktoria kolinko\" \/>\n<meta name=\"twitter:card\" content=\"summary_large_image\" \/>\n<meta name=\"twitter:label1\" content=\"Napisane przez\" \/>\n\t<meta name=\"twitter:data1\" content=\"wiktoria kolinko\" \/>\n\t<meta name=\"twitter:label2\" content=\"Szacowany czas czytania\" \/>\n\t<meta name=\"twitter:data2\" content=\"6 minut\" \/>\n<script type=\"application\/ld+json\" class=\"yoast-schema-graph\">{\n\t    \"@context\": \"https:\/\/schema.org\",\n\t    \"@graph\": [\n\t        {\n\t            \"@type\": \"WebPage\",\n\t            \"@id\": \"https:\/\/www.rajapack.pl\/blog-pl\/jak-urzadzic-i-podzielic-magazyn\",\n\t            \"url\": \"https:\/\/www.rajapack.pl\/blog-pl\/jak-urzadzic-i-podzielic-magazyn\",\n\t            \"name\": \"Jak urz\u0105dzi\u0107 i podzieli\u0107 magazyn? - BIZNES DOBRZE OPAKOWANY\",\n\t            \"isPartOf\": {\n\t                \"@id\": \"https:\/\/www.rajapack.pl\/blog-pl\/#website\"\n\t            },\n\t            \"primaryImageOfPage\": {\n\t                \"@id\": \"https:\/\/www.rajapack.pl\/blog-pl\/jak-urzadzic-i-podzielic-magazyn#primaryimage\"\n\t            },\n\t            \"image\": {\n\t                \"@id\": \"https:\/\/www.rajapack.pl\/blog-pl\/jak-urzadzic-i-podzielic-magazyn#primaryimage\"\n\t            },\n\t            \"thumbnailUrl\": \"https:\/\/www.rajapack.pl\/blog-pl\/wp-content\/uploads\/2023\/05\/jak-urzadzic-i-podzielic-magazyn.jpg\",\n\t            \"datePublished\": \"2023-05-18T12:35:34+00:00\",\n\t            \"dateModified\": \"2023-05-29T12:37:03+00:00\",\n\t            \"author\": {\n\t                \"@id\": \"https:\/\/www.rajapack.pl\/blog-pl\/#\/schema\/person\/5a6fd7b5b8bdeb7c93927a4030588530\"\n\t            },\n\t            \"inLanguage\": \"pl-PL\",\n\t            \"potentialAction\": [\n\t                {\n\t                    \"@type\": \"ReadAction\",\n\t                    \"target\": [\n\t                        \"https:\/\/www.rajapack.pl\/blog-pl\/jak-urzadzic-i-podzielic-magazyn\"\n\t                    ]\n\t                }\n\t            ]\n\t        },\n\t        {\n\t            \"@type\": \"ImageObject\",\n\t            \"inLanguage\": \"pl-PL\",\n\t            \"@id\": \"https:\/\/www.rajapack.pl\/blog-pl\/jak-urzadzic-i-podzielic-magazyn#primaryimage\",\n\t            \"url\": \"https:\/\/www.rajapack.pl\/blog-pl\/wp-content\/uploads\/2023\/05\/jak-urzadzic-i-podzielic-magazyn.jpg\",\n\t            \"contentUrl\": \"https:\/\/www.rajapack.pl\/blog-pl\/wp-content\/uploads\/2023\/05\/jak-urzadzic-i-podzielic-magazyn.jpg\",\n\t            \"width\": 788,\n\t            \"height\": 443,\n\t            \"caption\": \"jak-urzadzic-i-podzielic-magazyn\"\n\t        },\n\t        {\n\t            \"@type\": \"WebSite\",\n\t            \"@id\": \"https:\/\/www.rajapack.pl\/blog-pl\/#website\",\n\t            \"url\": \"https:\/\/www.rajapack.pl\/blog-pl\/\",\n\t            \"name\": \"BIZNES DOBRZE OPAKOWANY\",\n\t            \"description\": \"Porady ekspert\u00f3w do spraw opakowa\u0144\",\n\t            \"potentialAction\": [\n\t                {\n\t                    \"@type\": \"SearchAction\",\n\t                    \"target\": {\n\t                        \"@type\": \"EntryPoint\",\n\t                        \"urlTemplate\": \"https:\/\/www.rajapack.pl\/blog-pl\/?s={search_term_string}\"\n\t                    },\n\t                    \"query-input\": \"required name=search_term_string\"\n\t                }\n\t            ],\n\t            \"inLanguage\": \"pl-PL\"\n\t        },\n\t        {\n\t            \"@type\": \"Person\",\n\t            \"@id\": \"https:\/\/www.rajapack.pl\/blog-pl\/#\/schema\/person\/5a6fd7b5b8bdeb7c93927a4030588530\",\n\t            \"name\": \"wiktoria kolinko\",\n\t            \"image\": {\n\t                \"@type\": \"ImageObject\",\n\t                \"inLanguage\": \"pl-PL\",\n\t                \"@id\": \"https:\/\/www.rajapack.pl\/blog-pl\/#\/schema\/person\/image\/\",\n\t                \"url\": \"https:\/\/secure.gravatar.com\/avatar\/049ac4b0f0f3740d2dc017acbcf6915d?s=96&d=mm&r=g\",\n\t                \"contentUrl\": \"https:\/\/secure.gravatar.com\/avatar\/049ac4b0f0f3740d2dc017acbcf6915d?s=96&d=mm&r=g\",\n\t                \"caption\": \"wiktoria kolinko\"\n\t            },\n\t            \"url\": \"https:\/\/www.rajapack.pl\/blog-pl\/author\/wiktoria-kolinkosemgence-pl\"\n\t        }\n\t    ]\n\t}<\/script>\n","yoast_head_json":{"title":"Jak urz\u0105dzi\u0107 i podzieli\u0107 magazyn? - BIZNES DOBRZE OPAKOWANY","robots":{"index":"index","follow":"follow","max-snippet":"max-snippet:-1","max-image-preview":"max-image-preview:large","max-video-preview":"max-video-preview:-1"},"canonical":"https:\/\/www.rajapack.pl\/blog-pl\/jak-urzadzic-i-podzielic-magazyn","og_locale":"pl_PL","og_type":"article","og_title":"Jak urz\u0105dzi\u0107 i podzieli\u0107 magazyn? - BIZNES DOBRZE OPAKOWANY","og_description":"Dobrze zorganizowany magazyn to gwarancja sukcesu w bran\u017cy handlowo-wysy\u0142kowej. Kilka wskaz\u00f3wek, jak urz\u0105dzi\u0107 magazyn znajdziesz w poni\u017cszym artykule. Dzi\u0119ki temu b\u0119dziesz w stanie zoptymalizowa\u0107 procesy logistyczne, usprawni\u0107 prac\u0119 magazynier\u00f3w, a [...]","og_url":"https:\/\/www.rajapack.pl\/blog-pl\/jak-urzadzic-i-podzielic-magazyn","og_site_name":"BIZNES DOBRZE OPAKOWANY","article_published_time":"2023-05-18T12:35:34+00:00","article_modified_time":"2023-05-29T12:37:03+00:00","og_image":[{"width":788,"height":443,"url":"https:\/\/www.rajapack.pl\/blog-pl\/wp-content\/uploads\/2023\/05\/jak-urzadzic-i-podzielic-magazyn.jpg","type":"image\/jpeg"}],"author":"wiktoria kolinko","twitter_card":"summary_large_image","twitter_misc":{"Napisane przez":"wiktoria kolinko","Szacowany czas czytania":"6 minut"},"schema":{"@context":"https:\/\/schema.org","@graph":[{"@type":"WebPage","@id":"https:\/\/www.rajapack.pl\/blog-pl\/jak-urzadzic-i-podzielic-magazyn","url":"https:\/\/www.rajapack.pl\/blog-pl\/jak-urzadzic-i-podzielic-magazyn","name":"Jak urz\u0105dzi\u0107 i podzieli\u0107 magazyn? - BIZNES DOBRZE OPAKOWANY","isPartOf":{"@id":"https:\/\/www.rajapack.pl\/blog-pl\/#website"},"primaryImageOfPage":{"@id":"https:\/\/www.rajapack.pl\/blog-pl\/jak-urzadzic-i-podzielic-magazyn#primaryimage"},"image":{"@id":"https:\/\/www.rajapack.pl\/blog-pl\/jak-urzadzic-i-podzielic-magazyn#primaryimage"},"thumbnailUrl":"https:\/\/www.rajapack.pl\/blog-pl\/wp-content\/uploads\/2023\/05\/jak-urzadzic-i-podzielic-magazyn.jpg","datePublished":"2023-05-18T12:35:34+00:00","dateModified":"2023-05-29T12:37:03+00:00","author":{"@id":"https:\/\/www.rajapack.pl\/blog-pl\/#\/schema\/person\/5a6fd7b5b8bdeb7c93927a4030588530"},"inLanguage":"pl-PL","potentialAction":[{"@type":"ReadAction","target":["https:\/\/www.rajapack.pl\/blog-pl\/jak-urzadzic-i-podzielic-magazyn"]}]},{"@type":"ImageObject","inLanguage":"pl-PL","@id":"https:\/\/www.rajapack.pl\/blog-pl\/jak-urzadzic-i-podzielic-magazyn#primaryimage","url":"https:\/\/www.rajapack.pl\/blog-pl\/wp-content\/uploads\/2023\/05\/jak-urzadzic-i-podzielic-magazyn.jpg","contentUrl":"https:\/\/www.rajapack.pl\/blog-pl\/wp-content\/uploads\/2023\/05\/jak-urzadzic-i-podzielic-magazyn.jpg","width":788,"height":443,"caption":"jak-urzadzic-i-podzielic-magazyn"},{"@type":"WebSite","@id":"https:\/\/www.rajapack.pl\/blog-pl\/#website","url":"https:\/\/www.rajapack.pl\/blog-pl\/","name":"BIZNES DOBRZE OPAKOWANY","description":"Porady ekspert\u00f3w do spraw opakowa\u0144","potentialAction":[{"@type":"SearchAction","target":{"@type":"EntryPoint","urlTemplate":"https:\/\/www.rajapack.pl\/blog-pl\/?s={search_term_string}"},"query-input":"required name=search_term_string"}],"inLanguage":"pl-PL"},{"@type":"Person","@id":"https:\/\/www.rajapack.pl\/blog-pl\/#\/schema\/person\/5a6fd7b5b8bdeb7c93927a4030588530","name":"wiktoria kolinko","image":{"@type":"ImageObject","inLanguage":"pl-PL","@id":"https:\/\/www.rajapack.pl\/blog-pl\/#\/schema\/person\/image\/","url":"https:\/\/secure.gravatar.com\/avatar\/049ac4b0f0f3740d2dc017acbcf6915d?s=96&d=mm&r=g","contentUrl":"https:\/\/secure.gravatar.com\/avatar\/049ac4b0f0f3740d2dc017acbcf6915d?s=96&d=mm&r=g","caption":"wiktoria kolinko"},"url":"https:\/\/www.rajapack.pl\/blog-pl\/author\/wiktoria-kolinkosemgence-pl"}]}},"_links":{"self":[{"href":"https:\/\/www.rajapack.pl\/blog-pl\/wp-json\/wp\/v2\/posts\/3408"}],"collection":[{"href":"https:\/\/www.rajapack.pl\/blog-pl\/wp-json\/wp\/v2\/posts"}],"about":[{"href":"https:\/\/www.rajapack.pl\/blog-pl\/wp-json\/wp\/v2\/types\/post"}],"author":[{"embeddable":true,"href":"https:\/\/www.rajapack.pl\/blog-pl\/wp-json\/wp\/v2\/users\/74"}],"replies":[{"embeddable":true,"href":"https:\/\/www.rajapack.pl\/blog-pl\/wp-json\/wp\/v2\/comments?post=3408"}],"version-history":[{"count":0,"href":"https:\/\/www.rajapack.pl\/blog-pl\/wp-json\/wp\/v2\/posts\/3408\/revisions"}],"wp:featuredmedia":[{"embeddable":true,"href":"https:\/\/www.rajapack.pl\/blog-pl\/wp-json\/wp\/v2\/media\/3409"}],"wp:attachment":[{"href":"https:\/\/www.rajapack.pl\/blog-pl\/wp-json\/wp\/v2\/media?parent=3408"}],"wp:term":[{"taxonomy":"category","embeddable":true,"href":"https:\/\/www.rajapack.pl\/blog-pl\/wp-json\/wp\/v2\/categories?post=3408"},{"taxonomy":"post_tag","embeddable":true,"href":"https:\/\/www.rajapack.pl\/blog-pl\/wp-json\/wp\/v2\/tags?post=3408"}],"curies":[{"name":"wp","href":"https:\/\/api.w.org\/{rel}","templated":true}]}}