{"id":2149,"date":"2021-02-23T14:51:35","date_gmt":"2021-02-23T13:51:35","guid":{"rendered":"https:\/\/www.rajapack.pl\/blog-pl\/?p=2149"},"modified":"2023-01-17T11:58:06","modified_gmt":"2023-01-17T10:58:06","slug":"porzadek-w-magazynie-dzieki-pudelkom-pojemnikom-magazynowym","status":"publish","type":"post","link":"https:\/\/www.rajapack.pl\/blog-pl\/porzadek-w-magazynie-dzieki-pudelkom-pojemnikom-magazynowym","title":{"rendered":"Porz\u0105dek w magazynie dzi\u0119ki pude\u0142kom i pojemnikom magazynowym"},"content":{"rendered":"<div id=\"ez-toc-container\" class=\"ez-toc-v2_0_67_1 counter-hierarchy ez-toc-counter ez-toc-grey ez-toc-container-direction\">\n<div class=\"ez-toc-title-container\">\n<p class=\"ez-toc-title \" >Table of Contents<\/p>\n<span class=\"ez-toc-title-toggle\"><a href=\"#\" class=\"ez-toc-pull-right ez-toc-btn ez-toc-btn-xs ez-toc-btn-default ez-toc-toggle\" aria-label=\"Toggle Table of Content\"><span class=\"ez-toc-js-icon-con\"><span class=\"\"><span class=\"eztoc-hide\" style=\"display:none;\">Toggle<\/span><span class=\"ez-toc-icon-toggle-span\"><svg style=\"fill: #999;color:#999\" xmlns=\"http:\/\/www.w3.org\/2000\/svg\" class=\"list-377408\" width=\"20px\" height=\"20px\" viewBox=\"0 0 24 24\" fill=\"none\"><path d=\"M6 6H4v2h2V6zm14 0H8v2h12V6zM4 11h2v2H4v-2zm16 0H8v2h12v-2zM4 16h2v2H4v-2zm16 0H8v2h12v-2z\" fill=\"currentColor\"><\/path><\/svg><svg style=\"fill: #999;color:#999\" class=\"arrow-unsorted-368013\" xmlns=\"http:\/\/www.w3.org\/2000\/svg\" width=\"10px\" height=\"10px\" viewBox=\"0 0 24 24\" version=\"1.2\" baseProfile=\"tiny\"><path d=\"M18.2 9.3l-6.2-6.3-6.2 6.3c-.2.2-.3.4-.3.7s.1.5.3.7c.2.2.4.3.7.3h11c.3 0 .5-.1.7-.3.2-.2.3-.5.3-.7s-.1-.5-.3-.7zM5.8 14.7l6.2 6.3 6.2-6.3c.2-.2.3-.5.3-.7s-.1-.5-.3-.7c-.2-.2-.4-.3-.7-.3h-11c-.3 0-.5.1-.7.3-.2.2-.3.5-.3.7s.1.5.3.7z\"\/><\/svg><\/span><\/span><\/span><\/a><\/span><\/div>\n<nav><ul class='ez-toc-list ez-toc-list-level-1 ' ><li class='ez-toc-page-1 ez-toc-heading-level-4'><a class=\"ez-toc-link ez-toc-heading-1\" href=\"https:\/\/www.rajapack.pl\/blog-pl\/porzadek-w-magazynie-dzieki-pudelkom-pojemnikom-magazynowym\/#Porzadek_w_magazynie_dzieki_pudelkom_i_pojemnikom_magazynowym\" title=\"Porz\u0105dek w magazynie dzi\u0119ki pude\u0142kom i pojemnikom magazynowym\">Porz\u0105dek w magazynie dzi\u0119ki pude\u0142kom i pojemnikom magazynowym<\/a><\/li><li class='ez-toc-page-1 ez-toc-heading-level-4'><a class=\"ez-toc-link ez-toc-heading-2\" href=\"https:\/\/www.rajapack.pl\/blog-pl\/porzadek-w-magazynie-dzieki-pudelkom-pojemnikom-magazynowym\/#Organizacja_przestrzeni_magazynowej\" title=\"Organizacja przestrzeni magazynowej \">Organizacja przestrzeni magazynowej <\/a><\/li><li class='ez-toc-page-1 ez-toc-heading-level-4'><a class=\"ez-toc-link ez-toc-heading-3\" href=\"https:\/\/www.rajapack.pl\/blog-pl\/porzadek-w-magazynie-dzieki-pudelkom-pojemnikom-magazynowym\/#Przechowywanie_w_magazynie_%E2%80%93_pojemniki_transportowo-magazynowe\" title=\"Przechowywanie w magazynie &#8211; pojemniki transportowo-magazynowe\">Przechowywanie w magazynie &#8211; pojemniki transportowo-magazynowe<\/a><\/li><li class='ez-toc-page-1 ez-toc-heading-level-4'><a class=\"ez-toc-link ez-toc-heading-4\" href=\"https:\/\/www.rajapack.pl\/blog-pl\/porzadek-w-magazynie-dzieki-pudelkom-pojemnikom-magazynowym\/#pojemniki_tekturowe\" title=\"pojemniki tekturowe\">pojemniki tekturowe<\/a><\/li><li class='ez-toc-page-1 ez-toc-heading-level-4'><a class=\"ez-toc-link ez-toc-heading-5\" href=\"https:\/\/www.rajapack.pl\/blog-pl\/porzadek-w-magazynie-dzieki-pudelkom-pojemnikom-magazynowym\/#pojemniki_plastikowe_magazynowe\" title=\"pojemniki plastikowe magazynowe\">pojemniki plastikowe magazynowe<\/a><\/li><li class='ez-toc-page-1 ez-toc-heading-level-4'><a class=\"ez-toc-link ez-toc-heading-6\" href=\"https:\/\/www.rajapack.pl\/blog-pl\/porzadek-w-magazynie-dzieki-pudelkom-pojemnikom-magazynowym\/#pojemniki_z_polipropylenu_komorkowego\" title=\"pojemniki z polipropylenu kom\u00f3rkowego\">pojemniki z polipropylenu kom\u00f3rkowego<\/a><\/li><li class='ez-toc-page-1 ez-toc-heading-level-4'><a class=\"ez-toc-link ez-toc-heading-7\" href=\"https:\/\/www.rajapack.pl\/blog-pl\/porzadek-w-magazynie-dzieki-pudelkom-pojemnikom-magazynowym\/#pojemniki_przezroczyste_uniwersalne\" title=\"pojemniki przezroczyste uniwersalne\">pojemniki przezroczyste uniwersalne<\/a><\/li><li class='ez-toc-page-1 ez-toc-heading-level-4'><a class=\"ez-toc-link ez-toc-heading-8\" href=\"https:\/\/www.rajapack.pl\/blog-pl\/porzadek-w-magazynie-dzieki-pudelkom-pojemnikom-magazynowym\/#pojemniki_plastikowe_Euro\" title=\"pojemniki plastikowe Euro\">pojemniki plastikowe Euro<\/a><\/li><li class='ez-toc-page-1 ez-toc-heading-level-4'><a class=\"ez-toc-link ez-toc-heading-9\" href=\"https:\/\/www.rajapack.pl\/blog-pl\/porzadek-w-magazynie-dzieki-pudelkom-pojemnikom-magazynowym\/#pojemniki_transportowe_Schoeller_Allibert\" title=\"pojemniki transportowe Schoeller Allibert\">pojemniki transportowe Schoeller Allibert<\/a><\/li><li class='ez-toc-page-1 ez-toc-heading-level-4'><a class=\"ez-toc-link ez-toc-heading-10\" href=\"https:\/\/www.rajapack.pl\/blog-pl\/porzadek-w-magazynie-dzieki-pudelkom-pojemnikom-magazynowym\/#pojemniki_transportowe_zamykane_z_kolorowa_pokrywa\" title=\"pojemniki transportowe zamykane z kolorow\u0105 pokryw\u0105\">pojemniki transportowe zamykane z kolorow\u0105 pokryw\u0105<\/a><\/li><li class='ez-toc-page-1 ez-toc-heading-level-4'><a class=\"ez-toc-link ez-toc-heading-11\" href=\"https:\/\/www.rajapack.pl\/blog-pl\/porzadek-w-magazynie-dzieki-pudelkom-pojemnikom-magazynowym\/#pojemniki_plastikowe_azurowe\" title=\"pojemniki plastikowe a\u017curowe\">pojemniki plastikowe a\u017curowe<\/a><\/li><\/ul><\/nav><\/div>\n<h4><span class=\"ez-toc-section\" id=\"Porzadek_w_magazynie_dzieki_pudelkom_i_pojemnikom_magazynowym\"><\/span><strong>Porz\u0105dek w magazynie dzi\u0119ki pude\u0142kom i pojemnikom magazynowym<\/strong><span class=\"ez-toc-section-end\"><\/span><\/h4>\n<p><strong>W ka\u017cdym magazynie szczeg\u00f3lnie wa\u017cne jest utrzymywanie porz\u0105dku. Przestrze\u0144 magazynowa powinna by\u0107 dobrze zorganizowana, tak, by by\u0142o wi\u0119cej miejsca, a\u00a0pracownicy mogli pracowa\u0107 efektywniej. Utrzymanie \u0142adu jest mo\u017cliwe przede dzi\u0119ki zastosowaniu odpowiednio dobranych pojemnik\u00f3w magazynowych. Prawid\u0142owa organizacja przestrzeni magazynowej zapewnia nie tylko porz\u0105dek sam w sobie, ale r\u00f3wnie\u017c stwarza bezpieczne warunki pracy i daje mo\u017cliwo\u015b\u0107 sprawnego funkcjonowania magazynu.\u00a0 <\/strong><\/p>\n<h4><span class=\"ez-toc-section\" id=\"Organizacja_przestrzeni_magazynowej\"><\/span><strong>Organizacja przestrzeni magazynowej <\/strong><span class=\"ez-toc-section-end\"><\/span><\/h4>\n<p>Odpowiednie zaaran\u017cowanie przestrzeni magazynowej ma kluczowe znaczenie dla wszelkich proces\u00f3w zachodz\u0105cych w magazynie i to od nich zale\u017cy jego wydajno\u015b\u0107. W Japonii wymy\u015blono metod\u0119 s\u0142u\u017c\u0105c\u0105 utrzymywaniu porz\u0105dku na stanowisku pracy, kt\u00f3ra ma r\u00f3wnie\u017c zastosowanie w organizacji magazynu. Jest to metoda <strong>5S<\/strong>, czyli <strong>selekcja, systematyka, sprz\u0105tanie, standaryzacja i samodyscyplina<\/strong>. <strong>Selekcja<\/strong> polega na pozbyciu si\u0119 niepotrzebnych w pracy element\u00f3w, <strong>systematyka<\/strong> na zapewnieniu organizacji przestrzeni w taki spos\u00f3b, by zawsze wszystko, co jest niezb\u0119dne do wykonania zdania by\u0142o \u0142atwo dost\u0119pne, <strong>sprz\u0105tanie<\/strong> na utrzymaniu miejsca pracy w czysto\u015bci, <strong>standaryzacja<\/strong> na wykonywaniu czynno\u015bci utrwalaj\u0105cych wprowadzone zasady, a <strong>samodyscyplina<\/strong> na przestrzeganiu wprowadzonych zasad. Prawid\u0142owa organizacja magazynu stanowi drugie S tej metody (systematyka).<\/p>\n<p>Dobrze <a href=\"https:\/\/www.rajapack.pl\/blog-pl\/wyposazenie-magazynu\/\">wyposa\u017cony magazyn<\/a> to taki, w kt\u00f3rym znale\u017a\u0107 mo\u017cna wszystkie niezb\u0119dne do pracy elementy, czyli: meble magazynowe takie jak sto\u0142y do pakowania, sto\u0142y robocze, rega\u0142y magazynowe, maszyny do pakowania oraz akcesoria (r\u0119kawy foliowe do zgrzewarki, ta\u015bmy klej\u0105ce, sznurki, narz\u0119dzia), w\u00f3zki magazynowe i paleciaki do transportowania towar\u00f3w, palety drewniane i akcesoria do paletyzacji.<\/p>\n<h4><span class=\"ez-toc-section\" id=\"Przechowywanie_w_magazynie_%E2%80%93_pojemniki_transportowo-magazynowe\"><\/span><strong>Przechowywanie w magazynie &#8211; pojemniki transportowo-magazynowe<\/strong><span class=\"ez-toc-section-end\"><\/span><\/h4>\n<p>W ka\u017cdym magazynie potrzebne s\u0105 specjalne <a href=\"https:\/\/www.rajapack.pl\/wyposazenie-magazynu\/pudelka-pojemniki_C1920.html\">pojemniki magazynowe<\/a> \u2013 plastikowe, tekturowe i skrzynie aluminiowe. S\u0142u\u017c\u0105 do przechowywania i transportowania towar\u00f3w. RAJA oferuje szeroki asortyment pojemnik\u00f3w i skrzy\u0144 magazynowych, dopasowanych do r\u00f3\u017cnych potrzeb. S\u0105 to m.in. pojemniki magazynowo-transportowe, szuflady z przegrodami, pojemniki Euro, sk\u0142adane pojemniki plastikowe oraz skrzynie do segregacji i przechowywania dokument\u00f3w.<\/p>\n<p>W sklepie RAJA znale\u017a\u0107 mo\u017cna nast\u0119puj\u0105ce rodzaje pojemnik\u00f3w magazynowych:<\/p>\n<ul>\n<li>\n<h4><span class=\"ez-toc-section\" id=\"pojemniki_tekturowe\"><\/span><strong>pojemniki tekturowe<\/strong><span class=\"ez-toc-section-end\"><\/span><\/h4>\n<\/li>\n<\/ul>\n<p>S\u0105 to pojemniki bez pokrywy u\u0142atwiaj\u0105ce identyfikacj\u0119 zawarto\u015bci, z polem do opisu na przednim panelu. S\u0105 wytrzyma\u0142e, gdy\u017c wykonane z tr\u00f3jwarstwowej tektury pokrytej papierem Kraft. Przedni bok jest ni\u017cszy, dzi\u0119ki czemu pojemniki te s\u0105 \u0142atwe w przenoszeniu.<\/p>\n<ul>\n<li>\n<h4><span class=\"ez-toc-section\" id=\"pojemniki_plastikowe_magazynowe\"><\/span><strong>pojemniki plastikowe magazynowe<\/strong><span class=\"ez-toc-section-end\"><\/span><\/h4>\n<\/li>\n<\/ul>\n<p>Pojemniki plastikowe s\u0105 wykonane z nab\u0142yszczanego polipropylenu, a wi\u0119c s\u0105 solidne i\u00a0wytrzyma\u0142e \u2013 odporne na zgniecenia, dzia\u0142anie t\u0142uszczu, kwasu oraz zmiany temperatury. S\u0105 pi\u0119trowalne i dost\u0119pne w 2 kolorach do wyboru.<\/p>\n<ul>\n<li>\n<h4><span class=\"ez-toc-section\" id=\"pojemniki_z_polipropylenu_komorkowego\"><\/span><strong>pojemniki z polipropylenu kom\u00f3rkowego<\/strong><span class=\"ez-toc-section-end\"><\/span><\/h4>\n<\/li>\n<\/ul>\n<p>Ten rodzaj pojemnik\u00f3w jest bardzo wytrzyma\u0142y z racji wykonania z mocnego polipropylenu o\u00a0strukturze kom\u00f3rkowej \u2013 odporny na dzia\u0142anie wody, t\u0142uszczu, \u015brodk\u00f3w chemicznych, na zgniecenia, z\u0142amania, wstrz\u0105sy oraz zmiany temperatury. Pojemniki te s\u0105 bardzo pojemne \u2013 ni\u017csza wysoko\u015b\u0107 przedniego boku daje mo\u017cliwo\u015b\u0107 wykorzystania wewn\u0119trznej powierzchni i\u00a0u\u0142atwia przenoszenie.<\/p>\n<ul>\n<li>\n<h4><span class=\"ez-toc-section\" id=\"pojemniki_przezroczyste_uniwersalne\"><\/span><strong>pojemniki przezroczyste uniwersalne<\/strong><span class=\"ez-toc-section-end\"><\/span><\/h4>\n<\/li>\n<\/ul>\n<p>Ten typ pojemnik\u00f3w ma wszechstronne zastosowanie. Nadaje si\u0119 do pi\u0119trowania dzi\u0119ki p\u0142askiemu dnu. Jest wyposa\u017cony w ergonomiczne uchwyty do przenoszenia. Dzi\u0119ki temu, \u017ce jest przezroczysty identyfikacja zawarto\u015bci nie sprawia problemu.<\/p>\n<ul>\n<li>\n<h4><span class=\"ez-toc-section\" id=\"pojemniki_plastikowe_Euro\"><\/span><strong>pojemniki plastikowe Euro<\/strong><span class=\"ez-toc-section-end\"><\/span><\/h4>\n<\/li>\n<\/ul>\n<p>Pojemniki te idealnie pasuj\u0105 do innych skrzy\u0144 typu Euro przeznaczonych do paletyzacji. S\u0105 \u0142atwe w przenoszeniu dzi\u0119ki uchwytom, nadaj\u0105 si\u0119 do pi\u0119trowania. S\u0105 pojemne i bardzo solidne \u2013 wykonane z polipropylenu.<\/p>\n<ul>\n<li>\n<h4><span class=\"ez-toc-section\" id=\"pojemniki_transportowe_Schoeller_Allibert\"><\/span><strong>pojemniki transportowe Schoeller Allibert<\/strong><span class=\"ez-toc-section-end\"><\/span><\/h4>\n<\/li>\n<\/ul>\n<p>S\u0105 to bardzo praktyczne pojemniki magazynowo-transportowe sztaplowo-gniazdowe. Ich wytrzyma\u0142o\u015b\u0107 na pi\u0119trowanie wynosi a\u017c 160 kg. S\u0105 wyposa\u017cone w pokryw\u0119 chroni\u0105c\u0105 przed kurzem, brudem, uszkodzeniami mechanicznymi oraz kradzie\u017c\u0105. Idealnie nadaj\u0105 si\u0119 do paletyzacji. S\u0105 \u0142atwe w przenoszeniu dzi\u0119ki ergonomicznym uchwytom. Maj\u0105 p\u0142aski sp\u00f3d, wi\u0119c mog\u0105 by\u0107 u\u017cywane na ta\u015bmoci\u0105gach i automatycznych przeno\u015bnikach. Posiadaj\u0105 miejsce na samoprzylepn\u0105 etykiet\u0119 umo\u017cliwiaj\u0105c\u0105 oznaczenie zawarto\u015bci. S\u0105 bardzo mocne i wytrzyma\u0142e \u2013 odporne na bardzo du\u017ce zmiany temperatury.<\/p>\n<ul>\n<li>\n<h4><span class=\"ez-toc-section\" id=\"pojemniki_transportowe_zamykane_z_kolorowa_pokrywa\"><\/span><strong>pojemniki transportowe zamykane z kolorow\u0105 pokryw\u0105<\/strong><span class=\"ez-toc-section-end\"><\/span><\/h4>\n<\/li>\n<\/ul>\n<p>Pojemniki te s\u0105 pi\u0119trowalne i gniazdowalne, mo\u017cna je zamkn\u0105\u0107 przy pomocy plomb gwarantuj\u0105cych skuteczne zabezpieczenie. Mo\u017cna na nich umieszcza\u0107 etykiety do identyfikacji zawarto\u015bci. S\u0105 wyposa\u017cone w kolorowe, praktyczne pokrywy.<\/p>\n<ul>\n<li>\n<h4><span class=\"ez-toc-section\" id=\"pojemniki_plastikowe_azurowe\"><\/span><strong>pojemniki plastikowe a\u017curowe<\/strong><span class=\"ez-toc-section-end\"><\/span><\/h4>\n<\/li>\n<\/ul>\n<p>Ten rodzaj nadaje si\u0119 do kompaktowego i stabilnego pi\u0119trowania, jest te\u017c idealny do paletyzacji zgodnej z europejskimi normami, a przy tym wytrzyma\u0142y i odporny na du\u017ce zmiany temperatury. Posiada atest dopuszczaj\u0105cy do kontaktu z \u017cywno\u015bci\u0105 i t\u0142uszczami.<\/p>\n","protected":false},"excerpt":{"rendered":"<p>Porz\u0105dek w magazynie dzi\u0119ki pude\u0142kom i pojemnikom magazynowym W ka\u017cdym magazynie szczeg\u00f3lnie wa\u017cne jest utrzymywanie porz\u0105dku. Przestrze\u0144 magazynowa powinna by\u0107 dobrze zorganizowana, tak, by by\u0142o wi\u0119cej miejsca, a\u00a0pracownicy mogli pracowa\u0107 [&#8230;]<\/p>\n","protected":false},"author":39,"featured_media":2150,"comment_status":"open","ping_status":"open","sticky":false,"template":"","format":"standard","meta":{"_acf_changed":false,"footnotes":""},"categories":[251],"tags":[],"class_list":["post-2149","post","type-post","status-publish","format-standard","has-post-thumbnail","hentry","category-wysylanie-roznych-przedmiotow"],"acf":[],"yoast_head":"\n<title>Porz\u0105dek w magazynie dzi\u0119ki pude\u0142kom i pojemnikom magazynowym<\/title>\n<meta name=\"description\" content=\"Zadbaj o porz\u0105dek w magazynie, bezpieczne warunki pracy oraz wydajne i efektywne funkcjonowanie magazynu. Poznaj dedykowane rozwi\u0105zania RAJA!\" \/>\n<meta name=\"robots\" content=\"index, follow, max-snippet:-1, max-image-preview:large, max-video-preview:-1\" \/>\n<link rel=\"canonical\" href=\"https:\/\/www.rajapack.pl\/blog-pl\/porzadek-w-magazynie-dzieki-pudelkom-pojemnikom-magazynowym\" \/>\n<meta property=\"og:locale\" content=\"pl_PL\" \/>\n<meta property=\"og:type\" content=\"article\" \/>\n<meta property=\"og:title\" content=\"Porz\u0105dek w magazynie dzi\u0119ki pude\u0142kom i pojemnikom magazynowym\" \/>\n<meta property=\"og:description\" content=\"Zadbaj o porz\u0105dek w magazynie, bezpieczne warunki pracy oraz wydajne i efektywne funkcjonowanie magazynu. Poznaj dedykowane rozwi\u0105zania RAJA!\" \/>\n<meta property=\"og:url\" content=\"https:\/\/www.rajapack.pl\/blog-pl\/porzadek-w-magazynie-dzieki-pudelkom-pojemnikom-magazynowym\" \/>\n<meta property=\"og:site_name\" content=\"BIZNES DOBRZE OPAKOWANY\" \/>\n<meta property=\"article:published_time\" content=\"2021-02-23T13:51:35+00:00\" \/>\n<meta property=\"article:modified_time\" content=\"2023-01-17T10:58:06+00:00\" \/>\n<meta property=\"og:image\" content=\"https:\/\/www.rajapack.pl\/blog-pl\/wp-content\/uploads\/2021\/02\/entrepot-e-commerce.jpg\" \/>\n\t<meta property=\"og:image:width\" content=\"1280\" \/>\n\t<meta property=\"og:image:height\" content=\"640\" \/>\n\t<meta property=\"og:image:type\" content=\"image\/jpeg\" \/>\n<meta name=\"author\" content=\"RAJA\" \/>\n<meta name=\"twitter:card\" content=\"summary_large_image\" \/>\n<meta name=\"twitter:label1\" content=\"Napisane przez\" \/>\n\t<meta name=\"twitter:data1\" content=\"RAJA\" \/>\n\t<meta name=\"twitter:label2\" content=\"Szacowany czas czytania\" \/>\n\t<meta name=\"twitter:data2\" content=\"4 minuty\" \/>\n<script type=\"application\/ld+json\" class=\"yoast-schema-graph\">{\n\t    \"@context\": \"https:\/\/schema.org\",\n\t    \"@graph\": [\n\t        {\n\t            \"@type\": \"WebPage\",\n\t            \"@id\": \"https:\/\/www.rajapack.pl\/blog-pl\/porzadek-w-magazynie-dzieki-pudelkom-pojemnikom-magazynowym\",\n\t            \"url\": \"https:\/\/www.rajapack.pl\/blog-pl\/porzadek-w-magazynie-dzieki-pudelkom-pojemnikom-magazynowym\",\n\t            \"name\": \"Porz\u0105dek w magazynie dzi\u0119ki pude\u0142kom i pojemnikom magazynowym\",\n\t            \"isPartOf\": {\n\t                \"@id\": \"https:\/\/www.rajapack.pl\/blog-pl\/#website\"\n\t            },\n\t            \"primaryImageOfPage\": {\n\t                \"@id\": \"https:\/\/www.rajapack.pl\/blog-pl\/porzadek-w-magazynie-dzieki-pudelkom-pojemnikom-magazynowym#primaryimage\"\n\t            },\n\t            \"image\": {\n\t                \"@id\": \"https:\/\/www.rajapack.pl\/blog-pl\/porzadek-w-magazynie-dzieki-pudelkom-pojemnikom-magazynowym#primaryimage\"\n\t            },\n\t            \"thumbnailUrl\": \"https:\/\/www.rajapack.pl\/blog-pl\/wp-content\/uploads\/2021\/02\/entrepot-e-commerce.jpg\",\n\t            \"datePublished\": \"2021-02-23T13:51:35+00:00\",\n\t            \"dateModified\": \"2023-01-17T10:58:06+00:00\",\n\t            \"author\": {\n\t                \"@id\": \"https:\/\/www.rajapack.pl\/blog-pl\/#\/schema\/person\/9bcea0d1de41f7096a6854720473a792\"\n\t            },\n\t            \"description\": \"Zadbaj o porz\u0105dek w magazynie, bezpieczne warunki pracy oraz wydajne i efektywne funkcjonowanie magazynu. Poznaj dedykowane rozwi\u0105zania RAJA!\",\n\t            \"inLanguage\": \"pl-PL\",\n\t            \"potentialAction\": [\n\t                {\n\t                    \"@type\": \"ReadAction\",\n\t                    \"target\": [\n\t                        \"https:\/\/www.rajapack.pl\/blog-pl\/porzadek-w-magazynie-dzieki-pudelkom-pojemnikom-magazynowym\"\n\t                    ]\n\t                }\n\t            ]\n\t        },\n\t        {\n\t            \"@type\": \"ImageObject\",\n\t            \"inLanguage\": \"pl-PL\",\n\t            \"@id\": \"https:\/\/www.rajapack.pl\/blog-pl\/porzadek-w-magazynie-dzieki-pudelkom-pojemnikom-magazynowym#primaryimage\",\n\t            \"url\": \"https:\/\/www.rajapack.pl\/blog-pl\/wp-content\/uploads\/2021\/02\/entrepot-e-commerce.jpg\",\n\t            \"contentUrl\": \"https:\/\/www.rajapack.pl\/blog-pl\/wp-content\/uploads\/2021\/02\/entrepot-e-commerce.jpg\",\n\t            \"width\": 1280,\n\t            \"height\": 640,\n\t            \"caption\": \"Young man working at a warehouse with boxes\"\n\t        },\n\t        {\n\t            \"@type\": \"WebSite\",\n\t            \"@id\": \"https:\/\/www.rajapack.pl\/blog-pl\/#website\",\n\t            \"url\": \"https:\/\/www.rajapack.pl\/blog-pl\/\",\n\t            \"name\": \"BIZNES DOBRZE OPAKOWANY\",\n\t            \"description\": \"Porady ekspert\u00f3w do spraw opakowa\u0144\",\n\t            \"potentialAction\": [\n\t                {\n\t                    \"@type\": \"SearchAction\",\n\t                    \"target\": {\n\t                        \"@type\": \"EntryPoint\",\n\t                        \"urlTemplate\": \"https:\/\/www.rajapack.pl\/blog-pl\/?s={search_term_string}\"\n\t                    },\n\t                    \"query-input\": \"required name=search_term_string\"\n\t                }\n\t            ],\n\t            \"inLanguage\": \"pl-PL\"\n\t        },\n\t        {\n\t            \"@type\": \"Person\",\n\t            \"@id\": \"https:\/\/www.rajapack.pl\/blog-pl\/#\/schema\/person\/9bcea0d1de41f7096a6854720473a792\",\n\t            \"name\": \"RAJA\",\n\t            \"image\": {\n\t                \"@type\": \"ImageObject\",\n\t                \"inLanguage\": \"pl-PL\",\n\t                \"@id\": \"https:\/\/www.rajapack.pl\/blog-pl\/#\/schema\/person\/image\/\",\n\t                \"url\": \"https:\/\/secure.gravatar.com\/avatar\/afae8669568c1f323e00733847251eb5?s=96&d=mm&r=g\",\n\t                \"contentUrl\": \"https:\/\/secure.gravatar.com\/avatar\/afae8669568c1f323e00733847251eb5?s=96&d=mm&r=g\",\n\t                \"caption\": \"RAJA\"\n\t            },\n\t            \"url\": \"https:\/\/www.rajapack.pl\/blog-pl\/author\/ajoniuk\"\n\t        }\n\t    ]\n\t}<\/script>\n","yoast_head_json":{"title":"Porz\u0105dek w magazynie dzi\u0119ki pude\u0142kom i pojemnikom magazynowym","description":"Zadbaj o porz\u0105dek w magazynie, bezpieczne warunki pracy oraz wydajne i efektywne funkcjonowanie magazynu. Poznaj dedykowane rozwi\u0105zania RAJA!","robots":{"index":"index","follow":"follow","max-snippet":"max-snippet:-1","max-image-preview":"max-image-preview:large","max-video-preview":"max-video-preview:-1"},"canonical":"https:\/\/www.rajapack.pl\/blog-pl\/porzadek-w-magazynie-dzieki-pudelkom-pojemnikom-magazynowym","og_locale":"pl_PL","og_type":"article","og_title":"Porz\u0105dek w magazynie dzi\u0119ki pude\u0142kom i pojemnikom magazynowym","og_description":"Zadbaj o porz\u0105dek w magazynie, bezpieczne warunki pracy oraz wydajne i efektywne funkcjonowanie magazynu. Poznaj dedykowane rozwi\u0105zania RAJA!","og_url":"https:\/\/www.rajapack.pl\/blog-pl\/porzadek-w-magazynie-dzieki-pudelkom-pojemnikom-magazynowym","og_site_name":"BIZNES DOBRZE OPAKOWANY","article_published_time":"2021-02-23T13:51:35+00:00","article_modified_time":"2023-01-17T10:58:06+00:00","og_image":[{"width":1280,"height":640,"url":"https:\/\/www.rajapack.pl\/blog-pl\/wp-content\/uploads\/2021\/02\/entrepot-e-commerce.jpg","type":"image\/jpeg"}],"author":"RAJA","twitter_card":"summary_large_image","twitter_misc":{"Napisane przez":"RAJA","Szacowany czas czytania":"4 minuty"},"schema":{"@context":"https:\/\/schema.org","@graph":[{"@type":"WebPage","@id":"https:\/\/www.rajapack.pl\/blog-pl\/porzadek-w-magazynie-dzieki-pudelkom-pojemnikom-magazynowym","url":"https:\/\/www.rajapack.pl\/blog-pl\/porzadek-w-magazynie-dzieki-pudelkom-pojemnikom-magazynowym","name":"Porz\u0105dek w magazynie dzi\u0119ki pude\u0142kom i pojemnikom magazynowym","isPartOf":{"@id":"https:\/\/www.rajapack.pl\/blog-pl\/#website"},"primaryImageOfPage":{"@id":"https:\/\/www.rajapack.pl\/blog-pl\/porzadek-w-magazynie-dzieki-pudelkom-pojemnikom-magazynowym#primaryimage"},"image":{"@id":"https:\/\/www.rajapack.pl\/blog-pl\/porzadek-w-magazynie-dzieki-pudelkom-pojemnikom-magazynowym#primaryimage"},"thumbnailUrl":"https:\/\/www.rajapack.pl\/blog-pl\/wp-content\/uploads\/2021\/02\/entrepot-e-commerce.jpg","datePublished":"2021-02-23T13:51:35+00:00","dateModified":"2023-01-17T10:58:06+00:00","author":{"@id":"https:\/\/www.rajapack.pl\/blog-pl\/#\/schema\/person\/9bcea0d1de41f7096a6854720473a792"},"description":"Zadbaj o porz\u0105dek w magazynie, bezpieczne warunki pracy oraz wydajne i efektywne funkcjonowanie magazynu. Poznaj dedykowane rozwi\u0105zania RAJA!","inLanguage":"pl-PL","potentialAction":[{"@type":"ReadAction","target":["https:\/\/www.rajapack.pl\/blog-pl\/porzadek-w-magazynie-dzieki-pudelkom-pojemnikom-magazynowym"]}]},{"@type":"ImageObject","inLanguage":"pl-PL","@id":"https:\/\/www.rajapack.pl\/blog-pl\/porzadek-w-magazynie-dzieki-pudelkom-pojemnikom-magazynowym#primaryimage","url":"https:\/\/www.rajapack.pl\/blog-pl\/wp-content\/uploads\/2021\/02\/entrepot-e-commerce.jpg","contentUrl":"https:\/\/www.rajapack.pl\/blog-pl\/wp-content\/uploads\/2021\/02\/entrepot-e-commerce.jpg","width":1280,"height":640,"caption":"Young man working at a warehouse with boxes"},{"@type":"WebSite","@id":"https:\/\/www.rajapack.pl\/blog-pl\/#website","url":"https:\/\/www.rajapack.pl\/blog-pl\/","name":"BIZNES DOBRZE OPAKOWANY","description":"Porady ekspert\u00f3w do spraw opakowa\u0144","potentialAction":[{"@type":"SearchAction","target":{"@type":"EntryPoint","urlTemplate":"https:\/\/www.rajapack.pl\/blog-pl\/?s={search_term_string}"},"query-input":"required name=search_term_string"}],"inLanguage":"pl-PL"},{"@type":"Person","@id":"https:\/\/www.rajapack.pl\/blog-pl\/#\/schema\/person\/9bcea0d1de41f7096a6854720473a792","name":"RAJA","image":{"@type":"ImageObject","inLanguage":"pl-PL","@id":"https:\/\/www.rajapack.pl\/blog-pl\/#\/schema\/person\/image\/","url":"https:\/\/secure.gravatar.com\/avatar\/afae8669568c1f323e00733847251eb5?s=96&d=mm&r=g","contentUrl":"https:\/\/secure.gravatar.com\/avatar\/afae8669568c1f323e00733847251eb5?s=96&d=mm&r=g","caption":"RAJA"},"url":"https:\/\/www.rajapack.pl\/blog-pl\/author\/ajoniuk"}]}},"_links":{"self":[{"href":"https:\/\/www.rajapack.pl\/blog-pl\/wp-json\/wp\/v2\/posts\/2149"}],"collection":[{"href":"https:\/\/www.rajapack.pl\/blog-pl\/wp-json\/wp\/v2\/posts"}],"about":[{"href":"https:\/\/www.rajapack.pl\/blog-pl\/wp-json\/wp\/v2\/types\/post"}],"author":[{"embeddable":true,"href":"https:\/\/www.rajapack.pl\/blog-pl\/wp-json\/wp\/v2\/users\/39"}],"replies":[{"embeddable":true,"href":"https:\/\/www.rajapack.pl\/blog-pl\/wp-json\/wp\/v2\/comments?post=2149"}],"version-history":[{"count":0,"href":"https:\/\/www.rajapack.pl\/blog-pl\/wp-json\/wp\/v2\/posts\/2149\/revisions"}],"wp:featuredmedia":[{"embeddable":true,"href":"https:\/\/www.rajapack.pl\/blog-pl\/wp-json\/wp\/v2\/media\/2150"}],"wp:attachment":[{"href":"https:\/\/www.rajapack.pl\/blog-pl\/wp-json\/wp\/v2\/media?parent=2149"}],"wp:term":[{"taxonomy":"category","embeddable":true,"href":"https:\/\/www.rajapack.pl\/blog-pl\/wp-json\/wp\/v2\/categories?post=2149"},{"taxonomy":"post_tag","embeddable":true,"href":"https:\/\/www.rajapack.pl\/blog-pl\/wp-json\/wp\/v2\/tags?post=2149"}],"curies":[{"name":"wp","href":"https:\/\/api.w.org\/{rel}","templated":true}]}}