{"id":2078,"date":"2020-07-31T13:29:01","date_gmt":"2020-07-31T12:29:01","guid":{"rendered":"https:\/\/www.rajapack.pl\/blog-pl\/?p=2078"},"modified":"2023-01-17T12:10:29","modified_gmt":"2023-01-17T11:10:29","slug":"woreczki-foliowe-babelkowe-tradycyjne-oraz-ich-eko-zamienniki","status":"publish","type":"post","link":"https:\/\/www.rajapack.pl\/blog-pl\/woreczki-foliowe-babelkowe-tradycyjne-oraz-ich-eko-zamienniki","title":{"rendered":"Woreczki foliowe i b\u0105belkowe: tradycyjne oraz ich eko zamienniki"},"content":{"rendered":"<div id=\"ez-toc-container\" class=\"ez-toc-v2_0_67_1 counter-hierarchy ez-toc-counter ez-toc-grey ez-toc-container-direction\">\n<div class=\"ez-toc-title-container\">\n<p class=\"ez-toc-title \" >Table of Contents<\/p>\n<span class=\"ez-toc-title-toggle\"><a href=\"#\" class=\"ez-toc-pull-right ez-toc-btn ez-toc-btn-xs ez-toc-btn-default ez-toc-toggle\" aria-label=\"Toggle Table of Content\"><span class=\"ez-toc-js-icon-con\"><span class=\"\"><span class=\"eztoc-hide\" style=\"display:none;\">Toggle<\/span><span class=\"ez-toc-icon-toggle-span\"><svg style=\"fill: #999;color:#999\" xmlns=\"http:\/\/www.w3.org\/2000\/svg\" class=\"list-377408\" width=\"20px\" height=\"20px\" viewBox=\"0 0 24 24\" fill=\"none\"><path d=\"M6 6H4v2h2V6zm14 0H8v2h12V6zM4 11h2v2H4v-2zm16 0H8v2h12v-2zM4 16h2v2H4v-2zm16 0H8v2h12v-2z\" fill=\"currentColor\"><\/path><\/svg><svg style=\"fill: #999;color:#999\" class=\"arrow-unsorted-368013\" xmlns=\"http:\/\/www.w3.org\/2000\/svg\" width=\"10px\" height=\"10px\" viewBox=\"0 0 24 24\" version=\"1.2\" baseProfile=\"tiny\"><path d=\"M18.2 9.3l-6.2-6.3-6.2 6.3c-.2.2-.3.4-.3.7s.1.5.3.7c.2.2.4.3.7.3h11c.3 0 .5-.1.7-.3.2-.2.3-.5.3-.7s-.1-.5-.3-.7zM5.8 14.7l6.2 6.3 6.2-6.3c.2-.2.3-.5.3-.7s-.1-.5-.3-.7c-.2-.2-.4-.3-.7-.3h-11c-.3 0-.5.1-.7.3-.2.2-.3.5-.3.7s.1.5.3.7z\"\/><\/svg><\/span><\/span><\/span><\/a><\/span><\/div>\n<nav><ul class='ez-toc-list ez-toc-list-level-1 ' ><li class='ez-toc-page-1 ez-toc-heading-level-4'><a class=\"ez-toc-link ez-toc-heading-1\" href=\"https:\/\/www.rajapack.pl\/blog-pl\/woreczki-foliowe-babelkowe-tradycyjne-oraz-ich-eko-zamienniki\/#Woreczki_foliowe_sa_uniwersalnym_opakowaniem_i_maja_liczne_zastosowania_Szczegolnie_przydatne_do_zabezpieczania_przesylek_przed_uszkodzeniem_sa_woreczki_babelkowe_Tak_jak_i_inne_opakowania_takze_woreczki_foliowe_w_tym_babelkowe_wystepuja_w_wersji_ekologicznej_%E2%80%93_czyli_z_recyklingu\" title=\"Woreczki foliowe s\u0105 uniwersalnym opakowaniem i maj\u0105 liczne zastosowania. Szczeg\u00f3lnie przydatne do zabezpieczania przesy\u0142ek przed uszkodzeniem s\u0105 woreczki b\u0105belkowe. Tak, jak i inne opakowania, tak\u017ce woreczki foliowe, w tym b\u0105belkowe, wyst\u0119puj\u0105 w wersji ekologicznej \u2013 czyli z recyklingu.\">Woreczki foliowe s\u0105 uniwersalnym opakowaniem i maj\u0105 liczne zastosowania. Szczeg\u00f3lnie przydatne do zabezpieczania przesy\u0142ek przed uszkodzeniem s\u0105 woreczki b\u0105belkowe. Tak, jak i inne opakowania, tak\u017ce woreczki foliowe, w tym b\u0105belkowe, wyst\u0119puj\u0105 w wersji ekologicznej \u2013 czyli z recyklingu.<\/a><\/li><li class='ez-toc-page-1 ez-toc-heading-level-4'><a class=\"ez-toc-link ez-toc-heading-2\" href=\"https:\/\/www.rajapack.pl\/blog-pl\/woreczki-foliowe-babelkowe-tradycyjne-oraz-ich-eko-zamienniki\/#Woreczki_babelkowe\" title=\"Woreczki b\u0105belkowe \">Woreczki b\u0105belkowe <\/a><\/li><li class='ez-toc-page-1 ez-toc-heading-level-4'><a class=\"ez-toc-link ez-toc-heading-3\" href=\"https:\/\/www.rajapack.pl\/blog-pl\/woreczki-foliowe-babelkowe-tradycyjne-oraz-ich-eko-zamienniki\/#Ekologiczne_woreczki_foliowe_babelkowe\" title=\"Ekologiczne woreczki foliowe b\u0105belkowe\">Ekologiczne woreczki foliowe b\u0105belkowe<\/a><\/li><\/ul><\/nav><\/div>\n<h4><span class=\"ez-toc-section\" id=\"Woreczki_foliowe_sa_uniwersalnym_opakowaniem_i_maja_liczne_zastosowania_Szczegolnie_przydatne_do_zabezpieczania_przesylek_przed_uszkodzeniem_sa_woreczki_babelkowe_Tak_jak_i_inne_opakowania_takze_woreczki_foliowe_w_tym_babelkowe_wystepuja_w_wersji_ekologicznej_%E2%80%93_czyli_z_recyklingu\"><\/span><strong>Woreczki foliowe s\u0105 uniwersalnym opakowaniem i maj\u0105 liczne zastosowania. Szczeg\u00f3lnie przydatne do zabezpieczania przesy\u0142ek przed uszkodzeniem s\u0105 woreczki b\u0105belkowe. Tak, jak i inne opakowania, tak\u017ce woreczki foliowe, w tym b\u0105belkowe, wyst\u0119puj\u0105 w wersji ekologicznej \u2013 czyli z recyklingu.<\/strong><span class=\"ez-toc-section-end\"><\/span><\/h4>\n<p>Woreczki b\u0105belkowe maj\u0105 wiele zastosowa\u0144. Przydadz\u0105 si\u0119 praktycznie w ka\u017cdym sklepie internetowym i magazynie. U\u017cywa si\u0119 ich g\u0142\u00f3wnie do pakowania ma\u0142ych i delikatnych przedmiot\u00f3w, a tak\u017ce elektroniki. W sprzeda\u017cy dost\u0119pne s\u0105 tak\u017ce koperty b\u0105belkowe, kt\u00f3re posiadaj\u0105 warstw\u0119 wewn\u0119trzn\u0105 wy\u0142o\u017con\u0105 foli\u0105 b\u0105belkow\u0105. Dzi\u0119ki g\u0119sto rozmieszczonym b\u0105belkom powietrza przesy\u0142ka jest zabezpieczona przed skutkami uderze\u0144, obi\u0107 i upadk\u00f3w. Poza tym b\u0105belki chroni\u0105 tak\u017ce przed wilgoci\u0105. Woreczki s\u0105 elastyczne, wi\u0119c mo\u017cna ich u\u017cywa\u0107 do zabezpieczania przedmiot\u00f3w o r\u00f3\u017cnych kszta\u0142tach. Wyst\u0119puj\u0105 w\u00a0wielu rozmiarach, od malutkich do sporych. Rozmiar woreczka b\u0105belkowego mo\u017ce by\u0107 idealnie dopasowany do zawarto\u015bci. Mo\u017cna wybra\u0107 mi\u0119dzy tradycyjnymi woreczkami foliowymi b\u0105belkowymi a\u00a0ich ekologiczn\u0105 wersj\u0105.<\/p>\n<p>Zastosowa\u0144 folii b\u0105belkowej jest naprawd\u0119 wiele. S\u0142u\u017cy nie tylko do pakowania przesy\u0142ek \u00a0i jako wype\u0142niacz do paczek. Mo\u017ce s\u0142u\u017cy\u0107 tak\u017ce jako izolacja termiczna (zabezpieczanie szpar w oknach czy szyb samochodowych przed zamarzni\u0119ciem), do podpierania kolan podczas prac ogrodowych, a tak\u017ce do odstresowania. Pomys\u0142owo\u015b\u0107 ludzka nie zna granic. \u00a0Folia b\u0105belkowa zdoby\u0142a uznanie na ca\u0142ym \u015bwiecie z\u00a0uwagi na swoje przydatne w\u0142a\u015bciwo\u015bci. Do tego stopnia, \u017ce w ostatni poniedzia\u0142ek stycznia obchodzony jest Dzie\u0144 Uznania dla Folii B\u0105belkowej (ang. Bubble Wrap Appreciation Day)!<\/p>\n<p><img loading=\"lazy\" decoding=\"async\" class=\"alignnone size-medium wp-image-2080\" src=\"https:\/\/www.rajapack.pl\/blog-pl\/wp-content\/uploads\/2020\/07\/pobrane-2-300x219.png\" alt=\"\" width=\"300\" height=\"219\" \/><\/p>\n<h4><span class=\"ez-toc-section\" id=\"Woreczki_babelkowe\"><\/span><strong>Woreczki b\u0105belkowe <\/strong><span class=\"ez-toc-section-end\"><\/span><\/h4>\n<p>W ofercie RAJA dost\u0119pne s\u0105 zwyk\u0142e <a href=\"https:\/\/www.rajapack.pl\/torby-worki-woreczki\/worki-torby-foliowe\/woreczki-babelkowe_C131060.html\">woreczki b\u0105belkowe<\/a> ekonomiczne oraz z samoprzylepnym zamkni\u0119ciem. Woreczki ekonomiczne s\u0105 dost\u0119pne w 8 wariantach, a te drugie w a\u017c 21. Woreczki s\u0105 lekkie, ale przy tym \u015bwietnie chroni\u0105 przesy\u0142k\u0119 dzi\u0119ki ochronnymi b\u0105blom wype\u0142nionym powietrzem. Ich wn\u0119trze jest g\u0142adkie, a wi\u0119c wk\u0142adanie i wyjmowanie przedmiot\u00f3w jest \u0142atwe. Pasek samoprzylepny jest tak\u017ce samouszczelniaj\u0105cy. W wersji ekonomicznej mo\u017cna je zamkn\u0105\u0107 przy pomocy ta\u015bmy samoprzylepnej lub zgrzewarki.<\/p>\n<h4><span class=\"ez-toc-section\" id=\"Ekologiczne_woreczki_foliowe_babelkowe\"><\/span><strong>Ekologiczne woreczki foliowe b\u0105belkowe<\/strong><span class=\"ez-toc-section-end\"><\/span><\/h4>\n<p>Ekologiczna wersja woreczk\u00f3w b\u0105belkowych jest wykonana z trzywarstwowej folii polietylenowej o\u00a0grubo\u015bci 70 mikron\u00f3w pochodz\u0105cej w a\u017c 50% z recyklingu. Podobnie jak woreczki foliowe tradycyjne maj\u0105 ta\u015bm\u0119 samoprzylepn\u0105 do zamykania. S\u0105 dost\u0119pne w 14 wariantach. R\u00f3wnie dobrze chroni\u0105 zawarto\u015b\u0107 przed wstrz\u0105sami i uderzeniami.<\/p>\n<p>W ofercie RAJA znale\u017a\u0107 mo\u017cna tak\u017ce wi\u0119ksze worki foliowe wykonane z polietylenu pochodz\u0105cego w 100% z recyklingu.<\/p>\n<p>Je\u015bli jest taka mo\u017cliwo\u015b\u0107, to zawsze warto wybra\u0107 ekologiczn\u0105 alternatyw\u0119 tradycyjnych opakowa\u0144. Dzi\u0119ki temu mo\u017cna w niewielki, ale jednak wa\u017cny spos\u00f3b przyczyni\u0107 si\u0119 do ratowania planety. A przecie\u017c opakowania pochodz\u0105ce z recyklingu i recyklingowalne niczym nie ust\u0119puj\u0105 swoim tradycyjnym odpowiednikom.<\/p>\n","protected":false},"excerpt":{"rendered":"<p>Woreczki foliowe s\u0105 uniwersalnym opakowaniem i maj\u0105 liczne zastosowania. Szczeg\u00f3lnie przydatne do zabezpieczania przesy\u0142ek przed uszkodzeniem s\u0105 woreczki b\u0105belkowe. Tak, jak i inne opakowania, tak\u017ce woreczki foliowe, w tym b\u0105belkowe, [&#8230;]<\/p>\n","protected":false},"author":39,"featured_media":2079,"comment_status":"open","ping_status":"open","sticky":false,"template":"","format":"standard","meta":{"_acf_changed":false,"footnotes":""},"categories":[252],"tags":[],"class_list":["post-2078","post","type-post","status-publish","format-standard","has-post-thumbnail","hentry","category-rozwiazania-ekologiczne"],"acf":[],"yoast_head":"\n<title>Woreczki foliowe i b\u0105belkowe<\/title>\n<meta name=\"description\" content=\"Woreczki s\u0105 uniwersalnym opakowaniem i maj\u0105 liczne zastosowania - woreczki foliowe i b\u0105belkowe w wersji tradycyjnej oraz ekologicznej czyli z recyklingu.\" \/>\n<meta name=\"robots\" content=\"index, follow, max-snippet:-1, max-image-preview:large, max-video-preview:-1\" \/>\n<link rel=\"canonical\" href=\"https:\/\/www.rajapack.pl\/blog-pl\/woreczki-foliowe-babelkowe-tradycyjne-oraz-ich-eko-zamienniki\" \/>\n<meta property=\"og:locale\" content=\"pl_PL\" \/>\n<meta property=\"og:type\" content=\"article\" \/>\n<meta property=\"og:title\" content=\"Woreczki foliowe i b\u0105belkowe\" \/>\n<meta property=\"og:description\" content=\"Woreczki s\u0105 uniwersalnym opakowaniem i maj\u0105 liczne zastosowania - woreczki foliowe i b\u0105belkowe w wersji tradycyjnej oraz ekologicznej czyli z recyklingu.\" \/>\n<meta property=\"og:url\" content=\"https:\/\/www.rajapack.pl\/blog-pl\/woreczki-foliowe-babelkowe-tradycyjne-oraz-ich-eko-zamienniki\" \/>\n<meta property=\"og:site_name\" content=\"BIZNES DOBRZE OPAKOWANY\" \/>\n<meta property=\"article:published_time\" content=\"2020-07-31T12:29:01+00:00\" \/>\n<meta property=\"article:modified_time\" content=\"2023-01-17T11:10:29+00:00\" \/>\n<meta property=\"og:image\" content=\"https:\/\/www.rajapack.pl\/blog-pl\/wp-content\/uploads\/2020\/07\/pobrane-1.png\" \/>\n\t<meta property=\"og:image:width\" content=\"700\" \/>\n\t<meta property=\"og:image:height\" content=\"510\" \/>\n\t<meta property=\"og:image:type\" content=\"image\/png\" \/>\n<meta name=\"author\" content=\"RAJA\" \/>\n<meta name=\"twitter:card\" content=\"summary_large_image\" \/>\n<meta name=\"twitter:label1\" content=\"Napisane przez\" \/>\n\t<meta name=\"twitter:data1\" content=\"RAJA\" \/>\n\t<meta name=\"twitter:label2\" content=\"Szacowany czas czytania\" \/>\n\t<meta name=\"twitter:data2\" content=\"2 minuty\" \/>\n<script type=\"application\/ld+json\" class=\"yoast-schema-graph\">{\n\t    \"@context\": \"https:\/\/schema.org\",\n\t    \"@graph\": [\n\t        {\n\t            \"@type\": \"WebPage\",\n\t            \"@id\": \"https:\/\/www.rajapack.pl\/blog-pl\/woreczki-foliowe-babelkowe-tradycyjne-oraz-ich-eko-zamienniki\",\n\t            \"url\": \"https:\/\/www.rajapack.pl\/blog-pl\/woreczki-foliowe-babelkowe-tradycyjne-oraz-ich-eko-zamienniki\",\n\t            \"name\": \"Woreczki foliowe i b\u0105belkowe\",\n\t            \"isPartOf\": {\n\t                \"@id\": \"https:\/\/www.rajapack.pl\/blog-pl\/#website\"\n\t            },\n\t            \"primaryImageOfPage\": {\n\t                \"@id\": \"https:\/\/www.rajapack.pl\/blog-pl\/woreczki-foliowe-babelkowe-tradycyjne-oraz-ich-eko-zamienniki#primaryimage\"\n\t            },\n\t            \"image\": {\n\t                \"@id\": \"https:\/\/www.rajapack.pl\/blog-pl\/woreczki-foliowe-babelkowe-tradycyjne-oraz-ich-eko-zamienniki#primaryimage\"\n\t            },\n\t            \"thumbnailUrl\": \"https:\/\/www.rajapack.pl\/blog-pl\/wp-content\/uploads\/2020\/07\/pobrane-1.png\",\n\t            \"datePublished\": \"2020-07-31T12:29:01+00:00\",\n\t            \"dateModified\": \"2023-01-17T11:10:29+00:00\",\n\t            \"author\": {\n\t                \"@id\": \"https:\/\/www.rajapack.pl\/blog-pl\/#\/schema\/person\/9bcea0d1de41f7096a6854720473a792\"\n\t            },\n\t            \"description\": \"Woreczki s\u0105 uniwersalnym opakowaniem i maj\u0105 liczne zastosowania - woreczki foliowe i b\u0105belkowe w wersji tradycyjnej oraz ekologicznej czyli z recyklingu.\",\n\t            \"inLanguage\": \"pl-PL\",\n\t            \"potentialAction\": [\n\t                {\n\t                    \"@type\": \"ReadAction\",\n\t                    \"target\": [\n\t                        \"https:\/\/www.rajapack.pl\/blog-pl\/woreczki-foliowe-babelkowe-tradycyjne-oraz-ich-eko-zamienniki\"\n\t                    ]\n\t                }\n\t            ]\n\t        },\n\t        {\n\t            \"@type\": \"ImageObject\",\n\t            \"inLanguage\": \"pl-PL\",\n\t            \"@id\": \"https:\/\/www.rajapack.pl\/blog-pl\/woreczki-foliowe-babelkowe-tradycyjne-oraz-ich-eko-zamienniki#primaryimage\",\n\t            \"url\": \"https:\/\/www.rajapack.pl\/blog-pl\/wp-content\/uploads\/2020\/07\/pobrane-1.png\",\n\t            \"contentUrl\": \"https:\/\/www.rajapack.pl\/blog-pl\/wp-content\/uploads\/2020\/07\/pobrane-1.png\",\n\t            \"width\": 700,\n\t            \"height\": 510\n\t        },\n\t        {\n\t            \"@type\": \"WebSite\",\n\t            \"@id\": \"https:\/\/www.rajapack.pl\/blog-pl\/#website\",\n\t            \"url\": \"https:\/\/www.rajapack.pl\/blog-pl\/\",\n\t            \"name\": \"BIZNES DOBRZE OPAKOWANY\",\n\t            \"description\": \"Porady ekspert\u00f3w do spraw opakowa\u0144\",\n\t            \"potentialAction\": [\n\t                {\n\t                    \"@type\": \"SearchAction\",\n\t                    \"target\": {\n\t                        \"@type\": \"EntryPoint\",\n\t                        \"urlTemplate\": \"https:\/\/www.rajapack.pl\/blog-pl\/?s={search_term_string}\"\n\t                    },\n\t                    \"query-input\": \"required name=search_term_string\"\n\t                }\n\t            ],\n\t            \"inLanguage\": \"pl-PL\"\n\t        },\n\t        {\n\t            \"@type\": \"Person\",\n\t            \"@id\": \"https:\/\/www.rajapack.pl\/blog-pl\/#\/schema\/person\/9bcea0d1de41f7096a6854720473a792\",\n\t            \"name\": \"RAJA\",\n\t            \"image\": {\n\t                \"@type\": \"ImageObject\",\n\t                \"inLanguage\": \"pl-PL\",\n\t                \"@id\": \"https:\/\/www.rajapack.pl\/blog-pl\/#\/schema\/person\/image\/\",\n\t                \"url\": \"https:\/\/secure.gravatar.com\/avatar\/afae8669568c1f323e00733847251eb5?s=96&d=mm&r=g\",\n\t                \"contentUrl\": \"https:\/\/secure.gravatar.com\/avatar\/afae8669568c1f323e00733847251eb5?s=96&d=mm&r=g\",\n\t                \"caption\": \"RAJA\"\n\t            },\n\t            \"url\": \"https:\/\/www.rajapack.pl\/blog-pl\/author\/ajoniuk\"\n\t        }\n\t    ]\n\t}<\/script>\n","yoast_head_json":{"title":"Woreczki foliowe i b\u0105belkowe","description":"Woreczki s\u0105 uniwersalnym opakowaniem i maj\u0105 liczne zastosowania - woreczki foliowe i b\u0105belkowe w wersji tradycyjnej oraz ekologicznej czyli z recyklingu.","robots":{"index":"index","follow":"follow","max-snippet":"max-snippet:-1","max-image-preview":"max-image-preview:large","max-video-preview":"max-video-preview:-1"},"canonical":"https:\/\/www.rajapack.pl\/blog-pl\/woreczki-foliowe-babelkowe-tradycyjne-oraz-ich-eko-zamienniki","og_locale":"pl_PL","og_type":"article","og_title":"Woreczki foliowe i b\u0105belkowe","og_description":"Woreczki s\u0105 uniwersalnym opakowaniem i maj\u0105 liczne zastosowania - woreczki foliowe i b\u0105belkowe w wersji tradycyjnej oraz ekologicznej czyli z recyklingu.","og_url":"https:\/\/www.rajapack.pl\/blog-pl\/woreczki-foliowe-babelkowe-tradycyjne-oraz-ich-eko-zamienniki","og_site_name":"BIZNES DOBRZE OPAKOWANY","article_published_time":"2020-07-31T12:29:01+00:00","article_modified_time":"2023-01-17T11:10:29+00:00","og_image":[{"width":700,"height":510,"url":"https:\/\/www.rajapack.pl\/blog-pl\/wp-content\/uploads\/2020\/07\/pobrane-1.png","type":"image\/png"}],"author":"RAJA","twitter_card":"summary_large_image","twitter_misc":{"Napisane przez":"RAJA","Szacowany czas czytania":"2 minuty"},"schema":{"@context":"https:\/\/schema.org","@graph":[{"@type":"WebPage","@id":"https:\/\/www.rajapack.pl\/blog-pl\/woreczki-foliowe-babelkowe-tradycyjne-oraz-ich-eko-zamienniki","url":"https:\/\/www.rajapack.pl\/blog-pl\/woreczki-foliowe-babelkowe-tradycyjne-oraz-ich-eko-zamienniki","name":"Woreczki foliowe i b\u0105belkowe","isPartOf":{"@id":"https:\/\/www.rajapack.pl\/blog-pl\/#website"},"primaryImageOfPage":{"@id":"https:\/\/www.rajapack.pl\/blog-pl\/woreczki-foliowe-babelkowe-tradycyjne-oraz-ich-eko-zamienniki#primaryimage"},"image":{"@id":"https:\/\/www.rajapack.pl\/blog-pl\/woreczki-foliowe-babelkowe-tradycyjne-oraz-ich-eko-zamienniki#primaryimage"},"thumbnailUrl":"https:\/\/www.rajapack.pl\/blog-pl\/wp-content\/uploads\/2020\/07\/pobrane-1.png","datePublished":"2020-07-31T12:29:01+00:00","dateModified":"2023-01-17T11:10:29+00:00","author":{"@id":"https:\/\/www.rajapack.pl\/blog-pl\/#\/schema\/person\/9bcea0d1de41f7096a6854720473a792"},"description":"Woreczki s\u0105 uniwersalnym opakowaniem i maj\u0105 liczne zastosowania - woreczki foliowe i b\u0105belkowe w wersji tradycyjnej oraz ekologicznej czyli z recyklingu.","inLanguage":"pl-PL","potentialAction":[{"@type":"ReadAction","target":["https:\/\/www.rajapack.pl\/blog-pl\/woreczki-foliowe-babelkowe-tradycyjne-oraz-ich-eko-zamienniki"]}]},{"@type":"ImageObject","inLanguage":"pl-PL","@id":"https:\/\/www.rajapack.pl\/blog-pl\/woreczki-foliowe-babelkowe-tradycyjne-oraz-ich-eko-zamienniki#primaryimage","url":"https:\/\/www.rajapack.pl\/blog-pl\/wp-content\/uploads\/2020\/07\/pobrane-1.png","contentUrl":"https:\/\/www.rajapack.pl\/blog-pl\/wp-content\/uploads\/2020\/07\/pobrane-1.png","width":700,"height":510},{"@type":"WebSite","@id":"https:\/\/www.rajapack.pl\/blog-pl\/#website","url":"https:\/\/www.rajapack.pl\/blog-pl\/","name":"BIZNES DOBRZE OPAKOWANY","description":"Porady ekspert\u00f3w do spraw opakowa\u0144","potentialAction":[{"@type":"SearchAction","target":{"@type":"EntryPoint","urlTemplate":"https:\/\/www.rajapack.pl\/blog-pl\/?s={search_term_string}"},"query-input":"required name=search_term_string"}],"inLanguage":"pl-PL"},{"@type":"Person","@id":"https:\/\/www.rajapack.pl\/blog-pl\/#\/schema\/person\/9bcea0d1de41f7096a6854720473a792","name":"RAJA","image":{"@type":"ImageObject","inLanguage":"pl-PL","@id":"https:\/\/www.rajapack.pl\/blog-pl\/#\/schema\/person\/image\/","url":"https:\/\/secure.gravatar.com\/avatar\/afae8669568c1f323e00733847251eb5?s=96&d=mm&r=g","contentUrl":"https:\/\/secure.gravatar.com\/avatar\/afae8669568c1f323e00733847251eb5?s=96&d=mm&r=g","caption":"RAJA"},"url":"https:\/\/www.rajapack.pl\/blog-pl\/author\/ajoniuk"}]}},"_links":{"self":[{"href":"https:\/\/www.rajapack.pl\/blog-pl\/wp-json\/wp\/v2\/posts\/2078"}],"collection":[{"href":"https:\/\/www.rajapack.pl\/blog-pl\/wp-json\/wp\/v2\/posts"}],"about":[{"href":"https:\/\/www.rajapack.pl\/blog-pl\/wp-json\/wp\/v2\/types\/post"}],"author":[{"embeddable":true,"href":"https:\/\/www.rajapack.pl\/blog-pl\/wp-json\/wp\/v2\/users\/39"}],"replies":[{"embeddable":true,"href":"https:\/\/www.rajapack.pl\/blog-pl\/wp-json\/wp\/v2\/comments?post=2078"}],"version-history":[{"count":0,"href":"https:\/\/www.rajapack.pl\/blog-pl\/wp-json\/wp\/v2\/posts\/2078\/revisions"}],"wp:featuredmedia":[{"embeddable":true,"href":"https:\/\/www.rajapack.pl\/blog-pl\/wp-json\/wp\/v2\/media\/2079"}],"wp:attachment":[{"href":"https:\/\/www.rajapack.pl\/blog-pl\/wp-json\/wp\/v2\/media?parent=2078"}],"wp:term":[{"taxonomy":"category","embeddable":true,"href":"https:\/\/www.rajapack.pl\/blog-pl\/wp-json\/wp\/v2\/categories?post=2078"},{"taxonomy":"post_tag","embeddable":true,"href":"https:\/\/www.rajapack.pl\/blog-pl\/wp-json\/wp\/v2\/tags?post=2078"}],"curies":[{"name":"wp","href":"https:\/\/api.w.org\/{rel}","templated":true}]}}