{"id":1165,"date":"2019-04-26T12:07:06","date_gmt":"2019-04-26T11:07:06","guid":{"rendered":"https:\/\/www.rajapack.pl\/blog-pl\/?p=1165"},"modified":"2023-01-17T12:10:12","modified_gmt":"2023-01-17T11:10:12","slug":"wiosenne-porzadki-w-biurze-i-magazynie","status":"publish","type":"post","link":"https:\/\/www.rajapack.pl\/blog-pl\/wiosenne-porzadki-w-biurze-i-magazynie","title":{"rendered":"Wiosenne porz\u0105dki w biurze i magazynie"},"content":{"rendered":"\n<p><strong>Rozpoczynaj\u0105cy si\u0119 w\u0142a\u015bnie sezon wiosenny to idealnym moment na przeprowadzenie generalnych porz\u0105dk\u00f3w w biurze i w magazynie. Korzystaj\u0105c z odpowiednich akcesori\u00f3w, mo\u017cesz zrobi\u0107 to szybko i skutecznie. <\/strong><\/p>\n\n\n\n<div id=\"ez-toc-container\" class=\"ez-toc-v2_0_67_1 counter-hierarchy ez-toc-counter ez-toc-grey ez-toc-container-direction\">\n<div class=\"ez-toc-title-container\">\n<p class=\"ez-toc-title \" >Table of Contents<\/p>\n<span class=\"ez-toc-title-toggle\"><a href=\"#\" class=\"ez-toc-pull-right ez-toc-btn ez-toc-btn-xs ez-toc-btn-default ez-toc-toggle\" aria-label=\"Toggle Table of Content\"><span class=\"ez-toc-js-icon-con\"><span class=\"\"><span class=\"eztoc-hide\" style=\"display:none;\">Toggle<\/span><span class=\"ez-toc-icon-toggle-span\"><svg style=\"fill: #999;color:#999\" xmlns=\"http:\/\/www.w3.org\/2000\/svg\" class=\"list-377408\" width=\"20px\" height=\"20px\" viewBox=\"0 0 24 24\" fill=\"none\"><path d=\"M6 6H4v2h2V6zm14 0H8v2h12V6zM4 11h2v2H4v-2zm16 0H8v2h12v-2zM4 16h2v2H4v-2zm16 0H8v2h12v-2z\" fill=\"currentColor\"><\/path><\/svg><svg style=\"fill: #999;color:#999\" class=\"arrow-unsorted-368013\" xmlns=\"http:\/\/www.w3.org\/2000\/svg\" width=\"10px\" height=\"10px\" viewBox=\"0 0 24 24\" version=\"1.2\" baseProfile=\"tiny\"><path d=\"M18.2 9.3l-6.2-6.3-6.2 6.3c-.2.2-.3.4-.3.7s.1.5.3.7c.2.2.4.3.7.3h11c.3 0 .5-.1.7-.3.2-.2.3-.5.3-.7s-.1-.5-.3-.7zM5.8 14.7l6.2 6.3 6.2-6.3c.2-.2.3-.5.3-.7s-.1-.5-.3-.7c-.2-.2-.4-.3-.7-.3h-11c-.3 0-.5.1-.7.3-.2.2-.3.5-.3.7s.1.5.3.7z\"\/><\/svg><\/span><\/span><\/span><\/a><\/span><\/div>\n<nav><ul class='ez-toc-list ez-toc-list-level-1 ' ><li class='ez-toc-page-1 ez-toc-heading-level-2'><a class=\"ez-toc-link ez-toc-heading-1\" href=\"https:\/\/www.rajapack.pl\/blog-pl\/wiosenne-porzadki-w-biurze-i-magazynie\/#Pudla_i_kartony_archiwizacyjne\" title=\"Pud\u0142a i kartony archiwizacyjne \">Pud\u0142a i kartony archiwizacyjne <\/a><\/li><li class='ez-toc-page-1 ez-toc-heading-level-2'><a class=\"ez-toc-link ez-toc-heading-2\" href=\"https:\/\/www.rajapack.pl\/blog-pl\/wiosenne-porzadki-w-biurze-i-magazynie\/#Uniwersalne_pudelka_i_pojemniki\" title=\"Uniwersalne pude\u0142ka i pojemniki\">Uniwersalne pude\u0142ka i pojemniki<\/a><\/li><\/ul><\/nav><\/div>\n<h2 class=\"wp-block-heading\"><span class=\"ez-toc-section\" id=\"Pudla_i_kartony_archiwizacyjne\"><\/span><strong>Pud\u0142a i kartony archiwizacyjne <\/strong><span class=\"ez-toc-section-end\"><\/span><\/h2>\n\n\n\n<p>Biurka w Twojej firmie ton\u0105 w umowach, fakturach, urz\u0119dowej korespondencji i innych papierowych dokumentach? Rozwi\u0105zaniem tego problemu mog\u0105 by\u0107 <a href=\"https:\/\/www.rajapack.pl\/artykuly-biurowe\/archiwizacja-segregacja\/kartony-pudla-archiwizacyjne_C211010.html\">pud\u0142a i kartony archiwizacyjne<\/a>. Umo\u017cliwiaj\u0105 one wygodne posegregowanie i bezpieczne magazynowanie firmowej dokumentacji. <\/p>\n\n\n\n<figure class=\"wp-block-image\"><img loading=\"lazy\" decoding=\"async\" width=\"1024\" height=\"668\" src=\"https:\/\/www.rajapack.pl\/blog-pl\/wp-content\/uploads\/2019\/04\/Archive-Raja-1024x668.jpg\" alt=\"\" class=\"wp-image-1169\" srcset=\"https:\/\/www.rajapack.pl\/blog-pl\/wp-content\/uploads\/2019\/04\/Archive-Raja-1024x668.jpg 1024w, https:\/\/www.rajapack.pl\/blog-pl\/wp-content\/uploads\/2019\/04\/Archive-Raja-430x281.jpg 430w, https:\/\/www.rajapack.pl\/blog-pl\/wp-content\/uploads\/2019\/04\/Archive-Raja-345x225.jpg 345w, https:\/\/www.rajapack.pl\/blog-pl\/wp-content\/uploads\/2019\/04\/Archive-Raja.jpg 1407w\" sizes=\"(max-width: 1024px) 100vw, 1024px\" \/><\/figure>\n\n\n\n<p>Dost\u0119pne w naszym asortymencie kartony archiwizacyjne wykonane s\u0105 z grubej, 5-warstwowej tektury, kt\u00f3ra skutecznie &nbsp;zabezpiecza dokumenty przed przypadkowym pogi\u0119ciem czy rozdarciem. Co wa\u017cne, zawarto\u015b\u0107 karton\u00f3w archiwizacyjnych jest chroniona przed niekorzystnym wp\u0142ywem czynnik\u00f3w zewn\u0119trznych, takich jak kurz, wilgo\u0107, niskie temperatury czy promienie s\u0142oneczne. Jest to niezwykle istotne zw\u0142aszcza w przypadku starszych,nieu\u017cywanych archiw\u00f3w, kt\u00f3re cz\u0119sto przechowywane s\u0105 w niedostosowanych do tego celu pomieszczeniach gospodarczych. <\/p>\n\n\n\n<p>Rozmiar karton\u00f3w archiwizacyjnych pozwalana umieszczenie w nich kilku segregator\u00f3w formatu A4. Z kolei pud\u0142a archiwizacyjne mo\u017cna wykorzysta\u0107 do segregowania mniejszych partii dokument\u00f3w. Pud\u0142a i kartony pozwalaj\u0105 r\u00f3wnie\u017c na wygodne pogrupowanie dokumentacji \u2013 informacj\u0119 o ich zwarto\u015b\u0107 mo\u017cna umie\u015bci\u0107 na pokrywie lub bocznej \u015bcianie za pomoc\u0105 markera.<\/p>\n\n\n\n<h2 class=\"wp-block-heading\"><span class=\"ez-toc-section\" id=\"Uniwersalne_pudelka_i_pojemniki\"><\/span><strong>Uniwersalne pude\u0142ka i pojemniki<\/strong><span class=\"ez-toc-section-end\"><\/span><\/h2>\n\n\n\n<p>W ofercie naszego sklepu internetowego dost\u0119pny jest r\u00f3wnie\u017c szeroki wyb\u00f3r pojemnik\u00f3w, kt\u00f3re mo\u017cna wykorzysta\u0107 podczas porz\u0105dkowania magazyn\u00f3w. <\/p>\n\n\n\n<p>W asortymencie posiadamy pude\u0142ka wykonane z wytrzyma\u0142ej tektury 3 &#8211; warstwowej, pokrytej papierem Kraft. Pude\u0142ka tego typu doskonale nadaj\u0105 si\u0119 do przechowywania drobnych artyku\u0142\u00f3w. Brak pokrywki umo\u017cliwia szybki dost\u0119p do wn\u0119trza pojemnik\u00f3w i \u0142atw\u0105 identyfikacj\u0119 ich zawarto\u015bci. <\/p>\n\n\n\n<div class=\"wp-block-image\"><figure class=\"aligncenter\"><img loading=\"lazy\" decoding=\"async\" width=\"746\" height=\"928\" src=\"https:\/\/www.rajapack.pl\/blog-pl\/wp-content\/uploads\/2019\/04\/warechuse-Raja.jpg\" alt=\"\" class=\"wp-image-1170\" srcset=\"https:\/\/www.rajapack.pl\/blog-pl\/wp-content\/uploads\/2019\/04\/warechuse-Raja.jpg 746w, https:\/\/www.rajapack.pl\/blog-pl\/wp-content\/uploads\/2019\/04\/warechuse-Raja-346x430.jpg 346w, https:\/\/www.rajapack.pl\/blog-pl\/wp-content\/uploads\/2019\/04\/warechuse-Raja-181x225.jpg 181w\" sizes=\"(max-width: 746px) 100vw, 746px\" \/><\/figure><\/div>\n\n\n\n<p>Podczas wiosennych porz\u0105dk\u00f3w w magazynach przyda\u0107 si\u0119 mog\u0105 r\u00f3wnie\u017c wytrzyma\u0142e <a href=\"https:\/\/www.rajapack.pl\/wyposazenie-magazynu\/pudelka-pojemniki_C1920.html\">pojemniki<\/a> wykonane z nab\u0142yszczanego polipropylenu. To tworzywo sztuczne jest odporne na zgniecenia, dzia\u0142anie t\u0142uszczy i kwas\u00f3w, bez uszczerbku znosi tak\u017ce zmiany temperatury od -20 \u00b0C do+40 \u00b0C. <\/p>\n\n\n\n<p>Pojemniki mo\u017cna uk\u0142ada\u0107 jeden na drugim, co pozwala na efektywne wykorzystanie dost\u0119pnej przestrzeni magazynowej. W ofercie naszego sklepu internetowego dost\u0119pne s\u0105 r\u00f3wnie\u017c przezroczyste pude\u0142ka z pokrywk\u0105 i uchwytami u\u0142atwiaj\u0105cymi przenoszenie.<\/p>\n\n\n\n<p>Je\u017celi potrzebujesz pomocy przy wyborze opakowa\u0144, skontaktuj si\u0119 z nami poprzez nr. tel.:&nbsp;<strong>801&nbsp;55 3000*<\/strong>&nbsp;lub e-mail:&nbsp;<a href=\"mailto:poczta@rajapack.pl\">poczta@rajapack.pl<\/a>. Nasi specjali\u015bci pomog\u0105 wybra\u0107 Ci najlepsze rozwi\u0105zania opakowaniowe, dostosowane do specyfiki firmy.<\/p>\n\n\n\n<p>*<em>Koszt wed\u0142ug taryfy operatora.<\/em><\/p>\n\n\n\n<p><br>\u0179r\u00f3d\u0142o zdj\u0119cia wyr\u00f3\u017cniaj\u0105cego: unsplash.com\/pixabay.com<br><\/p>\n","protected":false},"excerpt":{"rendered":"<p>Rozpoczynaj\u0105cy si\u0119 w\u0142a\u015bnie sezon wiosenny to idealnym moment na przeprowadzenie generalnych porz\u0105dk\u00f3w w biurze i w magazynie. Korzystaj\u0105c z odpowiednich akcesori\u00f3w, mo\u017cesz zrobi\u0107 to szybko i skutecznie. Pud\u0142a i kartony [&#8230;]<\/p>\n","protected":false},"author":39,"featured_media":1167,"comment_status":"open","ping_status":"open","sticky":false,"template":"","format":"standard","meta":{"_acf_changed":false,"footnotes":""},"categories":[251],"tags":[],"class_list":["post-1165","post","type-post","status-publish","format-standard","has-post-thumbnail","hentry","category-wysylanie-roznych-przedmiotow"],"acf":[],"yoast_head":"\n<title>Wiosenne porz\u0105dki w biurze i magazynie | Blog RAJA<\/title>\n<meta name=\"description\" content=\"Planujesz wiosenne porz\u0105dki w swojej firmie? Zainspiruj si\u0119 poradami Rajapack!\" \/>\n<meta name=\"robots\" content=\"index, follow, max-snippet:-1, max-image-preview:large, max-video-preview:-1\" \/>\n<link rel=\"canonical\" href=\"https:\/\/www.rajapack.pl\/blog-pl\/wiosenne-porzadki-w-biurze-i-magazynie\" \/>\n<meta property=\"og:locale\" content=\"pl_PL\" \/>\n<meta property=\"og:type\" content=\"article\" \/>\n<meta property=\"og:title\" content=\"Wiosenne porz\u0105dki w biurze i magazynie | Blog RAJA\" \/>\n<meta property=\"og:description\" content=\"Planujesz wiosenne porz\u0105dki w swojej firmie? Zainspiruj si\u0119 poradami Rajapack!\" \/>\n<meta property=\"og:url\" content=\"https:\/\/www.rajapack.pl\/blog-pl\/wiosenne-porzadki-w-biurze-i-magazynie\" \/>\n<meta property=\"og:site_name\" content=\"BIZNES DOBRZE OPAKOWANY\" \/>\n<meta property=\"article:published_time\" content=\"2019-04-26T11:07:06+00:00\" \/>\n<meta property=\"article:modified_time\" content=\"2023-01-17T11:10:12+00:00\" \/>\n<meta property=\"og:image\" content=\"https:\/\/www.rajapack.pl\/blog-pl\/wp-content\/uploads\/2019\/04\/biuro.jpg\" \/>\n\t<meta property=\"og:image:width\" content=\"712\" \/>\n\t<meta property=\"og:image:height\" content=\"400\" \/>\n\t<meta property=\"og:image:type\" content=\"image\/jpeg\" \/>\n<meta name=\"author\" content=\"RAJA\" \/>\n<meta name=\"twitter:card\" content=\"summary_large_image\" \/>\n<meta name=\"twitter:label1\" content=\"Napisane przez\" \/>\n\t<meta name=\"twitter:data1\" content=\"RAJA\" \/>\n\t<meta name=\"twitter:label2\" content=\"Szacowany czas czytania\" \/>\n\t<meta name=\"twitter:data2\" content=\"2 minuty\" \/>\n<script type=\"application\/ld+json\" class=\"yoast-schema-graph\">{\n\t    \"@context\": \"https:\/\/schema.org\",\n\t    \"@graph\": [\n\t        {\n\t            \"@type\": \"WebPage\",\n\t            \"@id\": \"https:\/\/www.rajapack.pl\/blog-pl\/wiosenne-porzadki-w-biurze-i-magazynie\",\n\t            \"url\": \"https:\/\/www.rajapack.pl\/blog-pl\/wiosenne-porzadki-w-biurze-i-magazynie\",\n\t            \"name\": \"Wiosenne porz\u0105dki w biurze i magazynie | Blog RAJA\",\n\t            \"isPartOf\": {\n\t                \"@id\": \"https:\/\/www.rajapack.pl\/blog-pl\/#website\"\n\t            },\n\t            \"primaryImageOfPage\": {\n\t                \"@id\": \"https:\/\/www.rajapack.pl\/blog-pl\/wiosenne-porzadki-w-biurze-i-magazynie#primaryimage\"\n\t            },\n\t            \"image\": {\n\t                \"@id\": \"https:\/\/www.rajapack.pl\/blog-pl\/wiosenne-porzadki-w-biurze-i-magazynie#primaryimage\"\n\t            },\n\t            \"thumbnailUrl\": \"https:\/\/www.rajapack.pl\/blog-pl\/wp-content\/uploads\/2019\/04\/biuro.jpg\",\n\t            \"datePublished\": \"2019-04-26T11:07:06+00:00\",\n\t            \"dateModified\": \"2023-01-17T11:10:12+00:00\",\n\t            \"author\": {\n\t                \"@id\": \"https:\/\/www.rajapack.pl\/blog-pl\/#\/schema\/person\/9bcea0d1de41f7096a6854720473a792\"\n\t            },\n\t            \"description\": \"Planujesz wiosenne porz\u0105dki w swojej firmie? Zainspiruj si\u0119 poradami Rajapack!\",\n\t            \"inLanguage\": \"pl-PL\",\n\t            \"potentialAction\": [\n\t                {\n\t                    \"@type\": \"ReadAction\",\n\t                    \"target\": [\n\t                        \"https:\/\/www.rajapack.pl\/blog-pl\/wiosenne-porzadki-w-biurze-i-magazynie\"\n\t                    ]\n\t                }\n\t            ]\n\t        },\n\t        {\n\t            \"@type\": \"ImageObject\",\n\t            \"inLanguage\": \"pl-PL\",\n\t            \"@id\": \"https:\/\/www.rajapack.pl\/blog-pl\/wiosenne-porzadki-w-biurze-i-magazynie#primaryimage\",\n\t            \"url\": \"https:\/\/www.rajapack.pl\/blog-pl\/wp-content\/uploads\/2019\/04\/biuro.jpg\",\n\t            \"contentUrl\": \"https:\/\/www.rajapack.pl\/blog-pl\/wp-content\/uploads\/2019\/04\/biuro.jpg\",\n\t            \"width\": 712,\n\t            \"height\": 400\n\t        },\n\t        {\n\t            \"@type\": \"WebSite\",\n\t            \"@id\": \"https:\/\/www.rajapack.pl\/blog-pl\/#website\",\n\t            \"url\": \"https:\/\/www.rajapack.pl\/blog-pl\/\",\n\t            \"name\": \"BIZNES DOBRZE OPAKOWANY\",\n\t            \"description\": \"Porady ekspert\u00f3w do spraw opakowa\u0144\",\n\t            \"potentialAction\": [\n\t                {\n\t                    \"@type\": \"SearchAction\",\n\t                    \"target\": {\n\t                        \"@type\": \"EntryPoint\",\n\t                        \"urlTemplate\": \"https:\/\/www.rajapack.pl\/blog-pl\/?s={search_term_string}\"\n\t                    },\n\t                    \"query-input\": \"required name=search_term_string\"\n\t                }\n\t            ],\n\t            \"inLanguage\": \"pl-PL\"\n\t        },\n\t        {\n\t            \"@type\": \"Person\",\n\t            \"@id\": \"https:\/\/www.rajapack.pl\/blog-pl\/#\/schema\/person\/9bcea0d1de41f7096a6854720473a792\",\n\t            \"name\": \"RAJA\",\n\t            \"image\": {\n\t                \"@type\": \"ImageObject\",\n\t                \"inLanguage\": \"pl-PL\",\n\t                \"@id\": \"https:\/\/www.rajapack.pl\/blog-pl\/#\/schema\/person\/image\/\",\n\t                \"url\": \"https:\/\/secure.gravatar.com\/avatar\/afae8669568c1f323e00733847251eb5?s=96&d=mm&r=g\",\n\t                \"contentUrl\": \"https:\/\/secure.gravatar.com\/avatar\/afae8669568c1f323e00733847251eb5?s=96&d=mm&r=g\",\n\t                \"caption\": \"RAJA\"\n\t            },\n\t            \"url\": \"https:\/\/www.rajapack.pl\/blog-pl\/author\/ajoniuk\"\n\t        }\n\t    ]\n\t}<\/script>\n","yoast_head_json":{"title":"Wiosenne porz\u0105dki w biurze i magazynie | Blog RAJA","description":"Planujesz wiosenne porz\u0105dki w swojej firmie? Zainspiruj si\u0119 poradami Rajapack!","robots":{"index":"index","follow":"follow","max-snippet":"max-snippet:-1","max-image-preview":"max-image-preview:large","max-video-preview":"max-video-preview:-1"},"canonical":"https:\/\/www.rajapack.pl\/blog-pl\/wiosenne-porzadki-w-biurze-i-magazynie","og_locale":"pl_PL","og_type":"article","og_title":"Wiosenne porz\u0105dki w biurze i magazynie | Blog RAJA","og_description":"Planujesz wiosenne porz\u0105dki w swojej firmie? Zainspiruj si\u0119 poradami Rajapack!","og_url":"https:\/\/www.rajapack.pl\/blog-pl\/wiosenne-porzadki-w-biurze-i-magazynie","og_site_name":"BIZNES DOBRZE OPAKOWANY","article_published_time":"2019-04-26T11:07:06+00:00","article_modified_time":"2023-01-17T11:10:12+00:00","og_image":[{"width":712,"height":400,"url":"https:\/\/www.rajapack.pl\/blog-pl\/wp-content\/uploads\/2019\/04\/biuro.jpg","type":"image\/jpeg"}],"author":"RAJA","twitter_card":"summary_large_image","twitter_misc":{"Napisane przez":"RAJA","Szacowany czas czytania":"2 minuty"},"schema":{"@context":"https:\/\/schema.org","@graph":[{"@type":"WebPage","@id":"https:\/\/www.rajapack.pl\/blog-pl\/wiosenne-porzadki-w-biurze-i-magazynie","url":"https:\/\/www.rajapack.pl\/blog-pl\/wiosenne-porzadki-w-biurze-i-magazynie","name":"Wiosenne porz\u0105dki w biurze i magazynie | Blog RAJA","isPartOf":{"@id":"https:\/\/www.rajapack.pl\/blog-pl\/#website"},"primaryImageOfPage":{"@id":"https:\/\/www.rajapack.pl\/blog-pl\/wiosenne-porzadki-w-biurze-i-magazynie#primaryimage"},"image":{"@id":"https:\/\/www.rajapack.pl\/blog-pl\/wiosenne-porzadki-w-biurze-i-magazynie#primaryimage"},"thumbnailUrl":"https:\/\/www.rajapack.pl\/blog-pl\/wp-content\/uploads\/2019\/04\/biuro.jpg","datePublished":"2019-04-26T11:07:06+00:00","dateModified":"2023-01-17T11:10:12+00:00","author":{"@id":"https:\/\/www.rajapack.pl\/blog-pl\/#\/schema\/person\/9bcea0d1de41f7096a6854720473a792"},"description":"Planujesz wiosenne porz\u0105dki w swojej firmie? Zainspiruj si\u0119 poradami Rajapack!","inLanguage":"pl-PL","potentialAction":[{"@type":"ReadAction","target":["https:\/\/www.rajapack.pl\/blog-pl\/wiosenne-porzadki-w-biurze-i-magazynie"]}]},{"@type":"ImageObject","inLanguage":"pl-PL","@id":"https:\/\/www.rajapack.pl\/blog-pl\/wiosenne-porzadki-w-biurze-i-magazynie#primaryimage","url":"https:\/\/www.rajapack.pl\/blog-pl\/wp-content\/uploads\/2019\/04\/biuro.jpg","contentUrl":"https:\/\/www.rajapack.pl\/blog-pl\/wp-content\/uploads\/2019\/04\/biuro.jpg","width":712,"height":400},{"@type":"WebSite","@id":"https:\/\/www.rajapack.pl\/blog-pl\/#website","url":"https:\/\/www.rajapack.pl\/blog-pl\/","name":"BIZNES DOBRZE OPAKOWANY","description":"Porady ekspert\u00f3w do spraw opakowa\u0144","potentialAction":[{"@type":"SearchAction","target":{"@type":"EntryPoint","urlTemplate":"https:\/\/www.rajapack.pl\/blog-pl\/?s={search_term_string}"},"query-input":"required name=search_term_string"}],"inLanguage":"pl-PL"},{"@type":"Person","@id":"https:\/\/www.rajapack.pl\/blog-pl\/#\/schema\/person\/9bcea0d1de41f7096a6854720473a792","name":"RAJA","image":{"@type":"ImageObject","inLanguage":"pl-PL","@id":"https:\/\/www.rajapack.pl\/blog-pl\/#\/schema\/person\/image\/","url":"https:\/\/secure.gravatar.com\/avatar\/afae8669568c1f323e00733847251eb5?s=96&d=mm&r=g","contentUrl":"https:\/\/secure.gravatar.com\/avatar\/afae8669568c1f323e00733847251eb5?s=96&d=mm&r=g","caption":"RAJA"},"url":"https:\/\/www.rajapack.pl\/blog-pl\/author\/ajoniuk"}]}},"_links":{"self":[{"href":"https:\/\/www.rajapack.pl\/blog-pl\/wp-json\/wp\/v2\/posts\/1165"}],"collection":[{"href":"https:\/\/www.rajapack.pl\/blog-pl\/wp-json\/wp\/v2\/posts"}],"about":[{"href":"https:\/\/www.rajapack.pl\/blog-pl\/wp-json\/wp\/v2\/types\/post"}],"author":[{"embeddable":true,"href":"https:\/\/www.rajapack.pl\/blog-pl\/wp-json\/wp\/v2\/users\/39"}],"replies":[{"embeddable":true,"href":"https:\/\/www.rajapack.pl\/blog-pl\/wp-json\/wp\/v2\/comments?post=1165"}],"version-history":[{"count":0,"href":"https:\/\/www.rajapack.pl\/blog-pl\/wp-json\/wp\/v2\/posts\/1165\/revisions"}],"wp:featuredmedia":[{"embeddable":true,"href":"https:\/\/www.rajapack.pl\/blog-pl\/wp-json\/wp\/v2\/media\/1167"}],"wp:attachment":[{"href":"https:\/\/www.rajapack.pl\/blog-pl\/wp-json\/wp\/v2\/media?parent=1165"}],"wp:term":[{"taxonomy":"category","embeddable":true,"href":"https:\/\/www.rajapack.pl\/blog-pl\/wp-json\/wp\/v2\/categories?post=1165"},{"taxonomy":"post_tag","embeddable":true,"href":"https:\/\/www.rajapack.pl\/blog-pl\/wp-json\/wp\/v2\/tags?post=1165"}],"curies":[{"name":"wp","href":"https:\/\/api.w.org\/{rel}","templated":true}]}}