{"id":1126,"date":"2019-04-09T15:13:55","date_gmt":"2019-04-09T14:13:55","guid":{"rendered":"https:\/\/www.rajapack.pl\/blog-pl\/?p=1126"},"modified":"2023-01-17T12:08:31","modified_gmt":"2023-01-17T11:08:31","slug":"tasma-samoprzylepna-poznaj-ja-lepiej","status":"publish","type":"post","link":"https:\/\/www.rajapack.pl\/blog-pl\/tasma-samoprzylepna-poznaj-ja-lepiej","title":{"rendered":"Ta\u015bma samoprzylepna \u2013 poznaj j\u0105 lepiej!"},"content":{"rendered":"\n<p><a href=\"https:\/\/www.rajapack.pl\/tasmy-samoprzylepne-spinajace\/tasma-pakowa_C1510.html\">Ta\u015bma samoprzylepna<\/a> to jeden z tych produkt\u00f3w, kt\u00f3ry &#8211; w powszechnym mniemaniu &#8211; nie kryje \u017cadnych tajemnic, a wiele os\u00f3b nie zaprz\u0105ta sobie g\u0142owy wyborem jej odpowiedniego rodzaju. To b\u0142\u0105d, bo ta\u015bma samoprzylepna ma bardzo r\u00f3\u017cne w\u0142a\u015bciwo\u015bci \u2013 uzale\u017cnione od rodzaju u\u017cytego materia\u0142u, a tak\u017ce zastosowanego kleju. Poznaj najwa\u017cniejsze informacje na temat ta\u015bmy samoprzylepnej!<\/p>\n\n\n\n<div id=\"ez-toc-container\" class=\"ez-toc-v2_0_67_1 counter-hierarchy ez-toc-counter ez-toc-grey ez-toc-container-direction\">\n<div class=\"ez-toc-title-container\">\n<p class=\"ez-toc-title \" >Table of Contents<\/p>\n<span class=\"ez-toc-title-toggle\"><a href=\"#\" class=\"ez-toc-pull-right ez-toc-btn ez-toc-btn-xs ez-toc-btn-default ez-toc-toggle\" aria-label=\"Toggle Table of Content\"><span class=\"ez-toc-js-icon-con\"><span class=\"\"><span class=\"eztoc-hide\" style=\"display:none;\">Toggle<\/span><span class=\"ez-toc-icon-toggle-span\"><svg style=\"fill: #999;color:#999\" xmlns=\"http:\/\/www.w3.org\/2000\/svg\" class=\"list-377408\" width=\"20px\" height=\"20px\" viewBox=\"0 0 24 24\" fill=\"none\"><path d=\"M6 6H4v2h2V6zm14 0H8v2h12V6zM4 11h2v2H4v-2zm16 0H8v2h12v-2zM4 16h2v2H4v-2zm16 0H8v2h12v-2z\" fill=\"currentColor\"><\/path><\/svg><svg style=\"fill: #999;color:#999\" class=\"arrow-unsorted-368013\" xmlns=\"http:\/\/www.w3.org\/2000\/svg\" width=\"10px\" height=\"10px\" viewBox=\"0 0 24 24\" version=\"1.2\" baseProfile=\"tiny\"><path d=\"M18.2 9.3l-6.2-6.3-6.2 6.3c-.2.2-.3.4-.3.7s.1.5.3.7c.2.2.4.3.7.3h11c.3 0 .5-.1.7-.3.2-.2.3-.5.3-.7s-.1-.5-.3-.7zM5.8 14.7l6.2 6.3 6.2-6.3c.2-.2.3-.5.3-.7s-.1-.5-.3-.7c-.2-.2-.4-.3-.7-.3h-11c-.3 0-.5.1-.7.3-.2.2-.3.5-.3.7s.1.5.3.7z\"\/><\/svg><\/span><\/span><\/span><\/a><\/span><\/div>\n<nav><ul class='ez-toc-list ez-toc-list-level-1 ' ><li class='ez-toc-page-1 ez-toc-heading-level-2'><a class=\"ez-toc-link ez-toc-heading-1\" href=\"https:\/\/www.rajapack.pl\/blog-pl\/tasma-samoprzylepna-poznaj-ja-lepiej\/#Nosnik_i_klej_%E2%80%93_z_tego_sklada_sie_tasma_samoprzylepna\" title=\"No\u015bnik i klej \u2013 z tego sk\u0142ada si\u0119 ta\u015bma samoprzylepna\">No\u015bnik i klej \u2013 z tego sk\u0142ada si\u0119 ta\u015bma samoprzylepna<\/a><\/li><li class='ez-toc-page-1 ez-toc-heading-level-2'><a class=\"ez-toc-link ez-toc-heading-2\" href=\"https:\/\/www.rajapack.pl\/blog-pl\/tasma-samoprzylepna-poznaj-ja-lepiej\/#Jak_wlasciwie_stosowac_tasme_samoprzylepna\" title=\"Jak w\u0142a\u015bciwie stosowa\u0107 ta\u015bm\u0119 samoprzylepn\u0105?\">Jak w\u0142a\u015bciwie stosowa\u0107 ta\u015bm\u0119 samoprzylepn\u0105?<\/a><\/li><li class='ez-toc-page-1 ez-toc-heading-level-2'><a class=\"ez-toc-link ez-toc-heading-3\" href=\"https:\/\/www.rajapack.pl\/blog-pl\/tasma-samoprzylepna-poznaj-ja-lepiej\/#Ile_tasmy_samoprzylepnej_nalezy_uzyc\" title=\"Ile ta\u015bmy samoprzylepnej nale\u017cy u\u017cy\u0107?\">Ile ta\u015bmy samoprzylepnej nale\u017cy u\u017cy\u0107?<\/a><\/li><li class='ez-toc-page-1 ez-toc-heading-level-2'><a class=\"ez-toc-link ez-toc-heading-4\" href=\"https:\/\/www.rajapack.pl\/blog-pl\/tasma-samoprzylepna-poznaj-ja-lepiej\/#Tak_dziala_tasma_samoprzylepna\" title=\"Tak dzia\u0142a ta\u015bma samoprzylepna!\">Tak dzia\u0142a ta\u015bma samoprzylepna!<\/a><\/li><\/ul><\/nav><\/div>\n<h2 class=\"wp-block-heading\"><span class=\"ez-toc-section\" id=\"Nosnik_i_klej_%E2%80%93_z_tego_sklada_sie_tasma_samoprzylepna\"><\/span><strong>No\u015bnik i klej \u2013 z tego sk\u0142ada si\u0119 ta\u015bma samoprzylepna<\/strong><span class=\"ez-toc-section-end\"><\/span><\/h2>\n\n\n\n<p>Ta\u015bma samoprzylepna jest bardzo prost\u0105 konstrukcj\u0105 \u2013 sk\u0142ada si\u0119 z dw\u00f3ch element\u00f3w no\u015bnika oraz kleju. Jednak od ich wyboru uzale\u017cnione s\u0105 w\u0142a\u015bciwo\u015bci ta\u015bmy. Je\u015bli chodzi o no\u015bnik, czyli foli\u0119, dost\u0119pne s\u0105 nast\u0119puj\u0105ce:<\/p>\n\n\n\n<ul class=\"wp-block-list\"><li><a href=\"https:\/\/www.rajapack.pl\/tasmy-samoprzylepne-spinajace\/tasma-pakowa\/tasma-samoprzylepna-polipropylenowa_C151012.html\">polipropylenowa<\/a> (w tym r\u00f3wnie\u017c polipropylenowa z cichym odwijaniem)<\/li><li><a href=\"https:\/\/www.rajapack.pl\/tasmy-samoprzylepne-spinajace\/tasma-pakowa\/tasma-samoprzylepna-pcv_C151013.html\">PCV<\/a><\/li><li><a href=\"https:\/\/www.rajapack.pl\/tasmy-samoprzylepne-spinajace\/tasma-pakowa\/tasma-papierowa_C151019.html\">papierowa<\/a><\/li><li><a href=\"https:\/\/www.rajapack.pl\/tasmy-samoprzylepne-spinajace\/tasma-pakowa\/tasma-papierowa-podgumowana_C151018.html\">podgumowana<\/a><\/li><\/ul>\n\n\n\n<p>Od rodzaju zastosowanego no\u015bnika zale\u017cy odporno\u015b\u0107 na warunki atmosferyczne \u2013 wilgo\u0107 czy s\u0142o\u0144ce \u2013 a tak\u017ce trwa\u0142o\u015b\u0107. Kolejnym wa\u017cnym parametrem jest grubo\u015b\u0107. Ta, wyra\u017cana jest w mikronach, a im grubsza jest ta\u015bma samoprzylepna, tym wi\u0119ksze obci\u0105\u017cenie mo\u017ce wytrzyma\u0107.<\/p>\n\n\n\n<div class=\"wp-block-image\"><figure class=\"aligncenter\"><img loading=\"lazy\" decoding=\"async\" width=\"575\" height=\"840\" src=\"https:\/\/www.rajapack.pl\/blog-pl\/wp-content\/uploads\/2019\/04\/tasma_samoprzylepna.jpg\" alt=\"\" class=\"wp-image-1131\" srcset=\"https:\/\/www.rajapack.pl\/blog-pl\/wp-content\/uploads\/2019\/04\/tasma_samoprzylepna.jpg 575w, https:\/\/www.rajapack.pl\/blog-pl\/wp-content\/uploads\/2019\/04\/tasma_samoprzylepna-294x430.jpg 294w, https:\/\/www.rajapack.pl\/blog-pl\/wp-content\/uploads\/2019\/04\/tasma_samoprzylepna-154x225.jpg 154w\" sizes=\"(max-width: 575px) 100vw, 575px\" \/><\/figure><\/div>\n\n\n\n<p>Drugim elementem, z kt\u00f3rego zbudowana jest ta\u015bma samoprzylepna to klej. Dost\u0119pne s\u0105 ta\u015bmy z nast\u0119puj\u0105cymi typami klej\u00f3w:<\/p>\n\n\n\n<ul class=\"wp-block-list\"><li>akryl<\/li><li>kauczuk naturalny<\/li><li>kauczuk syntetyczny.<\/li><\/ul>\n\n\n\n<p>Wyb\u00f3r kleju ma wp\u0142yw przede wszystkim na szybko\u015b\u0107 i trwa\u0142o\u015b\u0107 \u0142\u0105czenia. Bardzo trwa\u0142y i mocny jest kauczuk naturalny i akryl. Ten dodatkowo jest w pe\u0142ni przejrzysty. Kauczuk syntetyczny jest natomiast klejem, kt\u00f3ry wi\u0105\u017ce najszybciej, wi\u0119c \u0142\u0105czenie praktycznie od razu trzyma z maksymaln\u0105 si\u0142\u0105. <\/p>\n\n\n\n<h2 class=\"wp-block-heading\"><span class=\"ez-toc-section\" id=\"Jak_wlasciwie_stosowac_tasme_samoprzylepna\"><\/span><strong>Jak w\u0142a\u015bciwie stosowa\u0107 ta\u015bm\u0119 samoprzylepn\u0105?<\/strong><span class=\"ez-toc-section-end\"><\/span><\/h2>\n\n\n\n<p>W\u0142a\u015bciwe na\u0142o\u017cenie ta\u015bmy samoprzylepnej nie wydaje si\u0119 trudnym zadaniem, ale warto pami\u0119ta\u0107 o kilku zasadach, aby \u0142\u0105czenie by\u0142o jak najtrwalsze. Przede wszystkim trzeba zwr\u00f3ci\u0107 uwag\u0119 na to, aby powierzchnia, na kt\u00f3r\u0105 nak\u0142ada si\u0119 ta\u015bm\u0119, by\u0142a czysta i sucha. Warto wzi\u0105\u0107 te\u017c pod uwag\u0119 temperatur\u0119 otoczenia. Je\u015bli jest poni\u017cej 10 stopni Celsjusza, najlepiej zastosowa\u0107 <a href=\"https:\/\/www.rajapack.pl\/tasmy-samoprzylepne-spinajace\/tasma-pakowa\/tasma-samoprzylepna-polipropylenowa_C151012.html\">ta\u015bm\u0119 polipropylenow\u0105<\/a> lub podgumowan\u0105 z klejem kauczukowym. Je\u015bli natomiast ta\u015bm\u0119 samoprzylepn\u0105 nakleja si\u0119 przy wysokiej temperaturze, lepiej sprawdzi si\u0119 ta z klejem akrylowym. <\/p>\n\n\n\n<figure class=\"wp-block-image\"><img loading=\"lazy\" decoding=\"async\" width=\"1024\" height=\"212\" src=\"https:\/\/www.rajapack.pl\/blog-pl\/wp-content\/uploads\/2019\/04\/jak_skutecznie_zamknac_karton-1024x212.jpg\" alt=\"\" class=\"wp-image-1129\" srcset=\"https:\/\/www.rajapack.pl\/blog-pl\/wp-content\/uploads\/2019\/04\/jak_skutecznie_zamknac_karton-1024x212.jpg 1024w, https:\/\/www.rajapack.pl\/blog-pl\/wp-content\/uploads\/2019\/04\/jak_skutecznie_zamknac_karton-430x89.jpg 430w, https:\/\/www.rajapack.pl\/blog-pl\/wp-content\/uploads\/2019\/04\/jak_skutecznie_zamknac_karton-375x78.jpg 375w, https:\/\/www.rajapack.pl\/blog-pl\/wp-content\/uploads\/2019\/04\/jak_skutecznie_zamknac_karton.jpg 1515w\" sizes=\"(max-width: 1024px) 100vw, 1024px\" \/><\/figure>\n\n\n\n<h2 class=\"wp-block-heading\"><span class=\"ez-toc-section\" id=\"Ile_tasmy_samoprzylepnej_nalezy_uzyc\"><\/span><strong>Ile ta\u015bmy samoprzylepnej nale\u017cy u\u017cy\u0107?<\/strong><span class=\"ez-toc-section-end\"><\/span><\/h2>\n\n\n\n<p>Wa\u017cn\u0105 kwesti\u0105 jest r\u00f3wnie\u017c dostosowanie ilo\u015bci ta\u015bmy samoprzylepnej do opakowania \u2013 przede wszystkim jego masy i czasu przechowywania. Im wi\u0119kszy ci\u0119\u017car i d\u0142u\u017csze magazynowanie, tym wi\u0119cej ta\u015bmy trzeba u\u017cy\u0107. Trzeba jednak wybra\u0107 odpowiednie miejsca aplikacji. Zacz\u0105\u0107 trzeba przede wszystkim od dna i wieka kartonu, wzmocni\u0107 trzeba te\u017c naro\u017cniki i miejsca, w kt\u00f3rych karton si\u0119 zgina \u2013 s\u0105 to zawsze newralgiczne punkty, kt\u00f3re pod wp\u0142ywem pogody lub uszkodzenia mechanicznego, mog\u0105 si\u0119 rozerwa\u0107. Odpowiednio na\u0142o\u017cona ta\u015bma zapobiegnie temu.<\/p>\n\n\n\n<h2 class=\"wp-block-heading\"><span class=\"ez-toc-section\" id=\"Tak_dziala_tasma_samoprzylepna\"><\/span><strong>Tak dzia\u0142a ta\u015bma samoprzylepna!<\/strong><span class=\"ez-toc-section-end\"><\/span><\/h2>\n\n\n\n<p>Wyb\u00f3r i na\u0142o\u017cenie ta\u015bmy samoprzylepnej nie jest trudne, ale warto mie\u0107 \u015bwiadomo\u015b\u0107, \u017ce s\u0105 r\u00f3\u017cne rodzaje tego produktu. Dzi\u0119ki temu mo\u017cna jeszcze lepiej dobra\u0107 ta\u015bm\u0119 do w\u0142asnych potrzeb, a tym samym lepiej zabezpieczy\u0107 towary przed wysy\u0142k\u0105, czy magazynowaniem.<\/p>\n\n\n\n<p>Je\u017celi potrzebujesz pomocy przy wyborze opakowa\u0144, skontaktuj si\u0119 z nami poprzez nr. tel.:&nbsp;<strong>801&nbsp;55 3000*<\/strong>&nbsp;lub e-mail:&nbsp;<a href=\"mailto:poczta@rajapack.pl\">poczta@rajapack.pl<\/a>. Nasi specjali\u015bci pomog\u0105 wybra\u0107 Ci najlepsze rozwi\u0105zania opakowaniowe, dostosowane do specyfiki firmy.<\/p>\n\n\n\n<p>*<em>Koszt wed\u0142ug taryfy operatora.<\/em><\/p>\n","protected":false},"excerpt":{"rendered":"<p>Ta\u015bma samoprzylepna to jeden z tych produkt\u00f3w, kt\u00f3ry &#8211; w powszechnym mniemaniu &#8211; nie kryje \u017cadnych tajemnic, a wiele os\u00f3b nie zaprz\u0105ta sobie g\u0142owy wyborem jej odpowiedniego rodzaju. To b\u0142\u0105d, [&#8230;]<\/p>\n","protected":false},"author":39,"featured_media":1128,"comment_status":"open","ping_status":"open","sticky":false,"template":"","format":"standard","meta":{"_acf_changed":false,"footnotes":""},"categories":[251],"tags":[],"class_list":["post-1126","post","type-post","status-publish","format-standard","has-post-thumbnail","hentry","category-wysylanie-roznych-przedmiotow"],"acf":[],"yoast_head":"\n<title>Ta\u015bma samoprzylepna \u2013 poznaj j\u0105 lepiej! | Blog RAJA<\/title>\n<meta name=\"description\" content=\"Ta\u015bma polipropylenowa czy PCV? Poznaj r\u00f3\u017cne rodzaje i w\u0142a\u015bciwo\u015bci ta\u015bm samoprzylepnych.\" \/>\n<meta name=\"robots\" content=\"index, follow, max-snippet:-1, max-image-preview:large, max-video-preview:-1\" \/>\n<link rel=\"canonical\" href=\"https:\/\/www.rajapack.pl\/blog-pl\/tasma-samoprzylepna-poznaj-ja-lepiej\" \/>\n<meta property=\"og:locale\" content=\"pl_PL\" \/>\n<meta property=\"og:type\" content=\"article\" \/>\n<meta property=\"og:title\" content=\"Ta\u015bma samoprzylepna \u2013 poznaj j\u0105 lepiej! | Blog RAJA\" \/>\n<meta property=\"og:description\" content=\"Ta\u015bma polipropylenowa czy PCV? Poznaj r\u00f3\u017cne rodzaje i w\u0142a\u015bciwo\u015bci ta\u015bm samoprzylepnych.\" \/>\n<meta property=\"og:url\" content=\"https:\/\/www.rajapack.pl\/blog-pl\/tasma-samoprzylepna-poznaj-ja-lepiej\" \/>\n<meta property=\"og:site_name\" content=\"BIZNES DOBRZE OPAKOWANY\" \/>\n<meta property=\"article:published_time\" content=\"2019-04-09T14:13:55+00:00\" \/>\n<meta property=\"article:modified_time\" content=\"2023-01-17T11:08:31+00:00\" \/>\n<meta property=\"og:image\" content=\"https:\/\/www.rajapack.pl\/blog-pl\/wp-content\/uploads\/2019\/04\/tasma_samoprzylepna-rajapack.jpg\" \/>\n\t<meta property=\"og:image:width\" content=\"712\" \/>\n\t<meta property=\"og:image:height\" content=\"400\" \/>\n\t<meta property=\"og:image:type\" content=\"image\/jpeg\" \/>\n<meta name=\"author\" content=\"RAJA\" \/>\n<meta name=\"twitter:card\" content=\"summary_large_image\" \/>\n<meta name=\"twitter:label1\" content=\"Napisane przez\" \/>\n\t<meta name=\"twitter:data1\" content=\"RAJA\" \/>\n\t<meta name=\"twitter:label2\" content=\"Szacowany czas czytania\" \/>\n\t<meta name=\"twitter:data2\" content=\"3 minuty\" \/>\n<script type=\"application\/ld+json\" class=\"yoast-schema-graph\">{\n\t    \"@context\": \"https:\/\/schema.org\",\n\t    \"@graph\": [\n\t        {\n\t            \"@type\": \"WebPage\",\n\t            \"@id\": \"https:\/\/www.rajapack.pl\/blog-pl\/tasma-samoprzylepna-poznaj-ja-lepiej\",\n\t            \"url\": \"https:\/\/www.rajapack.pl\/blog-pl\/tasma-samoprzylepna-poznaj-ja-lepiej\",\n\t            \"name\": \"Ta\u015bma samoprzylepna \u2013 poznaj j\u0105 lepiej! | Blog RAJA\",\n\t            \"isPartOf\": {\n\t                \"@id\": \"https:\/\/www.rajapack.pl\/blog-pl\/#website\"\n\t            },\n\t            \"primaryImageOfPage\": {\n\t                \"@id\": \"https:\/\/www.rajapack.pl\/blog-pl\/tasma-samoprzylepna-poznaj-ja-lepiej#primaryimage\"\n\t            },\n\t            \"image\": {\n\t                \"@id\": \"https:\/\/www.rajapack.pl\/blog-pl\/tasma-samoprzylepna-poznaj-ja-lepiej#primaryimage\"\n\t            },\n\t            \"thumbnailUrl\": \"https:\/\/www.rajapack.pl\/blog-pl\/wp-content\/uploads\/2019\/04\/tasma_samoprzylepna-rajapack.jpg\",\n\t            \"datePublished\": \"2019-04-09T14:13:55+00:00\",\n\t            \"dateModified\": \"2023-01-17T11:08:31+00:00\",\n\t            \"author\": {\n\t                \"@id\": \"https:\/\/www.rajapack.pl\/blog-pl\/#\/schema\/person\/9bcea0d1de41f7096a6854720473a792\"\n\t            },\n\t            \"description\": \"Ta\u015bma polipropylenowa czy PCV? Poznaj r\u00f3\u017cne rodzaje i w\u0142a\u015bciwo\u015bci ta\u015bm samoprzylepnych.\",\n\t            \"inLanguage\": \"pl-PL\",\n\t            \"potentialAction\": [\n\t                {\n\t                    \"@type\": \"ReadAction\",\n\t                    \"target\": [\n\t                        \"https:\/\/www.rajapack.pl\/blog-pl\/tasma-samoprzylepna-poznaj-ja-lepiej\"\n\t                    ]\n\t                }\n\t            ]\n\t        },\n\t        {\n\t            \"@type\": \"ImageObject\",\n\t            \"inLanguage\": \"pl-PL\",\n\t            \"@id\": \"https:\/\/www.rajapack.pl\/blog-pl\/tasma-samoprzylepna-poznaj-ja-lepiej#primaryimage\",\n\t            \"url\": \"https:\/\/www.rajapack.pl\/blog-pl\/wp-content\/uploads\/2019\/04\/tasma_samoprzylepna-rajapack.jpg\",\n\t            \"contentUrl\": \"https:\/\/www.rajapack.pl\/blog-pl\/wp-content\/uploads\/2019\/04\/tasma_samoprzylepna-rajapack.jpg\",\n\t            \"width\": 712,\n\t            \"height\": 400\n\t        },\n\t        {\n\t            \"@type\": \"WebSite\",\n\t            \"@id\": \"https:\/\/www.rajapack.pl\/blog-pl\/#website\",\n\t            \"url\": \"https:\/\/www.rajapack.pl\/blog-pl\/\",\n\t            \"name\": \"BIZNES DOBRZE OPAKOWANY\",\n\t            \"description\": \"Porady ekspert\u00f3w do spraw opakowa\u0144\",\n\t            \"potentialAction\": [\n\t                {\n\t                    \"@type\": \"SearchAction\",\n\t                    \"target\": {\n\t                        \"@type\": \"EntryPoint\",\n\t                        \"urlTemplate\": \"https:\/\/www.rajapack.pl\/blog-pl\/?s={search_term_string}\"\n\t                    },\n\t                    \"query-input\": \"required name=search_term_string\"\n\t                }\n\t            ],\n\t            \"inLanguage\": \"pl-PL\"\n\t        },\n\t        {\n\t            \"@type\": \"Person\",\n\t            \"@id\": \"https:\/\/www.rajapack.pl\/blog-pl\/#\/schema\/person\/9bcea0d1de41f7096a6854720473a792\",\n\t            \"name\": \"RAJA\",\n\t            \"image\": {\n\t                \"@type\": \"ImageObject\",\n\t                \"inLanguage\": \"pl-PL\",\n\t                \"@id\": \"https:\/\/www.rajapack.pl\/blog-pl\/#\/schema\/person\/image\/\",\n\t                \"url\": \"https:\/\/secure.gravatar.com\/avatar\/afae8669568c1f323e00733847251eb5?s=96&d=mm&r=g\",\n\t                \"contentUrl\": \"https:\/\/secure.gravatar.com\/avatar\/afae8669568c1f323e00733847251eb5?s=96&d=mm&r=g\",\n\t                \"caption\": \"RAJA\"\n\t            },\n\t            \"url\": \"https:\/\/www.rajapack.pl\/blog-pl\/author\/ajoniuk\"\n\t        }\n\t    ]\n\t}<\/script>\n","yoast_head_json":{"title":"Ta\u015bma samoprzylepna \u2013 poznaj j\u0105 lepiej! | Blog RAJA","description":"Ta\u015bma polipropylenowa czy PCV? Poznaj r\u00f3\u017cne rodzaje i w\u0142a\u015bciwo\u015bci ta\u015bm samoprzylepnych.","robots":{"index":"index","follow":"follow","max-snippet":"max-snippet:-1","max-image-preview":"max-image-preview:large","max-video-preview":"max-video-preview:-1"},"canonical":"https:\/\/www.rajapack.pl\/blog-pl\/tasma-samoprzylepna-poznaj-ja-lepiej","og_locale":"pl_PL","og_type":"article","og_title":"Ta\u015bma samoprzylepna \u2013 poznaj j\u0105 lepiej! | Blog RAJA","og_description":"Ta\u015bma polipropylenowa czy PCV? Poznaj r\u00f3\u017cne rodzaje i w\u0142a\u015bciwo\u015bci ta\u015bm samoprzylepnych.","og_url":"https:\/\/www.rajapack.pl\/blog-pl\/tasma-samoprzylepna-poznaj-ja-lepiej","og_site_name":"BIZNES DOBRZE OPAKOWANY","article_published_time":"2019-04-09T14:13:55+00:00","article_modified_time":"2023-01-17T11:08:31+00:00","og_image":[{"width":712,"height":400,"url":"https:\/\/www.rajapack.pl\/blog-pl\/wp-content\/uploads\/2019\/04\/tasma_samoprzylepna-rajapack.jpg","type":"image\/jpeg"}],"author":"RAJA","twitter_card":"summary_large_image","twitter_misc":{"Napisane przez":"RAJA","Szacowany czas czytania":"3 minuty"},"schema":{"@context":"https:\/\/schema.org","@graph":[{"@type":"WebPage","@id":"https:\/\/www.rajapack.pl\/blog-pl\/tasma-samoprzylepna-poznaj-ja-lepiej","url":"https:\/\/www.rajapack.pl\/blog-pl\/tasma-samoprzylepna-poznaj-ja-lepiej","name":"Ta\u015bma samoprzylepna \u2013 poznaj j\u0105 lepiej! | Blog RAJA","isPartOf":{"@id":"https:\/\/www.rajapack.pl\/blog-pl\/#website"},"primaryImageOfPage":{"@id":"https:\/\/www.rajapack.pl\/blog-pl\/tasma-samoprzylepna-poznaj-ja-lepiej#primaryimage"},"image":{"@id":"https:\/\/www.rajapack.pl\/blog-pl\/tasma-samoprzylepna-poznaj-ja-lepiej#primaryimage"},"thumbnailUrl":"https:\/\/www.rajapack.pl\/blog-pl\/wp-content\/uploads\/2019\/04\/tasma_samoprzylepna-rajapack.jpg","datePublished":"2019-04-09T14:13:55+00:00","dateModified":"2023-01-17T11:08:31+00:00","author":{"@id":"https:\/\/www.rajapack.pl\/blog-pl\/#\/schema\/person\/9bcea0d1de41f7096a6854720473a792"},"description":"Ta\u015bma polipropylenowa czy PCV? Poznaj r\u00f3\u017cne rodzaje i w\u0142a\u015bciwo\u015bci ta\u015bm samoprzylepnych.","inLanguage":"pl-PL","potentialAction":[{"@type":"ReadAction","target":["https:\/\/www.rajapack.pl\/blog-pl\/tasma-samoprzylepna-poznaj-ja-lepiej"]}]},{"@type":"ImageObject","inLanguage":"pl-PL","@id":"https:\/\/www.rajapack.pl\/blog-pl\/tasma-samoprzylepna-poznaj-ja-lepiej#primaryimage","url":"https:\/\/www.rajapack.pl\/blog-pl\/wp-content\/uploads\/2019\/04\/tasma_samoprzylepna-rajapack.jpg","contentUrl":"https:\/\/www.rajapack.pl\/blog-pl\/wp-content\/uploads\/2019\/04\/tasma_samoprzylepna-rajapack.jpg","width":712,"height":400},{"@type":"WebSite","@id":"https:\/\/www.rajapack.pl\/blog-pl\/#website","url":"https:\/\/www.rajapack.pl\/blog-pl\/","name":"BIZNES DOBRZE OPAKOWANY","description":"Porady ekspert\u00f3w do spraw opakowa\u0144","potentialAction":[{"@type":"SearchAction","target":{"@type":"EntryPoint","urlTemplate":"https:\/\/www.rajapack.pl\/blog-pl\/?s={search_term_string}"},"query-input":"required name=search_term_string"}],"inLanguage":"pl-PL"},{"@type":"Person","@id":"https:\/\/www.rajapack.pl\/blog-pl\/#\/schema\/person\/9bcea0d1de41f7096a6854720473a792","name":"RAJA","image":{"@type":"ImageObject","inLanguage":"pl-PL","@id":"https:\/\/www.rajapack.pl\/blog-pl\/#\/schema\/person\/image\/","url":"https:\/\/secure.gravatar.com\/avatar\/afae8669568c1f323e00733847251eb5?s=96&d=mm&r=g","contentUrl":"https:\/\/secure.gravatar.com\/avatar\/afae8669568c1f323e00733847251eb5?s=96&d=mm&r=g","caption":"RAJA"},"url":"https:\/\/www.rajapack.pl\/blog-pl\/author\/ajoniuk"}]}},"_links":{"self":[{"href":"https:\/\/www.rajapack.pl\/blog-pl\/wp-json\/wp\/v2\/posts\/1126"}],"collection":[{"href":"https:\/\/www.rajapack.pl\/blog-pl\/wp-json\/wp\/v2\/posts"}],"about":[{"href":"https:\/\/www.rajapack.pl\/blog-pl\/wp-json\/wp\/v2\/types\/post"}],"author":[{"embeddable":true,"href":"https:\/\/www.rajapack.pl\/blog-pl\/wp-json\/wp\/v2\/users\/39"}],"replies":[{"embeddable":true,"href":"https:\/\/www.rajapack.pl\/blog-pl\/wp-json\/wp\/v2\/comments?post=1126"}],"version-history":[{"count":0,"href":"https:\/\/www.rajapack.pl\/blog-pl\/wp-json\/wp\/v2\/posts\/1126\/revisions"}],"wp:featuredmedia":[{"embeddable":true,"href":"https:\/\/www.rajapack.pl\/blog-pl\/wp-json\/wp\/v2\/media\/1128"}],"wp:attachment":[{"href":"https:\/\/www.rajapack.pl\/blog-pl\/wp-json\/wp\/v2\/media?parent=1126"}],"wp:term":[{"taxonomy":"category","embeddable":true,"href":"https:\/\/www.rajapack.pl\/blog-pl\/wp-json\/wp\/v2\/categories?post=1126"},{"taxonomy":"post_tag","embeddable":true,"href":"https:\/\/www.rajapack.pl\/blog-pl\/wp-json\/wp\/v2\/tags?post=1126"}],"curies":[{"name":"wp","href":"https:\/\/api.w.org\/{rel}","templated":true}]}}