{"id":111,"date":"2017-10-09T12:38:36","date_gmt":"2017-10-09T11:38:36","guid":{"rendered":"https:\/\/www.rajapack.pl\/blog-pl\/?p=111"},"modified":"2023-01-17T12:06:55","modified_gmt":"2023-01-17T11:06:55","slug":"rozmiary-rodzaje-koperty-babelkowe","status":"publish","type":"post","link":"https:\/\/www.rajapack.pl\/blog-pl\/rozmiary-rodzaje-koperty-babelkowe","title":{"rendered":"Rozmiary i rodzaje kopert b\u0105belkowych"},"content":{"rendered":"<p>Folia b\u0105belkowa: niezawodna, tania i niezb\u0119dna podczas pakowania produkt\u00f3w ma\u0142o odpornych na uszkodzenia i wilgo\u0107. Wype\u0142niona powietrzem, w \u015bwietny spos\u00f3b amortyzuje towary przed wstrz\u0105sami, a zatem dzia\u0142a w spos\u00f3b podobny do samochodowych poduszek powietrznych.<\/p>\n<p>Przygotowuj\u0105c do wysy\u0142ki produkty ma\u0142ogabarytowe i jednocze\u015bnie delikatne, takie jak p\u0142yty CD, bi\u017cuteria, dodatki, a nawet odzie\u017c, warto si\u0119gn\u0105\u0107 po sprytne rozwi\u0105zanie \u2018dwa w jednym\u2019, jakim jest koperta b\u0105belkowa.<\/p>\n<div id=\"ez-toc-container\" class=\"ez-toc-v2_0_67_1 counter-hierarchy ez-toc-counter ez-toc-grey ez-toc-container-direction\">\n<div class=\"ez-toc-title-container\">\n<p class=\"ez-toc-title \" >Table of Contents<\/p>\n<span class=\"ez-toc-title-toggle\"><a href=\"#\" class=\"ez-toc-pull-right ez-toc-btn ez-toc-btn-xs ez-toc-btn-default ez-toc-toggle\" aria-label=\"Toggle Table of Content\"><span class=\"ez-toc-js-icon-con\"><span class=\"\"><span class=\"eztoc-hide\" style=\"display:none;\">Toggle<\/span><span class=\"ez-toc-icon-toggle-span\"><svg style=\"fill: #999;color:#999\" xmlns=\"http:\/\/www.w3.org\/2000\/svg\" class=\"list-377408\" width=\"20px\" height=\"20px\" viewBox=\"0 0 24 24\" fill=\"none\"><path d=\"M6 6H4v2h2V6zm14 0H8v2h12V6zM4 11h2v2H4v-2zm16 0H8v2h12v-2zM4 16h2v2H4v-2zm16 0H8v2h12v-2z\" fill=\"currentColor\"><\/path><\/svg><svg style=\"fill: #999;color:#999\" class=\"arrow-unsorted-368013\" xmlns=\"http:\/\/www.w3.org\/2000\/svg\" width=\"10px\" height=\"10px\" viewBox=\"0 0 24 24\" version=\"1.2\" baseProfile=\"tiny\"><path d=\"M18.2 9.3l-6.2-6.3-6.2 6.3c-.2.2-.3.4-.3.7s.1.5.3.7c.2.2.4.3.7.3h11c.3 0 .5-.1.7-.3.2-.2.3-.5.3-.7s-.1-.5-.3-.7zM5.8 14.7l6.2 6.3 6.2-6.3c.2-.2.3-.5.3-.7s-.1-.5-.3-.7c-.2-.2-.4-.3-.7-.3h-11c-.3 0-.5.1-.7.3-.2.2-.3.5-.3.7s.1.5.3.7z\"\/><\/svg><\/span><\/span><\/span><\/a><\/span><\/div>\n<nav><ul class='ez-toc-list ez-toc-list-level-1 ' ><li class='ez-toc-page-1 ez-toc-heading-level-2'><a class=\"ez-toc-link ez-toc-heading-1\" href=\"https:\/\/www.rajapack.pl\/blog-pl\/rozmiary-rodzaje-koperty-babelkowe\/#Rozmiary_kopert_babelkowych\" title=\"Rozmiary kopert b\u0105belkowych \">Rozmiary kopert b\u0105belkowych <\/a><\/li><li class='ez-toc-page-1 ez-toc-heading-level-2'><a class=\"ez-toc-link ez-toc-heading-2\" href=\"https:\/\/www.rajapack.pl\/blog-pl\/rozmiary-rodzaje-koperty-babelkowe\/#Rodzaje_kopert_babelkowych\" title=\"Rodzaje kopert b\u0105belkowych\">Rodzaje kopert b\u0105belkowych<\/a><\/li><li class='ez-toc-page-1 ez-toc-heading-level-2'><a class=\"ez-toc-link ez-toc-heading-3\" href=\"https:\/\/www.rajapack.pl\/blog-pl\/rozmiary-rodzaje-koperty-babelkowe\/#Ceny_kopert_babelkowych\" title=\"Ceny kopert b\u0105belkowych\">Ceny kopert b\u0105belkowych<\/a><\/li><\/ul><\/nav><\/div>\n<h2><span class=\"ez-toc-section\" id=\"Rozmiary_kopert_babelkowych\"><\/span><strong>Rozmiary kopert b\u0105belkowych <\/strong><span class=\"ez-toc-section-end\"><\/span><\/h2>\n<p>Wymiar kopert b\u0105belkowych nie jest uniwersalny. Wielko\u015b\u0107 pakowanego towaru gra w tym przypadku najwa\u017cniejsz\u0105 rol\u0119, a zatem nie ma potrzeby, aby kolczyki by\u0142y umieszczone w kopercie, kt\u00f3ra pomie\u015bci koszulk\u0119. Dlatego te\u017c w naszej ofercie istnieje bogaty wyb\u00f3r rozmiar\u00f3w <a href=\"https:\/\/www.rajapack.pl\/koperty-tuby\/koperty-z-folia-babelkowa\/koperty-babelkowe_C121010.html\">kopert b\u0105belkowych<\/a>, dzi\u0119ki czemu ka\u017cdy znajdzie co\u015b odpowiedniego do swoich potrzeb.<\/p>\n<p>Koperty o wysoko\u015bci wewn\u0119trznej 16 cm b\u0119d\u0105 wystarczaj\u0105ce, by spakowa\u0107 p\u0142yt\u0119 CD czy te\u017c bi\u017cuteri\u0119. Nieco wi\u0119ksze, (21, 26 cm) \u015bwietnie si\u0119 sprawdz\u0105 do wysy\u0142ki ksi\u0105\u017cek, za\u015b te o wymiarach 33, 36 cm b\u0119d\u0105 odpowiednie, by zapakowa\u0107 bluzk\u0119, czy inny, mniejszy element garderoby. <a href=\"https:\/\/www.rajapack.pl\/koperty-tuby_C12.html\">Koperty<\/a> powy\u017cej 40 cm (44, 47 cm) s\u0105 do\u015b\u0107 du\u017ce w por\u00f3wnaniu z ww. wi\u0119c mo\u017cna do nich zapakowa\u0107 towary wi\u0119ksze.<\/p>\n<h2><span class=\"ez-toc-section\" id=\"Rodzaje_kopert_babelkowych\"><\/span><strong>Rodzaje kopert b\u0105belkowych<\/strong><span class=\"ez-toc-section-end\"><\/span><\/h2>\n<p>Najbardziej popularnymi kopertami s\u0105 te wykonane z papieru pakowego. Jest to materia\u0142 wytrzyma\u0142y, a solidne wykonanie kopert (s\u0105 one precyzyjnie zgrzane na bokach) gwarantuje , \u017ce nie rozpadn\u0105 si\u0119 podczas przesy\u0142ki.<\/p>\n<p>Br\u0105zowy kolor sprawia, \u017ce na przesy\u0142ce nie wida\u0107 drobnych zabrudze\u0144, jakie mog\u0105 si\u0119 pojawi\u0107 podczas transportu czy magazynowania, za\u015b koperty bia\u0142e s\u0105 ponadczasowe i bardziej eleganckie. Warto doda\u0107, \u017ce <a href=\"https:\/\/www.rajapack.pl\/folia-babelkowa-wypelniacze\/folia-babelkowa-poduszki\/folia-babelkowa_C141010.html\">folia b\u0105belkowa<\/a>, kt\u00f3ra znajduje si\u0119 wewn\u0105trz opakowania, jest tak\u017ce wzbogacona barier\u0105 uszczelniaj\u0105c\u0105.<\/p>\n<p>Zale\u017cnie od ilo\u015bci przygotowywanych przesy\u0142ek, mo\u017cna zam\u00f3wi\u0107 paczk\u0119 zawieraj\u0105c\u0105 od 50 do nawet 200 kopert. Kolejnym rodzajem s\u0105 <a href=\"https:\/\/www.rajapack.pl\/koperty-tuby\/koperty-foliowe_C1211.html\">koperty foliowe<\/a>, bardziej wytrzyma\u0142e od kopert papierowych.<\/p>\n<p>Podw\u00f3jnie chroni\u0105 przed wilgoci\u0105 i nieprzewidzianym zalaniem, a dodatkowo s\u0105 l\u017cejsze. Dost\u0119pne w naszej ofercie paczki z kopertami tego typu zawieraj\u0105 50 oraz 100 sztuk. Trzeba koniecznie doda\u0107, \u017ce obydwa rodzaje <a href=\"https:\/\/www.rajapack.pl\/kartony-pudelka-opakowania-kartonowe\/kartony-pocztowe-opakowania-wysylkowe_C1140.html\">kopert b\u0105belkowych<\/a> posiadaj\u0105 wygodne, samozaklejaj\u0105ce si\u0119 zamkni\u0119cie.<\/p>\n<h2><span class=\"ez-toc-section\" id=\"Ceny_kopert_babelkowych\"><\/span><strong>Ceny kopert b\u0105belkowych<\/strong><span class=\"ez-toc-section-end\"><\/span><\/h2>\n<p>Ceny s\u0105 uzale\u017cnione od wielko\u015bci kopert oraz od ilo\u015bci zamawianych paczek. Im wi\u0119ksza ilo\u015b\u0107, tym cena za kopert\u0119 jest ni\u017csza. Rabat naliczany jest do zam\u00f3wie\u0144 zawieraj\u0105cych 2 paczki (20%) oraz wi\u0119kszych.<\/p>\n<p>Przyk\u0142adowo, koperta papierowa o wielko\u015bci 16 cm (wysoko\u015b\u0107 wewn\u0119trzna), przy zam\u00f3wieniu pojedynczej paczki kosztuje 0,34 z\u0142, natomiast zamawiaj\u0105c 8 paczek, cena za kopert\u0119 spada o 40 %, wi\u0119c wynosi 0,19 z\u0142. Koperty foliowe s\u0105 nieco dro\u017csze, jednak przy wi\u0119kszych zam\u00f3wieniach tak\u017ce uwzgl\u0119dniane s\u0105 zni\u017cki.<\/p>\n<p>Szczeg\u00f3\u0142y koszty i ceny kopert b\u0105belkowych dost\u0119pne s\u0105 na poszczeg\u00f3lnych stronach produkt\u00f3w, np. <a href=\"https:\/\/www.rajapack.pl\/koperty-tuby\/koperty-z-folia-babelkowa\/koperty-babelkowe\/koperta-babelkowa-foliowa-mail-lite_PDT01499.html\">TU<\/a>.<\/p>\n","protected":false},"excerpt":{"rendered":"<p>Folia b\u0105belkowa: niezawodna, tania i niezb\u0119dna podczas pakowania produkt\u00f3w ma\u0142o odpornych na uszkodzenia i wilgo\u0107. Wype\u0142niona powietrzem, w \u015bwietny spos\u00f3b amortyzuje towary przed wstrz\u0105sami, a zatem dzia\u0142a w spos\u00f3b podobny [&#8230;]<\/p>\n","protected":false},"author":39,"featured_media":172,"comment_status":"open","ping_status":"open","sticky":false,"template":"","format":"standard","meta":{"_acf_changed":false,"footnotes":""},"categories":[251],"tags":[],"class_list":["post-111","post","type-post","status-publish","format-standard","has-post-thumbnail","hentry","category-wysylanie-roznych-przedmiotow"],"acf":[],"yoast_head":"\n<title>Rozmiary i rodzaje kopert b\u0105belkowych | Blog RAJA<\/title>\n<meta name=\"description\" content=\"Przygotowuj\u0105c do wysy\u0142ki produkty ma\u0142ogabarytowe i jednocze\u015bnie delikatne, takie jak p\u0142yty CD, bi\u017cuteria, dodatki, a nawet odzie\u017c, warto si\u0119gn\u0105\u0107 po sprytne rozwi\u0105zanie \u2018dwa w jednym\u2019, jakim jest koperta b\u0105belkowa.\" \/>\n<meta name=\"robots\" content=\"index, follow, max-snippet:-1, max-image-preview:large, max-video-preview:-1\" \/>\n<link rel=\"canonical\" href=\"https:\/\/www.rajapack.pl\/blog-pl\/rozmiary-rodzaje-koperty-babelkowe\" \/>\n<meta property=\"og:locale\" content=\"pl_PL\" \/>\n<meta property=\"og:type\" content=\"article\" \/>\n<meta property=\"og:title\" content=\"Rozmiary i rodzaje kopert b\u0105belkowych | Blog RAJA\" \/>\n<meta property=\"og:description\" content=\"Przygotowuj\u0105c do wysy\u0142ki produkty ma\u0142ogabarytowe i jednocze\u015bnie delikatne, takie jak p\u0142yty CD, bi\u017cuteria, dodatki, a nawet odzie\u017c, warto si\u0119gn\u0105\u0107 po sprytne rozwi\u0105zanie \u2018dwa w jednym\u2019, jakim jest koperta b\u0105belkowa.\" \/>\n<meta property=\"og:url\" content=\"https:\/\/www.rajapack.pl\/blog-pl\/rozmiary-rodzaje-koperty-babelkowe\" \/>\n<meta property=\"og:site_name\" content=\"BIZNES DOBRZE OPAKOWANY\" \/>\n<meta property=\"article:published_time\" content=\"2017-10-09T11:38:36+00:00\" \/>\n<meta property=\"article:modified_time\" content=\"2023-01-17T11:06:55+00:00\" \/>\n<meta property=\"og:image\" content=\"https:\/\/www.rajapack.pl\/blog-pl\/wp-content\/uploads\/2017\/10\/1707_Rajapack_KopertyBabelkowe.jpg\" \/>\n\t<meta property=\"og:image:width\" content=\"1912\" \/>\n\t<meta property=\"og:image:height\" content=\"1012\" \/>\n\t<meta property=\"og:image:type\" content=\"image\/jpeg\" \/>\n<meta name=\"author\" content=\"RAJA\" \/>\n<meta name=\"twitter:card\" content=\"summary_large_image\" \/>\n<meta name=\"twitter:label1\" content=\"Napisane przez\" \/>\n\t<meta name=\"twitter:data1\" content=\"RAJA\" \/>\n\t<meta name=\"twitter:label2\" content=\"Szacowany czas czytania\" \/>\n\t<meta name=\"twitter:data2\" content=\"2 minuty\" \/>\n<script type=\"application\/ld+json\" class=\"yoast-schema-graph\">{\n\t    \"@context\": \"https:\/\/schema.org\",\n\t    \"@graph\": [\n\t        {\n\t            \"@type\": \"WebPage\",\n\t            \"@id\": \"https:\/\/www.rajapack.pl\/blog-pl\/rozmiary-rodzaje-koperty-babelkowe\",\n\t            \"url\": \"https:\/\/www.rajapack.pl\/blog-pl\/rozmiary-rodzaje-koperty-babelkowe\",\n\t            \"name\": \"Rozmiary i rodzaje kopert b\u0105belkowych | Blog RAJA\",\n\t            \"isPartOf\": {\n\t                \"@id\": \"https:\/\/www.rajapack.pl\/blog-pl\/#website\"\n\t            },\n\t            \"primaryImageOfPage\": {\n\t                \"@id\": \"https:\/\/www.rajapack.pl\/blog-pl\/rozmiary-rodzaje-koperty-babelkowe#primaryimage\"\n\t            },\n\t            \"image\": {\n\t                \"@id\": \"https:\/\/www.rajapack.pl\/blog-pl\/rozmiary-rodzaje-koperty-babelkowe#primaryimage\"\n\t            },\n\t            \"thumbnailUrl\": \"https:\/\/www.rajapack.pl\/blog-pl\/wp-content\/uploads\/2017\/10\/1707_Rajapack_KopertyBabelkowe.jpg\",\n\t            \"datePublished\": \"2017-10-09T11:38:36+00:00\",\n\t            \"dateModified\": \"2023-01-17T11:06:55+00:00\",\n\t            \"author\": {\n\t                \"@id\": \"https:\/\/www.rajapack.pl\/blog-pl\/#\/schema\/person\/9bcea0d1de41f7096a6854720473a792\"\n\t            },\n\t            \"description\": \"Przygotowuj\u0105c do wysy\u0142ki produkty ma\u0142ogabarytowe i jednocze\u015bnie delikatne, takie jak p\u0142yty CD, bi\u017cuteria, dodatki, a nawet odzie\u017c, warto si\u0119gn\u0105\u0107 po sprytne rozwi\u0105zanie \u2018dwa w jednym\u2019, jakim jest koperta b\u0105belkowa.\",\n\t            \"inLanguage\": \"pl-PL\",\n\t            \"potentialAction\": [\n\t                {\n\t                    \"@type\": \"ReadAction\",\n\t                    \"target\": [\n\t                        \"https:\/\/www.rajapack.pl\/blog-pl\/rozmiary-rodzaje-koperty-babelkowe\"\n\t                    ]\n\t                }\n\t            ]\n\t        },\n\t        {\n\t            \"@type\": \"ImageObject\",\n\t            \"inLanguage\": \"pl-PL\",\n\t            \"@id\": \"https:\/\/www.rajapack.pl\/blog-pl\/rozmiary-rodzaje-koperty-babelkowe#primaryimage\",\n\t            \"url\": \"https:\/\/www.rajapack.pl\/blog-pl\/wp-content\/uploads\/2017\/10\/1707_Rajapack_KopertyBabelkowe.jpg\",\n\t            \"contentUrl\": \"https:\/\/www.rajapack.pl\/blog-pl\/wp-content\/uploads\/2017\/10\/1707_Rajapack_KopertyBabelkowe.jpg\",\n\t            \"width\": 1912,\n\t            \"height\": 1012,\n\t            \"caption\": \"Koperty b\u0105belkowe\"\n\t        },\n\t        {\n\t            \"@type\": \"WebSite\",\n\t            \"@id\": \"https:\/\/www.rajapack.pl\/blog-pl\/#website\",\n\t            \"url\": \"https:\/\/www.rajapack.pl\/blog-pl\/\",\n\t            \"name\": \"BIZNES DOBRZE OPAKOWANY\",\n\t            \"description\": \"Porady ekspert\u00f3w do spraw opakowa\u0144\",\n\t            \"potentialAction\": [\n\t                {\n\t                    \"@type\": \"SearchAction\",\n\t                    \"target\": {\n\t                        \"@type\": \"EntryPoint\",\n\t                        \"urlTemplate\": \"https:\/\/www.rajapack.pl\/blog-pl\/?s={search_term_string}\"\n\t                    },\n\t                    \"query-input\": \"required name=search_term_string\"\n\t                }\n\t            ],\n\t            \"inLanguage\": \"pl-PL\"\n\t        },\n\t        {\n\t            \"@type\": \"Person\",\n\t            \"@id\": \"https:\/\/www.rajapack.pl\/blog-pl\/#\/schema\/person\/9bcea0d1de41f7096a6854720473a792\",\n\t            \"name\": \"RAJA\",\n\t            \"image\": {\n\t                \"@type\": \"ImageObject\",\n\t                \"inLanguage\": \"pl-PL\",\n\t                \"@id\": \"https:\/\/www.rajapack.pl\/blog-pl\/#\/schema\/person\/image\/\",\n\t                \"url\": \"https:\/\/secure.gravatar.com\/avatar\/afae8669568c1f323e00733847251eb5?s=96&d=mm&r=g\",\n\t                \"contentUrl\": \"https:\/\/secure.gravatar.com\/avatar\/afae8669568c1f323e00733847251eb5?s=96&d=mm&r=g\",\n\t                \"caption\": \"RAJA\"\n\t            },\n\t            \"url\": \"https:\/\/www.rajapack.pl\/blog-pl\/author\/ajoniuk\"\n\t        }\n\t    ]\n\t}<\/script>\n","yoast_head_json":{"title":"Rozmiary i rodzaje kopert b\u0105belkowych | Blog RAJA","description":"Przygotowuj\u0105c do wysy\u0142ki produkty ma\u0142ogabarytowe i jednocze\u015bnie delikatne, takie jak p\u0142yty CD, bi\u017cuteria, dodatki, a nawet odzie\u017c, warto si\u0119gn\u0105\u0107 po sprytne rozwi\u0105zanie \u2018dwa w jednym\u2019, jakim jest koperta b\u0105belkowa.","robots":{"index":"index","follow":"follow","max-snippet":"max-snippet:-1","max-image-preview":"max-image-preview:large","max-video-preview":"max-video-preview:-1"},"canonical":"https:\/\/www.rajapack.pl\/blog-pl\/rozmiary-rodzaje-koperty-babelkowe","og_locale":"pl_PL","og_type":"article","og_title":"Rozmiary i rodzaje kopert b\u0105belkowych | Blog RAJA","og_description":"Przygotowuj\u0105c do wysy\u0142ki produkty ma\u0142ogabarytowe i jednocze\u015bnie delikatne, takie jak p\u0142yty CD, bi\u017cuteria, dodatki, a nawet odzie\u017c, warto si\u0119gn\u0105\u0107 po sprytne rozwi\u0105zanie \u2018dwa w jednym\u2019, jakim jest koperta b\u0105belkowa.","og_url":"https:\/\/www.rajapack.pl\/blog-pl\/rozmiary-rodzaje-koperty-babelkowe","og_site_name":"BIZNES DOBRZE OPAKOWANY","article_published_time":"2017-10-09T11:38:36+00:00","article_modified_time":"2023-01-17T11:06:55+00:00","og_image":[{"width":1912,"height":1012,"url":"https:\/\/www.rajapack.pl\/blog-pl\/wp-content\/uploads\/2017\/10\/1707_Rajapack_KopertyBabelkowe.jpg","type":"image\/jpeg"}],"author":"RAJA","twitter_card":"summary_large_image","twitter_misc":{"Napisane przez":"RAJA","Szacowany czas czytania":"2 minuty"},"schema":{"@context":"https:\/\/schema.org","@graph":[{"@type":"WebPage","@id":"https:\/\/www.rajapack.pl\/blog-pl\/rozmiary-rodzaje-koperty-babelkowe","url":"https:\/\/www.rajapack.pl\/blog-pl\/rozmiary-rodzaje-koperty-babelkowe","name":"Rozmiary i rodzaje kopert b\u0105belkowych | Blog RAJA","isPartOf":{"@id":"https:\/\/www.rajapack.pl\/blog-pl\/#website"},"primaryImageOfPage":{"@id":"https:\/\/www.rajapack.pl\/blog-pl\/rozmiary-rodzaje-koperty-babelkowe#primaryimage"},"image":{"@id":"https:\/\/www.rajapack.pl\/blog-pl\/rozmiary-rodzaje-koperty-babelkowe#primaryimage"},"thumbnailUrl":"https:\/\/www.rajapack.pl\/blog-pl\/wp-content\/uploads\/2017\/10\/1707_Rajapack_KopertyBabelkowe.jpg","datePublished":"2017-10-09T11:38:36+00:00","dateModified":"2023-01-17T11:06:55+00:00","author":{"@id":"https:\/\/www.rajapack.pl\/blog-pl\/#\/schema\/person\/9bcea0d1de41f7096a6854720473a792"},"description":"Przygotowuj\u0105c do wysy\u0142ki produkty ma\u0142ogabarytowe i jednocze\u015bnie delikatne, takie jak p\u0142yty CD, bi\u017cuteria, dodatki, a nawet odzie\u017c, warto si\u0119gn\u0105\u0107 po sprytne rozwi\u0105zanie \u2018dwa w jednym\u2019, jakim jest koperta b\u0105belkowa.","inLanguage":"pl-PL","potentialAction":[{"@type":"ReadAction","target":["https:\/\/www.rajapack.pl\/blog-pl\/rozmiary-rodzaje-koperty-babelkowe"]}]},{"@type":"ImageObject","inLanguage":"pl-PL","@id":"https:\/\/www.rajapack.pl\/blog-pl\/rozmiary-rodzaje-koperty-babelkowe#primaryimage","url":"https:\/\/www.rajapack.pl\/blog-pl\/wp-content\/uploads\/2017\/10\/1707_Rajapack_KopertyBabelkowe.jpg","contentUrl":"https:\/\/www.rajapack.pl\/blog-pl\/wp-content\/uploads\/2017\/10\/1707_Rajapack_KopertyBabelkowe.jpg","width":1912,"height":1012,"caption":"Koperty b\u0105belkowe"},{"@type":"WebSite","@id":"https:\/\/www.rajapack.pl\/blog-pl\/#website","url":"https:\/\/www.rajapack.pl\/blog-pl\/","name":"BIZNES DOBRZE OPAKOWANY","description":"Porady ekspert\u00f3w do spraw opakowa\u0144","potentialAction":[{"@type":"SearchAction","target":{"@type":"EntryPoint","urlTemplate":"https:\/\/www.rajapack.pl\/blog-pl\/?s={search_term_string}"},"query-input":"required name=search_term_string"}],"inLanguage":"pl-PL"},{"@type":"Person","@id":"https:\/\/www.rajapack.pl\/blog-pl\/#\/schema\/person\/9bcea0d1de41f7096a6854720473a792","name":"RAJA","image":{"@type":"ImageObject","inLanguage":"pl-PL","@id":"https:\/\/www.rajapack.pl\/blog-pl\/#\/schema\/person\/image\/","url":"https:\/\/secure.gravatar.com\/avatar\/afae8669568c1f323e00733847251eb5?s=96&d=mm&r=g","contentUrl":"https:\/\/secure.gravatar.com\/avatar\/afae8669568c1f323e00733847251eb5?s=96&d=mm&r=g","caption":"RAJA"},"url":"https:\/\/www.rajapack.pl\/blog-pl\/author\/ajoniuk"}]}},"_links":{"self":[{"href":"https:\/\/www.rajapack.pl\/blog-pl\/wp-json\/wp\/v2\/posts\/111"}],"collection":[{"href":"https:\/\/www.rajapack.pl\/blog-pl\/wp-json\/wp\/v2\/posts"}],"about":[{"href":"https:\/\/www.rajapack.pl\/blog-pl\/wp-json\/wp\/v2\/types\/post"}],"author":[{"embeddable":true,"href":"https:\/\/www.rajapack.pl\/blog-pl\/wp-json\/wp\/v2\/users\/39"}],"replies":[{"embeddable":true,"href":"https:\/\/www.rajapack.pl\/blog-pl\/wp-json\/wp\/v2\/comments?post=111"}],"version-history":[{"count":0,"href":"https:\/\/www.rajapack.pl\/blog-pl\/wp-json\/wp\/v2\/posts\/111\/revisions"}],"wp:featuredmedia":[{"embeddable":true,"href":"https:\/\/www.rajapack.pl\/blog-pl\/wp-json\/wp\/v2\/media\/172"}],"wp:attachment":[{"href":"https:\/\/www.rajapack.pl\/blog-pl\/wp-json\/wp\/v2\/media?parent=111"}],"wp:term":[{"taxonomy":"category","embeddable":true,"href":"https:\/\/www.rajapack.pl\/blog-pl\/wp-json\/wp\/v2\/categories?post=111"},{"taxonomy":"post_tag","embeddable":true,"href":"https:\/\/www.rajapack.pl\/blog-pl\/wp-json\/wp\/v2\/tags?post=111"}],"curies":[{"name":"wp","href":"https:\/\/api.w.org\/{rel}","templated":true}]}}