{"id":1076,"date":"2019-03-26T13:41:50","date_gmt":"2019-03-26T12:41:50","guid":{"rendered":"https:\/\/www.rajapack.pl\/blog-pl\/?p=1076"},"modified":"2023-01-17T11:31:42","modified_gmt":"2023-01-17T10:31:42","slug":"grupa-raja-oglasza-podpisanie-paneuropejskiego-kontraktu-z-general-electric","status":"publish","type":"post","link":"https:\/\/www.rajapack.pl\/blog-pl\/grupa-raja-oglasza-podpisanie-paneuropejskiego-kontraktu-z-general-electric","title":{"rendered":"Grupa RAJA og\u0142asza podpisanie paneuropejskiego kontraktu z General Electric"},"content":{"rendered":"\n<p style=\"text-align:right\"><strong>Informacja Prasowa<br>Roissy, dn., 4.12.2018<\/strong><\/p>\n\n\n\n<hr class=\"wp-block-separator\"\/>\n\n\n\n<p><strong>Grupa RAJA podpisa\u0142a paneuropejski kontrakt z General Electric Group, obejmuj\u0105cy wszystkie sp\u00f3\u0142ki General Electric, dzia\u0142aj\u0105ce we wszystkich 18 krajach europejskich, w kt\u00f3rych dzia\u0142a Grupa RAJA.<br><\/strong><strong>Europejski lider w dystrybucji opakowa\u0144, materia\u0142\u00f3w eksploatacyjnych i sprz\u0119tu dla firm jest obecnie jednym z 3 najwi\u0119kszych dostawc\u00f3w dla GE w Europie. Kontrakt ten wpisuje si\u0119 w strategi\u0119 RAJA, polegaj\u0105cej na wspieraniu g\u0142\u00f3wnych klient\u00f3w w optymalizacji ich zakup\u00f3w na poziomie mi\u0119dzynarodowym.<\/strong><\/p>\n\n\n\n<p><br>Ta trzyletnia umowa wzmacnia partnerstwo, kt\u00f3re dwie wy\u017cej wymienione grupy nawi\u0105za\u0142y ju\u017c kilka lat temu. Od 1 czerwca 2018 roku, kontrakt zapewnia grupie GE dost\u0119p do ca\u0142ej oferty firmy RAJA w Europie \u2013 ponad 10 000 produkt\u00f3w opakowaniowych i wyposa\u017cenia dla firm, z uwzgl\u0119dnieniem preferencyjnych warunk\u00f3w i korzystnych rozwi\u0105za\u0144 zakupowych dla e-biznesu.<\/p>\n\n\n\n<p><br>Europejski zesp\u00f3\u0142 ds. Kluczowych Klient\u00f3w firmy RAJA Group wraz z oddzia\u0142ami lokalnymi, b\u0119dzie koordynowa\u0142 wdra\u017canie tego partnerstwa, umo\u017cliwiaj\u0105c w ten spos\u00f3b grupie GE wykorzystanie potencja\u0142u mi\u0119dzynarodowej grupy i zdolno\u015b\u0107 reagowania lokalnej firmy.<\/p>\n\n\n\n<p><br><em>&#8222;Cieszymy si\u0119 z podpisania globalnego kontraktu z General Electric. W ten spos\u00f3b b\u0119dziemy mogli przyczyni\u0107 si\u0119 do rozwoju dzia\u0142alno\u015bci grupy GE, g\u0142\u00f3wnie poprzez zapewnienie rozwi\u0105za\u0144, odpowiednich do jej potrzeb w skali europejskiej&#8221;<\/em>, powiedzia\u0142a Dani\u00e8le Kapel-Marcovici, Prezes i Dyrektor Generalny Grupy RAJA.<\/p>\n\n\n\n<hr class=\"wp-block-separator\"\/>\n\n\n\n<p><strong>O Grupie RAJA<\/strong><br>Grupa RAJA to europejski lider dystrybucji materia\u0142\u00f3w opakowaniowych oraz artyku\u0142\u00f3w wyposa\u017cenia dla firm. Grupa obecna w 22 oddzia\u0142ach w 18 krajach europejskich, oferuje najwi\u0119kszy w Europie wyb\u00f3r opakowa\u0144, a tak\u017ce kompletny asortyment do transportu, magazynowania, wyposa\u017cenia warsztatu, konserwacji, higieny, ochrony osobistej, materia\u0142\u00f3w biurowych, mebli i wyposa\u017cenia sklep\u00f3w. W 2017 roku Grupa osi\u0105gn\u0119\u0142a obroty w wysoko\u015bci 561 mln Euro.<\/p>\n\n\n\n<hr class=\"wp-block-separator\"\/>\n\n\n\n<p><strong>O General Electric<\/strong><br>GE (NYSE: GE) jest najwi\u0119kszym przedsi\u0119biorstwem przemys\u0142owym, kt\u00f3re przyczynia si\u0119 do rozwoju cywilizacji, dzia\u0142aj\u0105c w obszarze takich bran\u017c, jak: energia, ochrona zdrowia i transport, stanowi\u0105cych podstawy funkcjonowania w dzisiejszym \u015bwiecie. \u0141\u0105cz\u0105c \u015bwiatowej klasy in\u017cynieri\u0119, oprogramowanie i analityk\u0119, GE pomaga \u015bwiatu pracowa\u0107 wydajniej, pewniej i bezpieczniej. Ka\u017cdy wynalazek jest efektem innowacyjnych rozwi\u0105za\u0144, znajduj\u0105cych zastosowanie we wszystkich ga\u0142\u0119ziach przemys\u0142u. Dzi\u0119ki swoim pracownikom, us\u0142ugom, nowoczesnym technologiom oraz presti\u017cowi GE osi\u0105ga \u015bwietne wyniki dla swoich klient\u00f3w, pos\u0142uguj\u0105c si\u0119 j\u0119zykiem przemys\u0142u. www.ge.com<br><\/p>\n","protected":false},"excerpt":{"rendered":"<p>Informacja PrasowaRoissy, dn., 4.12.2018 Grupa RAJA podpisa\u0142a paneuropejski kontrakt z General Electric Group, obejmuj\u0105cy wszystkie sp\u00f3\u0142ki General Electric, dzia\u0142aj\u0105ce we wszystkich 18 krajach europejskich, w kt\u00f3rych dzia\u0142a Grupa RAJA.Europejski lider [&#8230;]<\/p>\n","protected":false},"author":39,"featured_media":1078,"comment_status":"open","ping_status":"open","sticky":false,"template":"","format":"standard","meta":{"_acf_changed":false,"footnotes":""},"categories":[250],"tags":[],"class_list":["post-1076","post","type-post","status-publish","format-standard","has-post-thumbnail","hentry","category-jak-dobrac-karton"],"acf":[],"yoast_head":"\n<title>Grupa RAJA og\u0142asza podpisanie kontraktu z General Electric | Blog RAJA<\/title>\n<meta name=\"description\" content=\"Grupa RAJA podpisa\u0142a paneuropejski kontrakt z General Electric Group, obejmuj\u0105cy wszystkie sp\u00f3\u0142ki General Electric, dzia\u0142aj\u0105ce we wszystkich 18 krajach europejskich, w kt\u00f3rych dzia\u0142a Grupa RAJA.\" \/>\n<meta name=\"robots\" content=\"index, follow, max-snippet:-1, max-image-preview:large, max-video-preview:-1\" \/>\n<link rel=\"canonical\" href=\"https:\/\/www.rajapack.pl\/blog-pl\/grupa-raja-oglasza-podpisanie-paneuropejskiego-kontraktu-z-general-electric\" \/>\n<meta property=\"og:locale\" content=\"pl_PL\" \/>\n<meta property=\"og:type\" content=\"article\" \/>\n<meta property=\"og:title\" content=\"Grupa RAJA og\u0142asza podpisanie kontraktu z General Electric | Blog RAJA\" \/>\n<meta property=\"og:description\" content=\"Grupa RAJA podpisa\u0142a paneuropejski kontrakt z General Electric Group, obejmuj\u0105cy wszystkie sp\u00f3\u0142ki General Electric, dzia\u0142aj\u0105ce we wszystkich 18 krajach europejskich, w kt\u00f3rych dzia\u0142a Grupa RAJA.\" \/>\n<meta property=\"og:url\" content=\"https:\/\/www.rajapack.pl\/blog-pl\/grupa-raja-oglasza-podpisanie-paneuropejskiego-kontraktu-z-general-electric\" \/>\n<meta property=\"og:site_name\" content=\"BIZNES DOBRZE OPAKOWANY\" \/>\n<meta property=\"article:published_time\" content=\"2019-03-26T12:41:50+00:00\" \/>\n<meta property=\"article:modified_time\" content=\"2023-01-17T10:31:42+00:00\" \/>\n<meta property=\"og:image\" content=\"https:\/\/www.rajapack.pl\/blog-pl\/wp-content\/uploads\/2019\/03\/RAJA-GENERAL-ELECTRIC.jpg\" \/>\n\t<meta property=\"og:image:width\" content=\"712\" \/>\n\t<meta property=\"og:image:height\" content=\"401\" \/>\n\t<meta property=\"og:image:type\" content=\"image\/jpeg\" \/>\n<meta name=\"author\" content=\"RAJA\" \/>\n<meta name=\"twitter:card\" content=\"summary_large_image\" \/>\n<meta name=\"twitter:label1\" content=\"Napisane przez\" \/>\n\t<meta name=\"twitter:data1\" content=\"RAJA\" \/>\n\t<meta name=\"twitter:label2\" content=\"Szacowany czas czytania\" \/>\n\t<meta name=\"twitter:data2\" content=\"2 minuty\" \/>\n<script type=\"application\/ld+json\" class=\"yoast-schema-graph\">{\n\t    \"@context\": \"https:\/\/schema.org\",\n\t    \"@graph\": [\n\t        {\n\t            \"@type\": \"WebPage\",\n\t            \"@id\": \"https:\/\/www.rajapack.pl\/blog-pl\/grupa-raja-oglasza-podpisanie-paneuropejskiego-kontraktu-z-general-electric\",\n\t            \"url\": \"https:\/\/www.rajapack.pl\/blog-pl\/grupa-raja-oglasza-podpisanie-paneuropejskiego-kontraktu-z-general-electric\",\n\t            \"name\": \"Grupa RAJA og\u0142asza podpisanie kontraktu z General Electric | Blog RAJA\",\n\t            \"isPartOf\": {\n\t                \"@id\": \"https:\/\/www.rajapack.pl\/blog-pl\/#website\"\n\t            },\n\t            \"primaryImageOfPage\": {\n\t                \"@id\": \"https:\/\/www.rajapack.pl\/blog-pl\/grupa-raja-oglasza-podpisanie-paneuropejskiego-kontraktu-z-general-electric#primaryimage\"\n\t            },\n\t            \"image\": {\n\t                \"@id\": \"https:\/\/www.rajapack.pl\/blog-pl\/grupa-raja-oglasza-podpisanie-paneuropejskiego-kontraktu-z-general-electric#primaryimage\"\n\t            },\n\t            \"thumbnailUrl\": \"https:\/\/www.rajapack.pl\/blog-pl\/wp-content\/uploads\/2019\/03\/RAJA-GENERAL-ELECTRIC.jpg\",\n\t            \"datePublished\": \"2019-03-26T12:41:50+00:00\",\n\t            \"dateModified\": \"2023-01-17T10:31:42+00:00\",\n\t            \"author\": {\n\t                \"@id\": \"https:\/\/www.rajapack.pl\/blog-pl\/#\/schema\/person\/9bcea0d1de41f7096a6854720473a792\"\n\t            },\n\t            \"description\": \"Grupa RAJA podpisa\u0142a paneuropejski kontrakt z General Electric Group, obejmuj\u0105cy wszystkie sp\u00f3\u0142ki General Electric, dzia\u0142aj\u0105ce we wszystkich 18 krajach europejskich, w kt\u00f3rych dzia\u0142a Grupa RAJA.\",\n\t            \"inLanguage\": \"pl-PL\",\n\t            \"potentialAction\": [\n\t                {\n\t                    \"@type\": \"ReadAction\",\n\t                    \"target\": [\n\t                        \"https:\/\/www.rajapack.pl\/blog-pl\/grupa-raja-oglasza-podpisanie-paneuropejskiego-kontraktu-z-general-electric\"\n\t                    ]\n\t                }\n\t            ]\n\t        },\n\t        {\n\t            \"@type\": \"ImageObject\",\n\t            \"inLanguage\": \"pl-PL\",\n\t            \"@id\": \"https:\/\/www.rajapack.pl\/blog-pl\/grupa-raja-oglasza-podpisanie-paneuropejskiego-kontraktu-z-general-electric#primaryimage\",\n\t            \"url\": \"https:\/\/www.rajapack.pl\/blog-pl\/wp-content\/uploads\/2019\/03\/RAJA-GENERAL-ELECTRIC.jpg\",\n\t            \"contentUrl\": \"https:\/\/www.rajapack.pl\/blog-pl\/wp-content\/uploads\/2019\/03\/RAJA-GENERAL-ELECTRIC.jpg\",\n\t            \"width\": 712,\n\t            \"height\": 401\n\t        },\n\t        {\n\t            \"@type\": \"WebSite\",\n\t            \"@id\": \"https:\/\/www.rajapack.pl\/blog-pl\/#website\",\n\t            \"url\": \"https:\/\/www.rajapack.pl\/blog-pl\/\",\n\t            \"name\": \"BIZNES DOBRZE OPAKOWANY\",\n\t            \"description\": \"Porady ekspert\u00f3w do spraw opakowa\u0144\",\n\t            \"potentialAction\": [\n\t                {\n\t                    \"@type\": \"SearchAction\",\n\t                    \"target\": {\n\t                        \"@type\": \"EntryPoint\",\n\t                        \"urlTemplate\": \"https:\/\/www.rajapack.pl\/blog-pl\/?s={search_term_string}\"\n\t                    },\n\t                    \"query-input\": \"required name=search_term_string\"\n\t                }\n\t            ],\n\t            \"inLanguage\": \"pl-PL\"\n\t        },\n\t        {\n\t            \"@type\": \"Person\",\n\t            \"@id\": \"https:\/\/www.rajapack.pl\/blog-pl\/#\/schema\/person\/9bcea0d1de41f7096a6854720473a792\",\n\t            \"name\": \"RAJA\",\n\t            \"image\": {\n\t                \"@type\": \"ImageObject\",\n\t                \"inLanguage\": \"pl-PL\",\n\t                \"@id\": \"https:\/\/www.rajapack.pl\/blog-pl\/#\/schema\/person\/image\/\",\n\t                \"url\": \"https:\/\/secure.gravatar.com\/avatar\/afae8669568c1f323e00733847251eb5?s=96&d=mm&r=g\",\n\t                \"contentUrl\": \"https:\/\/secure.gravatar.com\/avatar\/afae8669568c1f323e00733847251eb5?s=96&d=mm&r=g\",\n\t                \"caption\": \"RAJA\"\n\t            },\n\t            \"url\": \"https:\/\/www.rajapack.pl\/blog-pl\/author\/ajoniuk\"\n\t        }\n\t    ]\n\t}<\/script>\n","yoast_head_json":{"title":"Grupa RAJA og\u0142asza podpisanie kontraktu z General Electric | Blog RAJA","description":"Grupa RAJA podpisa\u0142a paneuropejski kontrakt z General Electric Group, obejmuj\u0105cy wszystkie sp\u00f3\u0142ki General Electric, dzia\u0142aj\u0105ce we wszystkich 18 krajach europejskich, w kt\u00f3rych dzia\u0142a Grupa RAJA.","robots":{"index":"index","follow":"follow","max-snippet":"max-snippet:-1","max-image-preview":"max-image-preview:large","max-video-preview":"max-video-preview:-1"},"canonical":"https:\/\/www.rajapack.pl\/blog-pl\/grupa-raja-oglasza-podpisanie-paneuropejskiego-kontraktu-z-general-electric","og_locale":"pl_PL","og_type":"article","og_title":"Grupa RAJA og\u0142asza podpisanie kontraktu z General Electric | Blog RAJA","og_description":"Grupa RAJA podpisa\u0142a paneuropejski kontrakt z General Electric Group, obejmuj\u0105cy wszystkie sp\u00f3\u0142ki General Electric, dzia\u0142aj\u0105ce we wszystkich 18 krajach europejskich, w kt\u00f3rych dzia\u0142a Grupa RAJA.","og_url":"https:\/\/www.rajapack.pl\/blog-pl\/grupa-raja-oglasza-podpisanie-paneuropejskiego-kontraktu-z-general-electric","og_site_name":"BIZNES DOBRZE OPAKOWANY","article_published_time":"2019-03-26T12:41:50+00:00","article_modified_time":"2023-01-17T10:31:42+00:00","og_image":[{"width":712,"height":401,"url":"https:\/\/www.rajapack.pl\/blog-pl\/wp-content\/uploads\/2019\/03\/RAJA-GENERAL-ELECTRIC.jpg","type":"image\/jpeg"}],"author":"RAJA","twitter_card":"summary_large_image","twitter_misc":{"Napisane przez":"RAJA","Szacowany czas czytania":"2 minuty"},"schema":{"@context":"https:\/\/schema.org","@graph":[{"@type":"WebPage","@id":"https:\/\/www.rajapack.pl\/blog-pl\/grupa-raja-oglasza-podpisanie-paneuropejskiego-kontraktu-z-general-electric","url":"https:\/\/www.rajapack.pl\/blog-pl\/grupa-raja-oglasza-podpisanie-paneuropejskiego-kontraktu-z-general-electric","name":"Grupa RAJA og\u0142asza podpisanie kontraktu z General Electric | Blog RAJA","isPartOf":{"@id":"https:\/\/www.rajapack.pl\/blog-pl\/#website"},"primaryImageOfPage":{"@id":"https:\/\/www.rajapack.pl\/blog-pl\/grupa-raja-oglasza-podpisanie-paneuropejskiego-kontraktu-z-general-electric#primaryimage"},"image":{"@id":"https:\/\/www.rajapack.pl\/blog-pl\/grupa-raja-oglasza-podpisanie-paneuropejskiego-kontraktu-z-general-electric#primaryimage"},"thumbnailUrl":"https:\/\/www.rajapack.pl\/blog-pl\/wp-content\/uploads\/2019\/03\/RAJA-GENERAL-ELECTRIC.jpg","datePublished":"2019-03-26T12:41:50+00:00","dateModified":"2023-01-17T10:31:42+00:00","author":{"@id":"https:\/\/www.rajapack.pl\/blog-pl\/#\/schema\/person\/9bcea0d1de41f7096a6854720473a792"},"description":"Grupa RAJA podpisa\u0142a paneuropejski kontrakt z General Electric Group, obejmuj\u0105cy wszystkie sp\u00f3\u0142ki General Electric, dzia\u0142aj\u0105ce we wszystkich 18 krajach europejskich, w kt\u00f3rych dzia\u0142a Grupa RAJA.","inLanguage":"pl-PL","potentialAction":[{"@type":"ReadAction","target":["https:\/\/www.rajapack.pl\/blog-pl\/grupa-raja-oglasza-podpisanie-paneuropejskiego-kontraktu-z-general-electric"]}]},{"@type":"ImageObject","inLanguage":"pl-PL","@id":"https:\/\/www.rajapack.pl\/blog-pl\/grupa-raja-oglasza-podpisanie-paneuropejskiego-kontraktu-z-general-electric#primaryimage","url":"https:\/\/www.rajapack.pl\/blog-pl\/wp-content\/uploads\/2019\/03\/RAJA-GENERAL-ELECTRIC.jpg","contentUrl":"https:\/\/www.rajapack.pl\/blog-pl\/wp-content\/uploads\/2019\/03\/RAJA-GENERAL-ELECTRIC.jpg","width":712,"height":401},{"@type":"WebSite","@id":"https:\/\/www.rajapack.pl\/blog-pl\/#website","url":"https:\/\/www.rajapack.pl\/blog-pl\/","name":"BIZNES DOBRZE OPAKOWANY","description":"Porady ekspert\u00f3w do spraw opakowa\u0144","potentialAction":[{"@type":"SearchAction","target":{"@type":"EntryPoint","urlTemplate":"https:\/\/www.rajapack.pl\/blog-pl\/?s={search_term_string}"},"query-input":"required name=search_term_string"}],"inLanguage":"pl-PL"},{"@type":"Person","@id":"https:\/\/www.rajapack.pl\/blog-pl\/#\/schema\/person\/9bcea0d1de41f7096a6854720473a792","name":"RAJA","image":{"@type":"ImageObject","inLanguage":"pl-PL","@id":"https:\/\/www.rajapack.pl\/blog-pl\/#\/schema\/person\/image\/","url":"https:\/\/secure.gravatar.com\/avatar\/afae8669568c1f323e00733847251eb5?s=96&d=mm&r=g","contentUrl":"https:\/\/secure.gravatar.com\/avatar\/afae8669568c1f323e00733847251eb5?s=96&d=mm&r=g","caption":"RAJA"},"url":"https:\/\/www.rajapack.pl\/blog-pl\/author\/ajoniuk"}]}},"_links":{"self":[{"href":"https:\/\/www.rajapack.pl\/blog-pl\/wp-json\/wp\/v2\/posts\/1076"}],"collection":[{"href":"https:\/\/www.rajapack.pl\/blog-pl\/wp-json\/wp\/v2\/posts"}],"about":[{"href":"https:\/\/www.rajapack.pl\/blog-pl\/wp-json\/wp\/v2\/types\/post"}],"author":[{"embeddable":true,"href":"https:\/\/www.rajapack.pl\/blog-pl\/wp-json\/wp\/v2\/users\/39"}],"replies":[{"embeddable":true,"href":"https:\/\/www.rajapack.pl\/blog-pl\/wp-json\/wp\/v2\/comments?post=1076"}],"version-history":[{"count":0,"href":"https:\/\/www.rajapack.pl\/blog-pl\/wp-json\/wp\/v2\/posts\/1076\/revisions"}],"wp:featuredmedia":[{"embeddable":true,"href":"https:\/\/www.rajapack.pl\/blog-pl\/wp-json\/wp\/v2\/media\/1078"}],"wp:attachment":[{"href":"https:\/\/www.rajapack.pl\/blog-pl\/wp-json\/wp\/v2\/media?parent=1076"}],"wp:term":[{"taxonomy":"category","embeddable":true,"href":"https:\/\/www.rajapack.pl\/blog-pl\/wp-json\/wp\/v2\/categories?post=1076"},{"taxonomy":"post_tag","embeddable":true,"href":"https:\/\/www.rajapack.pl\/blog-pl\/wp-json\/wp\/v2\/tags?post=1076"}],"curies":[{"name":"wp","href":"https:\/\/api.w.org\/{rel}","templated":true}]}}